{"id":15029,"date":"2021-03-08T23:52:19","date_gmt":"2021-03-08T23:52:19","guid":{"rendered":"https:\/\/visionciudadana.com.mx\/prueba\/2021\/03\/08\/las-mujeres-son-pilar-de-la-transformacion-en-sinaloa-rocha-moya\/"},"modified":"2025-06-25T00:32:16","modified_gmt":"2025-06-25T00:32:16","slug":"las-mujeres-son-pilar-de-la-transformacion-en-sinaloa-rocha-moya","status":"publish","type":"post","link":"https:\/\/visionciudadana.com.mx\/oficial\/2021\/03\/08\/las-mujeres-son-pilar-de-la-transformacion-en-sinaloa-rocha-moya\/","title":{"rendered":"Las mujeres son pilar de la transformaci\u00f3n en Sinaloa: Rocha Moya"},"content":{"rendered":"<p>&nbsp;<\/p>\n<div>&nbsp;<img fetchpriority=\"high\" decoding=\"async\" src=\"images\/Marzos21\/rocha_moy.PNG\" alt=\"rocha moy\" width=\"405\" height=\"221\" style=\"display: block; margin-left: auto; margin-right: auto;\" \/><\/div>\n<div style=\"text-align: justify;\"><span style=\"font-size: 14pt; font-family: arial, helvetica, sans-serif;\">Las mujeres son un pilar fundamental del movimiento para radicar plenamente la Cuarta Transformaci\u00f3n en Sinaloa, reconoci\u00f3 el senador con licencia Rub\u00e9n Rocha Moya en la conmemoraci\u00f3n del D\u00eda Internacional de la Mujer.<\/span><\/div>\n<div style=\"text-align: justify;\">&nbsp;<\/div>\n<div style=\"text-align: justify;\"><span style=\"font-size: 14pt; font-family: arial, helvetica, sans-serif;\"><\/span><\/div>\n<div style=\"text-align: justify;\"><span style=\"font-size: 14pt; font-family: arial, helvetica, sans-serif;\">\u201cLo que importa es luchar por los derechos, la emancipaci\u00f3n\u2026 m\u00e1s all\u00e1 de los esfuerzos que estamos haciendo ahora, la inequidad sigue siendo parte de la discriminaci\u00f3n, por eso es muy importante que algunas mujeres se apunten para que caminemos en esa reivindicaci\u00f3n de la mujer\u201d, puntualiz\u00f3.<\/span><\/div>\n<div style=\"text-align: justify;\">&nbsp;<\/div>\n<div style=\"text-align: justify;\"><span style=\"font-size: 14pt; font-family: arial, helvetica, sans-serif;\"><\/span><\/div>\n<div style=\"text-align: justify;\"><span style=\"font-size: 14pt; font-family: arial, helvetica, sans-serif;\">El Dr. Rocha Moya puso como ejemplo que persiste un rezago muy importante en materia de la reivindicaci\u00f3n del trabajo dom\u00e9stico, 72 por ciento del cual lo siguen haciendo las mujeres y la mayor parte no tiene una justa retribuci\u00f3n salarial.<\/span><\/div>\n<div style=\"text-align: justify;\">&nbsp;<\/div>\n<div style=\"text-align: justify;\"><span style=\"font-size: 14pt; font-family: arial, helvetica, sans-serif;\"><\/span><\/div>\n<div style=\"text-align: justify;\"><span style=\"font-size: 14pt; font-family: arial, helvetica, sans-serif;\">El legislador con licencia sostuvo un encuentro con 30 mujeres activistas de Morena de los 18 municipios y representantes de los diversos sectores, en la sede estatal del partido, donde se guardaron los protocolos de prevenci\u00f3n por la pandemia del Covid-19.<\/span><\/div>\n<div style=\"text-align: justify;\">&nbsp;<\/div>\n<div style=\"text-align: justify;\"><span style=\"font-size: 14pt; font-family: arial, helvetica, sans-serif;\"><\/span><\/div>\n<div style=\"text-align: justify;\"><span style=\"font-size: 14pt; font-family: arial, helvetica, sans-serif;\">En su participaci\u00f3n, la diputada Francisca Abell\u00f3 Jord\u00e1, presidenta de la Comisi\u00f3n de G\u00e9nero y Familia del Congreso del Estado enfatiz\u00f3: \u201cLos derechos no se reclaman, se tienen, los derechos humanos como mujeres los tenemos, y no se imploran, ya los tenemos, pero tenemos que dar un golpe en la mesa \u00bfPor qu\u00e9? Porque en un trabajo a alguna mujer la pagan menos que a un hombre\u2026 Tenemos que dar un golpe en la mesa, pero no romper la mesa\u201d.<\/span><\/div>\n<div style=\"text-align: justify;\">&nbsp;<\/div>\n<div style=\"text-align: justify;\"><span style=\"font-size: 14pt; font-family: arial, helvetica, sans-serif;\"><\/span><\/div>\n<div style=\"text-align: justify;\"><span style=\"font-size: 14pt; font-family: arial, helvetica, sans-serif;\">A su vez, la diputada local con licencia Graciela Dom\u00ednguez Nava advirti\u00f3 que hay intereses y grupos de derecha que utilizan el movimiento de la mujer en el mundo y M\u00e9xico.<\/span><\/div>\n<div style=\"text-align: justify;\">&nbsp;<\/div>\n<div style=\"text-align: justify;\"><span style=\"font-size: 14pt; font-family: arial, helvetica, sans-serif;\"><\/span><\/div>\n<div style=\"text-align: justify;\"><span style=\"font-size: 14pt; font-family: arial, helvetica, sans-serif;\">\u201cIntentan dar un golpe hacia la pol\u00edtica de bienestar y de transformaci\u00f3n que est\u00e1 encabezando el presidente de la rep\u00fablica, nosotras debemos de convertirnos en soldadas de la conciencia y rescatar el significado, el simbolismo, que ha representado la lucha de las mujeres\u201d, se\u00f1al\u00f3.<\/span><\/div>\n<div style=\"text-align: justify;\">&nbsp;<\/div>\n<div style=\"text-align: justify;\"><span style=\"font-size: 14pt; font-family: arial, helvetica, sans-serif;\"><\/span><\/div>\n<div style=\"text-align: justify;\"><span style=\"font-size: 14pt; font-family: arial, helvetica, sans-serif;\">La presidenta municipal de Guasave, Aurelia Leal L\u00f3pez manifest\u00f3 que ella es parte de la lucha de las feministas que est\u00e1n exigiendo respeto a sus derechos, no m\u00e1s violencia y dignidad, pero sobre todo luchan por fortalecer el movimiento del 8M y no permitir que lo perviertan los grupos y partidos neoliberales.<\/span><\/div>\n<div style=\"text-align: justify;\"><span style=\"font-size: 14pt; font-family: arial, helvetica, sans-serif;\"><\/span><\/div>\n<div style=\"text-align: justify;\">&nbsp;<\/div>\n<div style=\"text-align: justify;\"><span style=\"font-size: 14pt; font-family: arial, helvetica, sans-serif;\">Eneida Rocha Ruiz, hija del senador con licencia, exhort\u00f3 a las presentes:<\/span><\/div>\n<div style=\"text-align: justify;\"><span style=\"font-size: 14pt; font-family: arial, helvetica, sans-serif;\"><\/span><\/div>\n<div style=\"text-align: justify;\"><span style=\"font-size: 14pt; font-family: arial, helvetica, sans-serif;\">\u201cAvancemos juntas, vamos a llevar a Sinaloa a la 4T, seamos las madres, las esposas, las compa\u00f1eras, las maestras, las abogadas que salgamos adelante, que saquemos adelante a nuestras familias\u201d.<\/span><\/div>\n<div style=\"text-align: justify;\">&nbsp;<\/div>\n<div style=\"text-align: justify;\"><span style=\"font-size: 14pt; font-family: arial, helvetica, sans-serif;\"><\/span><\/div>\n<div style=\"text-align: justify;\"><span style=\"font-size: 14pt; font-family: arial, helvetica, sans-serif;\">En el encuentro participaron activistas de Morena y mujeres representantes de los sectores social, educativo, salud, empresarial y profesionanistas, como la abogada Tere Guerra y la s\u00edndica procuradora del Ayuntamiento de Culiac\u00e1n, Sandra Martos Lara.<\/span><\/div>\n<div style=\"text-align: justify;\">&nbsp;<\/div>\n<div style=\"text-align: justify;\"><span style=\"font-size: 14pt; font-family: arial, helvetica, sans-serif;\"><\/span><\/div>\n<div style=\"text-align: justify;\"><span style=\"font-size: 14pt; font-family: arial, helvetica, sans-serif;\">Inmediatamente despu\u00e9s de esta reuni\u00f3n, Rub\u00e9n Rocha Moya particip\u00f3 v\u00eda Zoom en un encuentro con mujeres integrantes del Partido Sinaloense (PAS), encabezado por su presidente estatal H\u00e9ctor Melesio Cu\u00e9n Ojeda y la diputada Ang\u00e9lica D\u00edaz de Cu\u00e9n.<\/span><\/div>\n<div style=\"text-align: justify;\">&nbsp;<\/div>\n<div style=\"text-align: justify;\">&nbsp;<\/div>\n<div style=\"text-align: justify;\"><span style=\"font-size: 14pt; font-family: arial, helvetica, sans-serif;\">REDACCI\u00d3N\/VISI\u00d3N CIUDADANA.<\/span><\/div>\n","protected":false},"excerpt":{"rendered":"<p>&nbsp; &nbsp; Las mujeres son un pilar fundamental del movimiento para radicar plenamente la Cuarta Transformaci\u00f3n en Sinaloa, reconoci\u00f3 el senador con licencia Rub\u00e9n Rocha Moya en la conmemoraci\u00f3n del D\u00eda Internacional de la Mujer. &nbsp; \u201cLo que importa es luchar por los derechos, la emancipaci\u00f3n\u2026 m\u00e1s all\u00e1 de los esfuerzos que estamos haciendo ahora, [&hellip;]<\/p>\n","protected":false},"author":1,"featured_media":6917,"comment_status":"closed","ping_status":"closed","sticky":false,"template":"","format":"standard","meta":{"footnotes":""},"categories":[24],"tags":[],"ppma_author":[31],"class_list":["post-15029","post","type-post","status-publish","format-standard","has-post-thumbnail","hentry","category-relevantes"],"aioseo_notices":[],"authors":[{"term_id":31,"user_id":1,"is_guest":0,"slug":"ivan3vino","display_name":"Iv\u00e1n Trevi\u00f1o","avatar_url":{"url":"https:\/\/visionciudadana.com.mx\/oficial\/wp-content\/uploads\/2025\/09\/columna-ivan-Trevino.png","url2x":"https:\/\/visionciudadana.com.mx\/oficial\/wp-content\/uploads\/2025\/09\/columna-ivan-Trevino.png"},"0":null,"1":"","2":"","3":"","4":"","5":"","6":"","7":"","8":""}],"_links":{"self":[{"href":"https:\/\/visionciudadana.com.mx\/oficial\/wp-json\/wp\/v2\/posts\/15029","targetHints":{"allow":["GET"]}}],"collection":[{"href":"https:\/\/visionciudadana.com.mx\/oficial\/wp-json\/wp\/v2\/posts"}],"about":[{"href":"https:\/\/visionciudadana.com.mx\/oficial\/wp-json\/wp\/v2\/types\/post"}],"author":[{"embeddable":true,"href":"https:\/\/visionciudadana.com.mx\/oficial\/wp-json\/wp\/v2\/users\/1"}],"replies":[{"embeddable":true,"href":"https:\/\/visionciudadana.com.mx\/oficial\/wp-json\/wp\/v2\/comments?post=15029"}],"version-history":[{"count":1,"href":"https:\/\/visionciudadana.com.mx\/oficial\/wp-json\/wp\/v2\/posts\/15029\/revisions"}],"predecessor-version":[{"id":31339,"href":"https:\/\/visionciudadana.com.mx\/oficial\/wp-json\/wp\/v2\/posts\/15029\/revisions\/31339"}],"wp:featuredmedia":[{"embeddable":true,"href":"https:\/\/visionciudadana.com.mx\/oficial\/wp-json\/wp\/v2\/posts\/6917"}],"wp:attachment":[{"href":"https:\/\/visionciudadana.com.mx\/oficial\/wp-json\/wp\/v2\/media?parent=15029"}],"wp:term":[{"taxonomy":"category","embeddable":true,"href":"https:\/\/visionciudadana.com.mx\/oficial\/wp-json\/wp\/v2\/categories?post=15029"},{"taxonomy":"post_tag","embeddable":true,"href":"https:\/\/visionciudadana.com.mx\/oficial\/wp-json\/wp\/v2\/tags?post=15029"},{"taxonomy":"author","embeddable":true,"href":"https:\/\/visionciudadana.com.mx\/oficial\/wp-json\/wp\/v2\/ppma_author?post=15029"}],"curies":[{"name":"wp","href":"https:\/\/api.w.org\/{rel}","templated":true}]}}