{"id":15028,"date":"2021-03-08T23:44:55","date_gmt":"2021-03-08T23:44:55","guid":{"rendered":"https:\/\/visionciudadana.com.mx\/prueba\/2021\/03\/08\/con-sororidad-logramos-un-espacio-que-diera-voz-y-defensa-a-todas-las-mujeres\/"},"modified":"2025-06-25T00:32:17","modified_gmt":"2025-06-25T00:32:17","slug":"con-sororidad-logramos-un-espacio-que-diera-voz-y-defensa-a-todas-las-mujeres","status":"publish","type":"post","link":"https:\/\/visionciudadana.com.mx\/oficial\/2021\/03\/08\/con-sororidad-logramos-un-espacio-que-diera-voz-y-defensa-a-todas-las-mujeres\/","title":{"rendered":"Con sororidad logramos un espacio que diera voz y defensa a todas las mujeres"},"content":{"rendered":"<div>&nbsp;<\/div>\n<div style=\"text-align: justify;\"><img fetchpriority=\"high\" decoding=\"async\" src=\"images\/Marzos21\/laura_gon.PNG\" alt=\"laura gon\" width=\"387\" height=\"205\" style=\"display: block; margin-left: auto; margin-right: auto;\" \/><\/div>\n<div style=\"text-align: justify;\">&nbsp;<\/div>\n<div style=\"text-align: justify;\"><span style=\"font-size: 14pt; font-family: arial, helvetica, sans-serif;\">Con un recorrido por el a\u00f1o 2000 (Dos mil), cuando naciera el Instituto Sinaloense de las Mujeres tras una lucha ininterrumpida de un grupo de mujeres que dejaron de lado sus ideolog\u00edas pol\u00edticas y se coordinaron para que, en sororidad, se buscara la defensa de los derechos humanos de todas las sinaloenses, se desarroll\u00f3 esta ma\u00f1ana el \u201cConversatorio 21 A\u00f1os del ISMujeres, Pl\u00e1tica con Fundadoras\u201d.<\/span><\/div>\n<div style=\"text-align: justify;\">&nbsp;<\/div>\n<div style=\"text-align: justify;\">&nbsp;<\/div>\n<div style=\"text-align: justify;\"><span style=\"font-size: 14pt; font-family: arial, helvetica, sans-serif;\">De manera virtual, Martina Beltr\u00e1n, Mal\u00fa Reyes, Dolores Longoria, Beatriz Rodr\u00edguez, Guadalupe Hern\u00e1ndez y Alba Portillo, acompa\u00f1aron a la tambi\u00e9n fundadora, Laura del Carmen Gonz\u00e1lez Bon, hoy Directora del ISMujeres, a recapitular lo complejo de aquellos a\u00f1os 2000 en los que era solamente una aspiraci\u00f3n conformar un Instituto que diera voz y fuera defensa a las mujeres y ni\u00f1as en el estado.<\/span><\/div>\n<div style=\"text-align: justify;\">&nbsp;<\/div>\n<div style=\"text-align: justify;\">&nbsp;<\/div>\n<div style=\"text-align: justify;\"><span style=\"font-size: 14pt; font-family: arial, helvetica, sans-serif;\">Tras un minuto de silencio por Yudit del Rinc\u00f3n y Magaly Reyes, tambi\u00e9n fundadoras del organismo de mujeres en la entidad, y en memoria de todas las mujeres y ni\u00f1as v\u00edctimas de violencia en Sinaloa, las fundadoras recalcaron el reconocimiento a las integrantes de la Coordinadora de Mujeres Sinaloenses, un grupo que luch\u00f3 codo a codo.<\/span><\/div>\n<div style=\"text-align: justify;\">&nbsp;<\/div>\n<div style=\"text-align: justify;\">&nbsp;<\/div>\n<div style=\"text-align: justify;\"><span style=\"font-size: 14pt; font-family: arial, helvetica, sans-serif;\">Recordaron su primera reuni\u00f3n a partir de un decreto que se emiti\u00f3 el 8 de octubre del 1999, y aquel espacio una tarde de acaloradas discusiones para armar un plan de acci\u00f3n que tuvo como resultado el Foro de Consulta Sinaloa en Voz de sus Mujeres.<\/span><\/div>\n<div style=\"text-align: justify;\">&nbsp;<\/div>\n<div style=\"text-align: justify;\">&nbsp;<\/div>\n<div style=\"text-align: justify;\"><span style=\"font-size: 14pt; font-family: arial, helvetica, sans-serif;\">En el marco del conversatorio, una a una reflexion\u00f3 acerca de lo que buscaban desde un inicio, \u201clo que quer\u00edamos desde un inicio, eran pol\u00edticas p\u00fablicas afirmativas para todas las sinaloenses\u201d, refirieron.<\/span><\/div>\n<div style=\"text-align: justify;\">&nbsp;<\/div>\n<div style=\"text-align: justify;\">&nbsp;<\/div>\n<div style=\"text-align: justify;\"><span style=\"font-size: 14pt; font-family: arial, helvetica, sans-serif;\">Finalmente, comprometieron que a m\u00e1s de dos d\u00e9cadas cada una sigue firme en la lucha incesante por la b\u00fasqueda de la igualdad, por lo que se plante\u00f3 organizar en este mes un nuevo Foro Sinaloa en Voz de sus Mujeres, con la intenci\u00f3n de recibir propuestas de parte de colectivas y organizaciones de la sociedad civil para la mejora del organismo de mujeres en la entidad.<\/span><\/div>\n<div style=\"text-align: justify;\">&nbsp;<\/div>\n<div style=\"text-align: justify;\">&nbsp;<\/div>\n<div style=\"text-align: justify;\">&nbsp;<\/div>\n<div style=\"text-align: justify;\"><span style=\"font-size: 14pt; font-family: arial, helvetica, sans-serif;\">REDACCI\u00d3N\/VISI\u00d3N CIUDADANA.<\/span><\/div>\n","protected":false},"excerpt":{"rendered":"<p>&nbsp; &nbsp; Con un recorrido por el a\u00f1o 2000 (Dos mil), cuando naciera el Instituto Sinaloense de las Mujeres tras una lucha ininterrumpida de un grupo de mujeres que dejaron de lado sus ideolog\u00edas pol\u00edticas y se coordinaron para que, en sororidad, se buscara la defensa de los derechos humanos de todas las sinaloenses, se [&hellip;]<\/p>\n","protected":false},"author":1,"featured_media":6915,"comment_status":"closed","ping_status":"closed","sticky":false,"template":"","format":"standard","meta":{"footnotes":""},"categories":[24],"tags":[],"ppma_author":[31],"class_list":["post-15028","post","type-post","status-publish","format-standard","has-post-thumbnail","hentry","category-relevantes"],"aioseo_notices":[],"authors":[{"term_id":31,"user_id":1,"is_guest":0,"slug":"ivan3vino","display_name":"Iv\u00e1n Trevi\u00f1o","avatar_url":{"url":"https:\/\/visionciudadana.com.mx\/oficial\/wp-content\/uploads\/2025\/09\/columna-ivan-Trevino.png","url2x":"https:\/\/visionciudadana.com.mx\/oficial\/wp-content\/uploads\/2025\/09\/columna-ivan-Trevino.png"},"0":null,"1":"","2":"","3":"","4":"","5":"","6":"","7":"","8":""}],"_links":{"self":[{"href":"https:\/\/visionciudadana.com.mx\/oficial\/wp-json\/wp\/v2\/posts\/15028","targetHints":{"allow":["GET"]}}],"collection":[{"href":"https:\/\/visionciudadana.com.mx\/oficial\/wp-json\/wp\/v2\/posts"}],"about":[{"href":"https:\/\/visionciudadana.com.mx\/oficial\/wp-json\/wp\/v2\/types\/post"}],"author":[{"embeddable":true,"href":"https:\/\/visionciudadana.com.mx\/oficial\/wp-json\/wp\/v2\/users\/1"}],"replies":[{"embeddable":true,"href":"https:\/\/visionciudadana.com.mx\/oficial\/wp-json\/wp\/v2\/comments?post=15028"}],"version-history":[{"count":1,"href":"https:\/\/visionciudadana.com.mx\/oficial\/wp-json\/wp\/v2\/posts\/15028\/revisions"}],"predecessor-version":[{"id":31340,"href":"https:\/\/visionciudadana.com.mx\/oficial\/wp-json\/wp\/v2\/posts\/15028\/revisions\/31340"}],"wp:featuredmedia":[{"embeddable":true,"href":"https:\/\/visionciudadana.com.mx\/oficial\/wp-json\/wp\/v2\/posts\/6915"}],"wp:attachment":[{"href":"https:\/\/visionciudadana.com.mx\/oficial\/wp-json\/wp\/v2\/media?parent=15028"}],"wp:term":[{"taxonomy":"category","embeddable":true,"href":"https:\/\/visionciudadana.com.mx\/oficial\/wp-json\/wp\/v2\/categories?post=15028"},{"taxonomy":"post_tag","embeddable":true,"href":"https:\/\/visionciudadana.com.mx\/oficial\/wp-json\/wp\/v2\/tags?post=15028"},{"taxonomy":"author","embeddable":true,"href":"https:\/\/visionciudadana.com.mx\/oficial\/wp-json\/wp\/v2\/ppma_author?post=15028"}],"curies":[{"name":"wp","href":"https:\/\/api.w.org\/{rel}","templated":true}]}}