{"id":15026,"date":"2021-03-08T23:20:50","date_gmt":"2021-03-08T23:20:50","guid":{"rendered":"https:\/\/visionciudadana.com.mx\/prueba\/2021\/03\/08\/las-mujeres-debemos-de-vivir-en-mejores-condiciones-de-oportunidades-paola-garate\/"},"modified":"2025-06-25T00:32:17","modified_gmt":"2025-06-25T00:32:17","slug":"las-mujeres-debemos-de-vivir-en-mejores-condiciones-de-oportunidades-paola-garate","status":"publish","type":"post","link":"https:\/\/visionciudadana.com.mx\/oficial\/2021\/03\/08\/las-mujeres-debemos-de-vivir-en-mejores-condiciones-de-oportunidades-paola-garate\/","title":{"rendered":"Las mujeres debemos de vivir en mejores condiciones de oportunidades: Paola G\u00e1rate"},"content":{"rendered":"<p style=\"text-align: justify;\">&nbsp;<\/p>\n<p style=\"text-align: justify;\"><img fetchpriority=\"high\" decoding=\"async\" src=\"images\/Marzos21\/paos_garate.PNG\" alt=\"paos garate\" width=\"360\" height=\"215\" style=\"display: block; margin-left: auto; margin-right: auto;\" \/><\/p>\n<p class=\"x_MsoNormal\" style=\"text-align: justify;\"><span lang=\"ES-MX\" style=\"font-size: 14pt; font-family: arial, helvetica, sans-serif;\"> En el marco del \u201cD\u00eda Internacional de la Mujer\u201d que se conmemora este lunes 8 de marzo, Paola G\u00e1rate se\u00f1al\u00f3 que el confinamiento a causa del COVID19 debe servir para hacer conciencia sobre los cambios estructurales que deben efectuarse en la sociedad para construir un pa\u00eds con igualdad y respeto.<\/span><\/p>\n<p class=\"x_MsoNormal\" style=\"text-align: justify;\"><span lang=\"ES-MX\" style=\"font-size: 14pt; font-family: arial, helvetica, sans-serif;\"><\/span><\/p>\n<p class=\"x_MsoNormal\" style=\"text-align: justify;\"><span lang=\"ES-MX\" style=\"font-size: 14pt; font-family: arial, helvetica, sans-serif;\">\u201cTenemos que mejorar radicalmente la vida de las mujeres, ya no es aceptable vivir en un pa\u00eds sin igualdad. Quienes participamos en pol\u00edtica debemos de tener muy claro que ese es el gran pendiente en la agenda\u201d a\u00f1adi\u00f3 G\u00e1rate Valenzuela.<\/span><\/p>\n<p class=\"x_MsoNormal\" style=\"text-align: justify;\"><span lang=\"ES-MX\" style=\"font-size: 14pt; font-family: arial, helvetica, sans-serif;\"><\/span><\/p>\n<p class=\"x_MsoNormal\" style=\"text-align: justify;\"><span lang=\"ES-MX\" style=\"font-size: 14pt; font-family: arial, helvetica, sans-serif;\">Seg\u00fan cifras de la Encuesta Nacional de Ocupaci\u00f3n y Empleo que elabora el INEGI, 4 de cada 10 personas que buscan empleo son mujeres en M\u00e9xico, sin embargo, vale la pena mencionar que somos un pa\u00eds habitado por m\u00e1s mujeres que hombres.<\/span><\/p>\n<p class=\"x_MsoNormal\" style=\"text-align: justify;\"><span lang=\"ES-MX\" style=\"font-size: 14pt; font-family: arial, helvetica, sans-serif;\"><\/span><\/p>\n<p class=\"x_MsoNormal\" style=\"text-align: justify;\"><span lang=\"ES-MX\" style=\"font-size: 14pt; font-family: arial, helvetica, sans-serif;\">\u201cLas mujeres debemos vivir en mejores condiciones, la situaci\u00f3n debe mejorar para aquellas que quieren recuperar el empleo que ten\u00edan antes de la pandemia, para aquellas que quieren dejar de vivir con violencia dentro o fuera de sus casas\u2026 es un tema que nos compete a todas y todos\u201d finaliz\u00f3.<\/span><\/p>\n<p class=\"x_MsoNormal\" style=\"text-align: justify;\"><span lang=\"ES-MX\" style=\"font-size: 14pt; font-family: arial, helvetica, sans-serif;\"><\/span><\/p>\n<p style=\"text-align: justify;\">&nbsp;<\/p>\n<p style=\"text-align: justify;\"><span style=\"font-size: 14pt; font-family: arial, helvetica, sans-serif;\">REDACCI\u00d3N\/VISI\u00d3N CIUDADANA.<\/span><\/p>\n","protected":false},"excerpt":{"rendered":"<p>&nbsp; En el marco del \u201cD\u00eda Internacional de la Mujer\u201d que se conmemora este lunes 8 de marzo, Paola G\u00e1rate se\u00f1al\u00f3 que el confinamiento a causa del COVID19 debe servir para hacer conciencia sobre los cambios estructurales que deben efectuarse en la sociedad para construir un pa\u00eds con igualdad y respeto. \u201cTenemos que mejorar radicalmente [&hellip;]<\/p>\n","protected":false},"author":1,"featured_media":6911,"comment_status":"closed","ping_status":"closed","sticky":false,"template":"","format":"standard","meta":{"footnotes":""},"categories":[24],"tags":[],"ppma_author":[31],"class_list":["post-15026","post","type-post","status-publish","format-standard","has-post-thumbnail","hentry","category-relevantes"],"aioseo_notices":[],"authors":[{"term_id":31,"user_id":1,"is_guest":0,"slug":"ivan3vino","display_name":"Iv\u00e1n Trevi\u00f1o","avatar_url":{"url":"https:\/\/visionciudadana.com.mx\/oficial\/wp-content\/uploads\/2025\/09\/columna-ivan-Trevino.png","url2x":"https:\/\/visionciudadana.com.mx\/oficial\/wp-content\/uploads\/2025\/09\/columna-ivan-Trevino.png"},"0":null,"1":"","2":"","3":"","4":"","5":"","6":"","7":"","8":""}],"_links":{"self":[{"href":"https:\/\/visionciudadana.com.mx\/oficial\/wp-json\/wp\/v2\/posts\/15026","targetHints":{"allow":["GET"]}}],"collection":[{"href":"https:\/\/visionciudadana.com.mx\/oficial\/wp-json\/wp\/v2\/posts"}],"about":[{"href":"https:\/\/visionciudadana.com.mx\/oficial\/wp-json\/wp\/v2\/types\/post"}],"author":[{"embeddable":true,"href":"https:\/\/visionciudadana.com.mx\/oficial\/wp-json\/wp\/v2\/users\/1"}],"replies":[{"embeddable":true,"href":"https:\/\/visionciudadana.com.mx\/oficial\/wp-json\/wp\/v2\/comments?post=15026"}],"version-history":[{"count":1,"href":"https:\/\/visionciudadana.com.mx\/oficial\/wp-json\/wp\/v2\/posts\/15026\/revisions"}],"predecessor-version":[{"id":31342,"href":"https:\/\/visionciudadana.com.mx\/oficial\/wp-json\/wp\/v2\/posts\/15026\/revisions\/31342"}],"wp:featuredmedia":[{"embeddable":true,"href":"https:\/\/visionciudadana.com.mx\/oficial\/wp-json\/wp\/v2\/posts\/6911"}],"wp:attachment":[{"href":"https:\/\/visionciudadana.com.mx\/oficial\/wp-json\/wp\/v2\/media?parent=15026"}],"wp:term":[{"taxonomy":"category","embeddable":true,"href":"https:\/\/visionciudadana.com.mx\/oficial\/wp-json\/wp\/v2\/categories?post=15026"},{"taxonomy":"post_tag","embeddable":true,"href":"https:\/\/visionciudadana.com.mx\/oficial\/wp-json\/wp\/v2\/tags?post=15026"},{"taxonomy":"author","embeddable":true,"href":"https:\/\/visionciudadana.com.mx\/oficial\/wp-json\/wp\/v2\/ppma_author?post=15026"}],"curies":[{"name":"wp","href":"https:\/\/api.w.org\/{rel}","templated":true}]}}