{"id":15025,"date":"2021-03-08T23:15:40","date_gmt":"2021-03-08T23:15:40","guid":{"rendered":"https:\/\/visionciudadana.com.mx\/prueba\/2021\/03\/08\/lanzan-convocatoria-e-invitan-a-participar-en-el-concurso-tiktoker-sendero\/"},"modified":"2025-06-25T00:32:17","modified_gmt":"2025-06-25T00:32:17","slug":"lanzan-convocatoria-e-invitan-a-participar-en-el-concurso-tiktoker-sendero","status":"publish","type":"post","link":"https:\/\/visionciudadana.com.mx\/oficial\/2021\/03\/08\/lanzan-convocatoria-e-invitan-a-participar-en-el-concurso-tiktoker-sendero\/","title":{"rendered":"Lanzan convocatoria e invitan a participar en el concurso \u00abTiktoker sendero\u00bb"},"content":{"rendered":"<p><img fetchpriority=\"high\" decoding=\"async\" src=\"images\/Marzos21\/tiktoker.PNG\" alt=\"tiktoker\" width=\"352\" height=\"212\" style=\"display: block; margin-left: auto; margin-right: auto;\" \/><\/p>\n<p class=\"x_MsoNormal\" style=\"text-align: justify;\" align=\"center\"><span lang=\"EN-US\"><span style=\"font-size: 14pt; font-family: arial, helvetica, sans-serif;\">En la b\u00fasqueda del talento Sinaloense en la plataforma TikTok,&nbsp; el Instituto&nbsp;<\/span><\/span><span lang=\"EN-US\" style=\"font-size: 14pt; font-family: arial, helvetica, sans-serif;\">Sinaloense de la Juventud en conjunto con Plaza Sendero lanzaron convocatoria e invitaron a participar en el concurso \u00abTikToker Sendero\u00bb.&nbsp;<\/span><\/p>\n<p class=\"x_MsoNormal\" style=\"text-align: justify;\" align=\"left\"><span lang=\"EN-US\" style=\"font-size: 14pt; font-family: arial, helvetica, sans-serif;\"><\/span><\/p>\n<p class=\"x_MsoNormal\" style=\"text-align: justify;\"><span lang=\"EN-US\" style=\"font-size: 14pt; font-family: arial, helvetica, sans-serif;\">En punto de las 11:00 horas se llev\u00f3 a cabo el corte de list\u00f3n de la Social Box Sendero,&nbsp; una cabina donde los j\u00f3venes podr\u00e1n grabar sus videos de TikTok de canto, baile, lipsync, moda, comedia, etc.<\/span><\/p>\n<p class=\"x_MsoNormal\" style=\"text-align: justify;\" align=\"left\"><span lang=\"EN-US\" style=\"font-size: 14pt; font-family: arial, helvetica, sans-serif;\"><\/span><\/p>\n<p class=\"x_MsoNormal\" style=\"text-align: justify;\"><span lang=\"EN-US\" style=\"font-size: 14pt; font-family: arial, helvetica, sans-serif;\">Roberto Aguilar Ramos, Jefe del Departamento de Bienestar Juvenil del ISJU invit\u00f3 a los j\u00f3venes a que participen en este concurso y acudan a grabar sus videos.<\/span><\/p>\n<p class=\"x_MsoNormal\" style=\"text-align: justify;\" align=\"left\"><span lang=\"EN-US\" style=\"font-size: 14pt; font-family: arial, helvetica, sans-serif;\"><\/span><\/p>\n<p class=\"x_MsoNormal\" style=\"text-align: justify;\"><span lang=\"EN-US\" style=\"font-size: 14pt; font-family: arial, helvetica, sans-serif;\">\u00abEs una invitaci\u00f3n para las y los j\u00f3venes sinaloenses, para que se acerquen aqu\u00ed con nuestros amigos de Plaza Sendero y hacer un video para subirlo a la plataforma y los primeros 10 videos que tengan m\u00e1s reacciones, son las personas que van a pasar a la semifinal. Este es un espacio seguro, Plaza Sendero cuenta con la protecci\u00f3n de seguridad para que los j\u00f3venes puedan venir y graben su v\u00eddeo\u00bb, dijo.<\/span><\/p>\n<p class=\"x_MsoNormal\" style=\"text-align: justify;\" align=\"left\"><span lang=\"EN-US\" style=\"font-size: 14pt; font-family: arial, helvetica, sans-serif;\"><\/span><\/p>\n<p class=\"x_MsoNormal\" style=\"text-align: justify;\"><span lang=\"EN-US\" style=\"font-size: 14pt; font-family: arial, helvetica, sans-serif;\">Aguilar Ramos mencion\u00f3 que a partir de este lunes y hasta el 26 de marzo los interesados podr\u00e1n publicar sus videos, en la fan page de la plaza participante, donde la creatividad y originalidad ser\u00e1n el principal aspecto a calificar.<\/span><\/p>\n<p class=\"x_MsoNormal\" style=\"text-align: justify;\" align=\"left\"><span lang=\"EN-US\" style=\"font-size: 14pt; font-family: arial, helvetica, sans-serif;\"><\/span><\/p>\n<p class=\"x_MsoNormal\" style=\"text-align: justify;\"><span lang=\"EN-US\" style=\"font-size: 14pt; font-family: arial, helvetica, sans-serif;\">Agreg\u00f3 que los 10 videos con m\u00e1s reacciones pasar\u00e1n a la semifinal del 26 al 5 abril, los semifinalistas deber\u00e1n grabar un nuevo video para publicarlo nuevamente en los comentarios de una nueva publicaci\u00f3n.<\/span><\/p>\n<p class=\"x_MsoNormal\" style=\"text-align: justify;\" align=\"left\"><span lang=\"EN-US\" style=\"font-size: 14pt; font-family: arial, helvetica, sans-serif;\"><\/span><\/p>\n<p class=\"x_MsoNormal\" style=\"text-align: justify;\"><span lang=\"EN-US\" style=\"font-size: 14pt; font-family: arial, helvetica, sans-serif;\">Posteriormente los tres videos con m\u00e1s likes pasar\u00e1n a la final&nbsp; el s\u00e1bado 6 de abril, para tener la oportunidad de ganar el primer lugar,&nbsp; que corresponde a una Tv de 55\u201d.<\/span><\/p>\n<p class=\"x_MsoNormal\" style=\"text-align: justify;\" align=\"left\"><span lang=\"EN-US\" style=\"font-size: 14pt; font-family: arial, helvetica, sans-serif;\"><\/span><\/p>\n<p class=\"x_MsoNormal\" style=\"text-align: justify;\"><span lang=\"EN-US\" style=\"font-size: 14pt; font-family: arial, helvetica, sans-serif;\">Cabe mencionar que la Social Box Sendero, permanecer\u00e1 de manera fija durante todo el d\u00eda, con el objetivo que los interesados puedan acudir a cualquier hora a grabar.&nbsp;<\/span><\/p>\n<p class=\"x_MsoNormal\" style=\"text-align: justify;\" align=\"left\"><span lang=\"EN-US\" style=\"font-size: 14pt; font-family: arial, helvetica, sans-serif;\"><\/span><\/p>\n<p class=\"x_MsoNormal\" style=\"text-align: justify;\"><span lang=\"EN-US\" style=\"font-size: 14pt; font-family: arial, helvetica, sans-serif;\">En el evento tambi\u00e9n se cont\u00f3 con la asistencia de la TikToker, Youtuber &nbsp;y Escritora,&nbsp; Beth Cast; la administradora de Plaza Sendero, Griselda Espinoza;&nbsp; y la coordinadora de Mercadotecnia de Plaza Sendero Culiac\u00e1n, Claudia Liz\u00e1rraga.&nbsp;<\/span><\/p>\n<p style=\"text-align: justify;\">&nbsp;<\/p>\n<p style=\"text-align: justify;\">&nbsp;<\/p>\n<p style=\"text-align: justify;\"><span style=\"font-size: 14pt; font-family: arial, helvetica, sans-serif;\">REDACCI\u00d3N\/VISI\u00d3N CIUDADANA<\/span>.<\/p>\n","protected":false},"excerpt":{"rendered":"<p>En la b\u00fasqueda del talento Sinaloense en la plataforma TikTok,&nbsp; el Instituto&nbsp;Sinaloense de la Juventud en conjunto con Plaza Sendero lanzaron convocatoria e invitaron a participar en el concurso \u00abTikToker Sendero\u00bb.&nbsp; En punto de las 11:00 horas se llev\u00f3 a cabo el corte de list\u00f3n de la Social Box Sendero,&nbsp; una cabina donde los j\u00f3venes [&hellip;]<\/p>\n","protected":false},"author":1,"featured_media":6909,"comment_status":"closed","ping_status":"closed","sticky":false,"template":"","format":"standard","meta":{"footnotes":""},"categories":[24],"tags":[],"ppma_author":[31],"class_list":["post-15025","post","type-post","status-publish","format-standard","has-post-thumbnail","hentry","category-relevantes"],"aioseo_notices":[],"authors":[{"term_id":31,"user_id":1,"is_guest":0,"slug":"ivan3vino","display_name":"Iv\u00e1n Trevi\u00f1o","avatar_url":{"url":"https:\/\/visionciudadana.com.mx\/oficial\/wp-content\/uploads\/2025\/09\/columna-ivan-Trevino.png","url2x":"https:\/\/visionciudadana.com.mx\/oficial\/wp-content\/uploads\/2025\/09\/columna-ivan-Trevino.png"},"0":null,"1":"","2":"","3":"","4":"","5":"","6":"","7":"","8":""}],"_links":{"self":[{"href":"https:\/\/visionciudadana.com.mx\/oficial\/wp-json\/wp\/v2\/posts\/15025","targetHints":{"allow":["GET"]}}],"collection":[{"href":"https:\/\/visionciudadana.com.mx\/oficial\/wp-json\/wp\/v2\/posts"}],"about":[{"href":"https:\/\/visionciudadana.com.mx\/oficial\/wp-json\/wp\/v2\/types\/post"}],"author":[{"embeddable":true,"href":"https:\/\/visionciudadana.com.mx\/oficial\/wp-json\/wp\/v2\/users\/1"}],"replies":[{"embeddable":true,"href":"https:\/\/visionciudadana.com.mx\/oficial\/wp-json\/wp\/v2\/comments?post=15025"}],"version-history":[{"count":1,"href":"https:\/\/visionciudadana.com.mx\/oficial\/wp-json\/wp\/v2\/posts\/15025\/revisions"}],"predecessor-version":[{"id":31343,"href":"https:\/\/visionciudadana.com.mx\/oficial\/wp-json\/wp\/v2\/posts\/15025\/revisions\/31343"}],"wp:featuredmedia":[{"embeddable":true,"href":"https:\/\/visionciudadana.com.mx\/oficial\/wp-json\/wp\/v2\/posts\/6909"}],"wp:attachment":[{"href":"https:\/\/visionciudadana.com.mx\/oficial\/wp-json\/wp\/v2\/media?parent=15025"}],"wp:term":[{"taxonomy":"category","embeddable":true,"href":"https:\/\/visionciudadana.com.mx\/oficial\/wp-json\/wp\/v2\/categories?post=15025"},{"taxonomy":"post_tag","embeddable":true,"href":"https:\/\/visionciudadana.com.mx\/oficial\/wp-json\/wp\/v2\/tags?post=15025"},{"taxonomy":"author","embeddable":true,"href":"https:\/\/visionciudadana.com.mx\/oficial\/wp-json\/wp\/v2\/ppma_author?post=15025"}],"curies":[{"name":"wp","href":"https:\/\/api.w.org\/{rel}","templated":true}]}}