{"id":15024,"date":"2021-03-08T23:01:49","date_gmt":"2021-03-08T23:01:49","guid":{"rendered":"https:\/\/visionciudadana.com.mx\/prueba\/2021\/03\/08\/arranca-la-segunda-rodada-200k-estamos-contigo-de-corazon\/"},"modified":"2025-06-25T00:32:17","modified_gmt":"2025-06-25T00:32:17","slug":"arranca-la-segunda-rodada-200k-estamos-contigo-de-corazon","status":"publish","type":"post","link":"https:\/\/visionciudadana.com.mx\/oficial\/2021\/03\/08\/arranca-la-segunda-rodada-200k-estamos-contigo-de-corazon\/","title":{"rendered":"Arranca la segunda Rodada 200k \u00abEstamos Contigo, de coraz\u00f3n\u00bb"},"content":{"rendered":"<p style=\"text-align: justify;\"><span style=\"font-size: 14pt; font-family: arial, helvetica, sans-serif;\"><b><span lang=\"ES-TRAD\"><img fetchpriority=\"high\" decoding=\"async\" src=\"images\/Marzos21\/segunda_rodada.PNG\" alt=\"segunda rodada\" width=\"337\" height=\"199\" style=\"display: block; margin-left: auto; margin-right: auto;\" \/><br \/><\/span><\/b><\/span><\/p>\n<p class=\"x_MsoNormal\" style=\"text-align: justify;\"><span style=\"font-size: 14pt; font-family: arial, helvetica, sans-serif;\"><span lang=\"ES-TRAD\">Con mucha energ\u00eda el grupo de cien ciclistas y la presidenta del Sistema DIF Sinaloa, Rosy Fuentes de Ordaz, arrancaron a las 5:13 am la Rodada 200 K \u201cEstamos Contigo, de coraz\u00f3n\u201d, en su segunda edici\u00f3n, con el objetivo de recaudar fondos para ni\u00f1as y ni\u00f1os que esperan por una cirug\u00eda de coraz\u00f3n.<\/span><\/span><\/p>\n<p class=\"x_MsoNormal\" style=\"text-align: justify;\"><span lang=\"ES-TRAD\" style=\"font-size: 14pt; font-family: arial, helvetica, sans-serif;\"><\/span><\/p>\n<p class=\"x_MsoNormal\" style=\"text-align: justify;\"><span lang=\"ES-TRAD\" style=\"font-size: 14pt; font-family: arial, helvetica, sans-serif;\">Previo al arranque de la rodada, Rosy Fuentes de Ordaz, comparti\u00f3 su emoci\u00f3n y el motivo que los mueve a realizar esta noble causa: \u201clista y feliz, muy emocionada, conmovida por toda la participaci\u00f3n de la gente, ya estamos listos los cien ciclistas para iniciar esta rodada 200 K \u201cEstamos contigo, de coraz\u00f3n\u201d, donde lo que buscamos es recaudar donativos en apoyo a las familias de ni\u00f1as y ni\u00f1os sinaloenses que requieren una cirug\u00eda de coraz\u00f3n\u201d.<\/span><\/p>\n<p class=\"x_MsoNormal\" style=\"text-align: justify;\"><span lang=\"ES-TRAD\" style=\"font-size: 14pt; font-family: arial, helvetica, sans-serif;\"><\/span><\/p>\n<p class=\"x_MsoNormal\" style=\"text-align: justify;\"><span lang=\"ES-TRAD\" style=\"font-size: 14pt; font-family: arial, helvetica, sans-serif;\">Tambi\u00e9n dijo que la meta para este a\u00f1o es de un mill\u00f3n y medio: \u201cPor favor no dejen de donar, cada peso cuenta, lo que puedan; tambi\u00e9n seguimos recibiendo patrocinio de empresas, a quienes les estamos otorgando un recibo deducible de impuestos\u201d.<\/span><\/p>\n<p class=\"x_MsoNormal\" style=\"text-align: justify;\"><span lang=\"ES-TRAD\" style=\"font-size: 14pt; font-family: arial, helvetica, sans-serif;\"><\/span><\/p>\n<p class=\"x_MsoNormal\" style=\"text-align: justify;\"><span lang=\"ES-TRAD\" style=\"font-size: 14pt; font-family: arial, helvetica, sans-serif;\">A su vez, exhort\u00f3 a la poblaci\u00f3n a seguir la transmisi\u00f3n en vivo desde el Facebook de DIF Sinaloa, pero tambi\u00e9n a &nbsp;&nbsp;participar donando en la cuenta BBVA Bancomer 0110975826, donde cada peso cuenta para esta causa.<\/span><\/p>\n<p class=\"x_MsoNormal\" style=\"text-align: justify;\"><span lang=\"ES-TRAD\" style=\"font-size: 14pt; font-family: arial, helvetica, sans-serif;\"><\/span><\/p>\n<p class=\"x_MsoNormal\" style=\"text-align: justify;\"><span lang=\"ES-TRAD\" style=\"font-size: 14pt; font-family: arial, helvetica, sans-serif;\">La presidenta de DIF Sinaloa, en compa\u00f1\u00eda de un grupo de ciclistas, salieron a las 5:00 am del acceso sur de la ciudad en Culiac\u00e1n, y rodar\u00e1n hasta la meta de llegada que es el estadio de b\u00e9isbol de Los Ca\u00f1eros de Los Mochis.<\/span><\/p>\n<p class=\"x_MsoNormal\" style=\"text-align: justify;\"><span lang=\"ES-TRAD\" style=\"font-size: 14pt; font-family: arial, helvetica, sans-serif;\"><\/span><\/p>\n<p class=\"x_MsoNormal\" style=\"text-align: justify;\"><span lang=\"ES-TRAD\" style=\"font-size: 14pt; font-family: arial, helvetica, sans-serif;\">Recordar que en la rodada anterior se rompi\u00f3 la meta de recaudaci\u00f3n, por lo que se espera una respuesta positiva por parte de la ciudadan\u00eda y sector empresarial, m\u00e1s considerando la importancia de que estos ni\u00f1os y ni\u00f1as puedan realizar su cirug\u00eda de coraz\u00f3n.<\/span><\/p>\n<p class=\"x_MsoNormal\" style=\"text-align: justify;\"><span lang=\"ES-TRAD\" style=\"font-size: 14pt; font-family: arial, helvetica, sans-serif;\"><\/span><\/p>\n<p class=\"x_MsoNormal\" style=\"text-align: justify;\"><span lang=\"ES-TRAD\" style=\"font-size: 14pt; font-family: arial, helvetica, sans-serif;\">Para la realizaci\u00f3n de la rodada se cuenta con el apoyo del Instituto Sinaloense del Deporte y Cultura F\u00edsica (ISDE), Seguridad P\u00fablica y Tr\u00e1nsito Municipal, quienes trabajaron en la log\u00edstica y organizaci\u00f3n de la rodada.<\/span><\/p>\n<p style=\"text-align: justify;\">&nbsp;<\/p>\n<p style=\"text-align: justify;\">&nbsp;<\/p>\n<p style=\"text-align: justify;\"><span style=\"font-size: 14pt; font-family: arial, helvetica, sans-serif;\">REDACCI\u00d3N\/VISI\u00d3N CIUDADANA.<\/span><\/p>\n","protected":false},"excerpt":{"rendered":"<p>Con mucha energ\u00eda el grupo de cien ciclistas y la presidenta del Sistema DIF Sinaloa, Rosy Fuentes de Ordaz, arrancaron a las 5:13 am la Rodada 200 K \u201cEstamos Contigo, de coraz\u00f3n\u201d, en su segunda edici\u00f3n, con el objetivo de recaudar fondos para ni\u00f1as y ni\u00f1os que esperan por una cirug\u00eda de coraz\u00f3n. Previo al [&hellip;]<\/p>\n","protected":false},"author":1,"featured_media":6907,"comment_status":"closed","ping_status":"closed","sticky":false,"template":"","format":"standard","meta":{"footnotes":""},"categories":[13],"tags":[],"ppma_author":[31],"class_list":["post-15024","post","type-post","status-publish","format-standard","has-post-thumbnail","hentry","category-locales"],"aioseo_notices":[],"authors":[{"term_id":31,"user_id":1,"is_guest":0,"slug":"ivan3vino","display_name":"Iv\u00e1n Trevi\u00f1o","avatar_url":{"url":"https:\/\/visionciudadana.com.mx\/oficial\/wp-content\/uploads\/2025\/09\/columna-ivan-Trevino.png","url2x":"https:\/\/visionciudadana.com.mx\/oficial\/wp-content\/uploads\/2025\/09\/columna-ivan-Trevino.png"},"0":null,"1":"","2":"","3":"","4":"","5":"","6":"","7":"","8":""}],"_links":{"self":[{"href":"https:\/\/visionciudadana.com.mx\/oficial\/wp-json\/wp\/v2\/posts\/15024","targetHints":{"allow":["GET"]}}],"collection":[{"href":"https:\/\/visionciudadana.com.mx\/oficial\/wp-json\/wp\/v2\/posts"}],"about":[{"href":"https:\/\/visionciudadana.com.mx\/oficial\/wp-json\/wp\/v2\/types\/post"}],"author":[{"embeddable":true,"href":"https:\/\/visionciudadana.com.mx\/oficial\/wp-json\/wp\/v2\/users\/1"}],"replies":[{"embeddable":true,"href":"https:\/\/visionciudadana.com.mx\/oficial\/wp-json\/wp\/v2\/comments?post=15024"}],"version-history":[{"count":1,"href":"https:\/\/visionciudadana.com.mx\/oficial\/wp-json\/wp\/v2\/posts\/15024\/revisions"}],"predecessor-version":[{"id":31344,"href":"https:\/\/visionciudadana.com.mx\/oficial\/wp-json\/wp\/v2\/posts\/15024\/revisions\/31344"}],"wp:featuredmedia":[{"embeddable":true,"href":"https:\/\/visionciudadana.com.mx\/oficial\/wp-json\/wp\/v2\/media\/6907"}],"wp:attachment":[{"href":"https:\/\/visionciudadana.com.mx\/oficial\/wp-json\/wp\/v2\/media?parent=15024"}],"wp:term":[{"taxonomy":"category","embeddable":true,"href":"https:\/\/visionciudadana.com.mx\/oficial\/wp-json\/wp\/v2\/categories?post=15024"},{"taxonomy":"post_tag","embeddable":true,"href":"https:\/\/visionciudadana.com.mx\/oficial\/wp-json\/wp\/v2\/tags?post=15024"},{"taxonomy":"author","embeddable":true,"href":"https:\/\/visionciudadana.com.mx\/oficial\/wp-json\/wp\/v2\/ppma_author?post=15024"}],"curies":[{"name":"wp","href":"https:\/\/api.w.org\/{rel}","templated":true}]}}