{"id":15004,"date":"2021-03-04T05:25:19","date_gmt":"2021-03-04T05:25:19","guid":{"rendered":"https:\/\/visionciudadana.com.mx\/prueba\/2021\/03\/04\/otorga-senado-licencia-a-mario-zamora-regresare-como-gobernador-a-saludarlos\/"},"modified":"2025-06-25T00:32:18","modified_gmt":"2025-06-25T00:32:18","slug":"otorga-senado-licencia-a-mario-zamora-regresare-como-gobernador-a-saludarlos","status":"publish","type":"post","link":"https:\/\/visionciudadana.com.mx\/oficial\/2021\/03\/04\/otorga-senado-licencia-a-mario-zamora-regresare-como-gobernador-a-saludarlos\/","title":{"rendered":"Otorga Senado licencia a Mario Zamora \u00abregresar\u00e9 como gobernador a saludarlos\u00bb"},"content":{"rendered":"<p><img fetchpriority=\"high\" decoding=\"async\" src=\"images\/Marzos21\/regresare_como_gob.PNG\" alt=\"regresare como gob\" width=\"366\" height=\"209\" style=\"display: block; margin-left: auto; margin-right: auto;\" \/><\/p>\n<p class=\"x_MsoNormal\" style=\"text-align: justify;\"><span style=\"font-size: 14pt; font-family: arial, helvetica, sans-serif;\">El senador Mario Zamora Gast\u00e9lum, recibi\u00f3 hoy su licencia como Senador de la Rep\u00fablica por tiempo indefinido, misma que hab\u00eda solicitado desde enero, para estar en condiciones de competir, bajo las siglas del PRI, PRD y PAN, al cargo de gobernador de Sinaloa.<\/span><\/p>\n<p style=\"text-align: justify;\">&nbsp;<\/p>\n<p class=\"x_MsoNormal\" style=\"text-align: justify;\"><span style=\"font-size: 14pt; font-family: arial, helvetica, sans-serif;\">Durante la sesi\u00f3n, virtual, Mario Zamora Gast\u00e9lum recibi\u00f3 muestras de afecto, amistad y reconocimiento de parte de sus hom\u00f3logos como Beatriz Paredes, Patricia Mercado, X\u00f3chitl G\u00e1lvez, Eruviel \u00c1vila, Miguel \u00c1ngel Osorio Chong, Antonio Garc\u00eda Conejo, Claudia Ruiz Massieu y Miguel \u00c1ngel Mancera, entre otros, quienes lo ponderaron como un senador entusiasta, profesional, de resultados y franco.<\/span><\/p>\n<p style=\"text-align: justify;\">&nbsp;<\/p>\n<p class=\"x_MsoNormal\" style=\"text-align: justify;\"><span style=\"font-size: 14pt; font-family: arial, helvetica, sans-serif;\">\u201cEfectivamente el dia de hoy finalmente se ejecut\u00f3 la solicitud de licencia \u2014dijo Mario Zamora\u2014; fue una reuni\u00f3n virtual y muy agradecido con todos mis compa\u00f1eros senadores que tuvieron muestras de cari\u00f1o, amistad y afecto a mi persona, una gran experiencia en estos a\u00f1os en el Senado\u201d.<\/span><\/p>\n<p style=\"text-align: justify;\">&nbsp;<\/p>\n<p class=\"x_MsoNormal\" style=\"text-align: justify;\"><span style=\"font-size: 14pt; font-family: arial, helvetica, sans-serif;\">En su participaci\u00f3n en la sesi\u00f3n, Mario Zamora expres\u00f3: \u201cEstamos ac\u00e1 en Sinaloa poni\u00e9ndole muchas ganas, s\u00f3lo el amor que le tengo a Sinaloa pod\u00eda hacer que dejara el Senado. Espero pronto volver ya como gobernador de Sinaloa\u201d.<\/span><\/p>\n<p style=\"text-align: justify;\">&nbsp;<\/p>\n<p class=\"x_MsoNormal\" style=\"text-align: justify;\"><span style=\"font-size: 14pt; font-family: arial, helvetica, sans-serif;\">Agradeci\u00f3 la oportunidad de haber vivido, conocer y compartir de primera mano este periodo de M\u00e9xico; sin embargo, destac\u00f3 que, \u201ccomo todos saben, mi compromiso antes que nada y con nadie, es con Sinaloa\u201d y reiter\u00f3 que regresar\u00e1 como gobernador a saludar a sus compa\u00f1eros senadores.<\/span><\/p>\n<p style=\"text-align: justify;\">&nbsp;<\/p>\n<p class=\"x_MsoNormal\" style=\"text-align: justify;\"><span style=\"font-size: 14pt; font-family: arial, helvetica, sans-serif;\">La legisladora del PAN, X\u00f3chitl G\u00e1lvez, dese\u00f3 el mayor de los \u00e9xitos a Mario Zamora, de quien dijo es un hombre honesto, trabajador, sin un caso de corrupci\u00f3n, adem\u00e1s, sostuvo que, \u201ces un privilegio que no todos los estados del pa\u00eds lo tienen\u201d.<\/span><\/p>\n<p style=\"text-align: justify;\">&nbsp;<\/p>\n<p class=\"x_MsoNormal\" style=\"text-align: justify;\"><span style=\"font-size: 14pt; font-family: arial, helvetica, sans-serif;\">En su intervenci\u00f3n, el senador por el PRD, Miguel \u00c1ngel Mancera, expres\u00f3 que Mario Zamora ha dejado constancia de su compromiso en el trabajo parlamentario.<\/span><\/p>\n<p style=\"text-align: justify;\">&nbsp;<\/p>\n<p class=\"x_MsoNormal\" style=\"text-align: justify;\"><span style=\"font-size: 14pt; font-family: arial, helvetica, sans-serif;\">Beatriz Paredes, por su parte, expres\u00f3 que Mario Zamora solicita licencia con esperanza e ilusiones. \u201cVa a dar una batalla, es un sinaloense de cuerpo completo y le deseamos mucha suerte\u201d, dijo para luego destacar que en el Senado aport\u00f3 sinceridad, actitud amistosa, profesionalismo y visi\u00f3n moderna.<\/span><\/p>\n<p style=\"text-align: justify;\">&nbsp;<\/p>\n<p class=\"x_MsoNormal\" style=\"text-align: justify;\"><span style=\"font-size: 14pt; font-family: arial, helvetica, sans-serif;\">Los senadores Patricia Mercado, Eruviel \u00c1vila, Nubia Mayorga, Emilio \u00c1lvarez Icaza, le desearon \u00e9xito, a quien definieron como una persona trabajadora, inteligente y con visi\u00f3n de futuro, quien sabr\u00e1 defender los intereses de los sinaloenses.<\/span><\/p>\n<p style=\"text-align: justify;\">&nbsp;<\/p>\n<p style=\"text-align: justify;\"><span style=\"font-size: 14pt; font-family: arial, helvetica, sans-serif;\">REDACCI\u00d3N\/VISI\u00d3N CIUDADANA.<\/span><\/p>\n","protected":false},"excerpt":{"rendered":"<p>El senador Mario Zamora Gast\u00e9lum, recibi\u00f3 hoy su licencia como Senador de la Rep\u00fablica por tiempo indefinido, misma que hab\u00eda solicitado desde enero, para estar en condiciones de competir, bajo las siglas del PRI, PRD y PAN, al cargo de gobernador de Sinaloa. &nbsp; Durante la sesi\u00f3n, virtual, Mario Zamora Gast\u00e9lum recibi\u00f3 muestras de afecto, [&hellip;]<\/p>\n","protected":false},"author":1,"featured_media":6882,"comment_status":"closed","ping_status":"closed","sticky":false,"template":"","format":"standard","meta":{"footnotes":""},"categories":[13],"tags":[],"ppma_author":[31],"class_list":["post-15004","post","type-post","status-publish","format-standard","has-post-thumbnail","hentry","category-locales"],"aioseo_notices":[],"authors":[{"term_id":31,"user_id":1,"is_guest":0,"slug":"ivan3vino","display_name":"Iv\u00e1n Trevi\u00f1o","avatar_url":{"url":"https:\/\/visionciudadana.com.mx\/oficial\/wp-content\/uploads\/2025\/09\/columna-ivan-Trevino.png","url2x":"https:\/\/visionciudadana.com.mx\/oficial\/wp-content\/uploads\/2025\/09\/columna-ivan-Trevino.png"},"0":null,"1":"","2":"","3":"","4":"","5":"","6":"","7":"","8":""}],"_links":{"self":[{"href":"https:\/\/visionciudadana.com.mx\/oficial\/wp-json\/wp\/v2\/posts\/15004","targetHints":{"allow":["GET"]}}],"collection":[{"href":"https:\/\/visionciudadana.com.mx\/oficial\/wp-json\/wp\/v2\/posts"}],"about":[{"href":"https:\/\/visionciudadana.com.mx\/oficial\/wp-json\/wp\/v2\/types\/post"}],"author":[{"embeddable":true,"href":"https:\/\/visionciudadana.com.mx\/oficial\/wp-json\/wp\/v2\/users\/1"}],"replies":[{"embeddable":true,"href":"https:\/\/visionciudadana.com.mx\/oficial\/wp-json\/wp\/v2\/comments?post=15004"}],"version-history":[{"count":1,"href":"https:\/\/visionciudadana.com.mx\/oficial\/wp-json\/wp\/v2\/posts\/15004\/revisions"}],"predecessor-version":[{"id":31349,"href":"https:\/\/visionciudadana.com.mx\/oficial\/wp-json\/wp\/v2\/posts\/15004\/revisions\/31349"}],"wp:featuredmedia":[{"embeddable":true,"href":"https:\/\/visionciudadana.com.mx\/oficial\/wp-json\/wp\/v2\/posts\/6882"}],"wp:attachment":[{"href":"https:\/\/visionciudadana.com.mx\/oficial\/wp-json\/wp\/v2\/media?parent=15004"}],"wp:term":[{"taxonomy":"category","embeddable":true,"href":"https:\/\/visionciudadana.com.mx\/oficial\/wp-json\/wp\/v2\/categories?post=15004"},{"taxonomy":"post_tag","embeddable":true,"href":"https:\/\/visionciudadana.com.mx\/oficial\/wp-json\/wp\/v2\/tags?post=15004"},{"taxonomy":"author","embeddable":true,"href":"https:\/\/visionciudadana.com.mx\/oficial\/wp-json\/wp\/v2\/ppma_author?post=15004"}],"curies":[{"name":"wp","href":"https:\/\/api.w.org\/{rel}","templated":true}]}}