{"id":15003,"date":"2021-03-04T05:18:45","date_gmt":"2021-03-04T05:18:45","guid":{"rendered":"https:\/\/visionciudadana.com.mx\/prueba\/2021\/03\/04\/evaluan-funcionamiento-de-ultracongeladores-que-la-uas-puso-para-resguardo-de-vacunas\/"},"modified":"2025-06-25T00:32:18","modified_gmt":"2025-06-25T00:32:18","slug":"evaluan-funcionamiento-de-ultracongeladores-que-la-uas-puso-para-resguardo-de-vacunas","status":"publish","type":"post","link":"https:\/\/visionciudadana.com.mx\/oficial\/2021\/03\/04\/evaluan-funcionamiento-de-ultracongeladores-que-la-uas-puso-para-resguardo-de-vacunas\/","title":{"rendered":"Eval\u00faan funcionamiento de ultracongeladores que la UAS puso para resguardo de vacunas"},"content":{"rendered":"<p><img decoding=\"async\" src=\"images\/Marzos21\/congeladores_uas.PNG\" alt=\"congeladores uas\" width=\"291\" height=\"163\" style=\"display: block; margin-left: auto; margin-right: auto;\" \/><\/p>\n<p class=\"x_MsoNormal\" style=\"text-align: justify;\"><span style=\"font-size: 14pt; font-family: arial, helvetica, sans-serif;\">Autoridades federales y estatales realizaron una supervisi\u00f3n en la Universidad Aut\u00f3noma de Sinaloa (UAS), en particular en las instalaciones de la Facultad de Ciencias Qu\u00edmico Biol\u00f3gicas (FCQB), en la idea de evaluar el funcionamiento de los ultracongeladores que la instituci\u00f3n ha dispuesto para el resguardo de m\u00e1s vacunas que estar\u00edan llegando en las pr\u00f3ximas horas a Sinaloa.<\/span><\/p>\n<p style=\"text-align: justify;\">&nbsp;<\/p>\n<p class=\"x_MsoNormal\" style=\"text-align: justify;\"><span style=\"font-size: 14pt; font-family: arial, helvetica, sans-serif;\">Este recorrido de supervisi\u00f3n por las instalaciones universitarias, fue encabezado por el doctor Gerardo Alapizco Castro, secretario general y coordinador de las acciones de salud en la UAS, quien, a nombre del Rector, doctor Juan Eulogio Guerra Liera, extern\u00f3 que se est\u00e1 en la mejor disposici\u00f3n para ser parte del resguardo de las dosis de vacunaci\u00f3n y de todos los procesos que conlleve esto.<\/span><\/p>\n<p style=\"text-align: justify;\">&nbsp;<\/p>\n<p class=\"x_MsoNormal\" style=\"text-align: justify;\"><span style=\"font-size: 14pt; font-family: arial, helvetica, sans-serif;\">\u00abEs muy trascendental la situaci\u00f3n que estamos viviendo actualmente aqu\u00ed en nuestro pa\u00eds, en el mundo, la Universidad Aut\u00f3noma de Sinaloa una vez m\u00e1s su labor social es aportar capital humano, con brigadistas, aportar con infraestructura, los ultracongeladores, los cuales deben estar a -70 grados cent\u00edgrados, para poder resguardar y mantener en condiciones adecuadas la vacuna, sobre todo la de Pfizer\u00bb, se\u00f1al\u00f3 el galeno universitario.<\/span><\/p>\n<p style=\"text-align: justify;\">&nbsp;<\/p>\n<p class=\"x_MsoNormal\" style=\"text-align: justify;\"><span style=\"font-size: 14pt; font-family: arial, helvetica, sans-serif;\">Previo al recorrido que se hiciera a las instalaciones, en donde se concentran parte de los 30 ultracongeladores que ha dispuesto la UAS para el proceso de vacunaci\u00f3n, las autoridades que conforman el comando de Salud, sostuvieron una reuni\u00f3n de trabajo para ultimar detalles del resguardo de las dosis, en donde Jos\u00e9 Jaime Montes Salas, delegado estatal de Programas para el Desarrollo del Gobierno Federal agradeci\u00f3 este respaldo invaluable que est\u00e1 dando la Universidad Aut\u00f3noma de Sinaloa.<\/span><\/p>\n<p style=\"text-align: justify;\">&nbsp;<\/p>\n<p class=\"x_MsoNormal\" style=\"text-align: justify;\"><span style=\"font-size: 14pt; font-family: arial, helvetica, sans-serif;\">\u00abUn saludo muy afectuoso al se\u00f1or rector de la Universidad, compa\u00f1ero de profesi\u00f3n, y agradezco su disponibilidad y apoyo con los voluntarios y con las instalaciones y con todo lo que ha venido conllevando la Universidad siempre del apoyo, no nada m\u00e1s en la salud, tambi\u00e9n nos han apoyado ellos en el desarrollo de todos los programas sociales que tenemos\u00bb, puntualiz\u00f3 el funcionario federal.<\/span><\/p>\n<p style=\"text-align: justify;\">&nbsp;<\/p>\n<p class=\"x_MsoNormal\" style=\"text-align: justify;\"><span style=\"font-size: 14pt; font-family: arial, helvetica, sans-serif;\">As\u00ed mismo argument\u00f3 que la raz\u00f3n por la que hoy se presentan en la UAS es principalmente para la supervisi\u00f3n de la red de fr\u00edo, que es la que va a dar la seguridad de la recepci\u00f3n, dado que Sinaloa va a ser un centro de redistribuci\u00f3n del biol\u00f3gico para otras regiones, lo que contribuir\u00e1 en el desarrollo del operativo nacional de vacunaci\u00f3n.<\/span><\/p>\n<p style=\"text-align: justify;\">&nbsp;<\/p>\n<p class=\"x_MsoNormal\" style=\"text-align: justify;\"><span style=\"font-size: 14pt; font-family: arial, helvetica, sans-serif;\">Por su parte el doctor Efr\u00e9n Encinas Torres, Secretario de Salud del Estado, en su intervenci\u00f3n expres\u00f3 el avance que se lleva de vacunaci\u00f3n en Sinaloa y habl\u00f3 tambi\u00e9n sobre la participaci\u00f3n que hoy est\u00e1 teniendo la UAS en este importante proceso de resguardo de ultracongelaci\u00f3n.<\/span><\/p>\n<p style=\"text-align: justify;\">&nbsp;<\/p>\n<p class=\"x_MsoNormal\" style=\"text-align: justify;\"><span style=\"font-size: 14pt; font-family: arial, helvetica, sans-serif;\">\u201cCreo que eso garantiza el programa de vacunaci\u00f3n para toda la sociedad de Sinaloa y a donde sea necesario llegar y que como estado pudi\u00e9ramos apoyar al resto de la poblaci\u00f3n de nuestro pa\u00eds\u201d, manifest\u00f3.<\/span><\/p>\n<p style=\"text-align: justify;\">&nbsp;<\/p>\n<p class=\"x_MsoNormal\" style=\"text-align: justify;\"><span style=\"font-size: 14pt; font-family: arial, helvetica, sans-serif;\">As\u00ed mismo en su intervenci\u00f3n, el coordinador de las Brigadas Correcaminos y delegado del IMSS, doctor Luis Rafael L\u00f3pez Oca\u00f1a, agradeci\u00f3 a la Universidad Aut\u00f3noma de Sinaloa y en especial al Rector Guerra Liera todo el apoyo que siempre ha brindado.<\/span><\/p>\n<p style=\"text-align: justify;\">&nbsp;<\/p>\n<p class=\"x_MsoNormal\" style=\"text-align: justify;\"><span style=\"font-size: 14pt; font-family: arial, helvetica, sans-serif;\">\u201cHoy m\u00e1s que nunca el doctor Juan Eulogio refrenda el compromiso con los sinaloenses, como autoridad de la m\u00e1xima casa de estudios sinaloense, no me queda m\u00e1s que agradecerle. Este ambiente que se levanta en esta mesa de trabajo se transmite en nuestras mesas a nivel federaci\u00f3n, y ellos est\u00e1n conscientes, y esto ha hecho que ahora Sinaloa sea tomado en cuenta para un lugar de redistribuci\u00f3n. Como vemos, antes hab\u00eda solo tres puntos en el pa\u00eds, hoy se expandi\u00f3 y Sinaloa es uno de ellos, vamos a llevar vacunas a otros estados y es que ocupamos m\u00e1s las caracter\u00edsticas de los ultracongeladores \u201d, concluy\u00f3.<\/span><\/p>\n<p style=\"text-align: justify;\">&nbsp;<\/p>\n<p style=\"text-align: justify;\"><span style=\"font-size: 14pt; font-family: arial, helvetica, sans-serif;\">REDACCI\u00d3N\/VISI\u00d3N CIUDADANA.<\/span><\/p>\n","protected":false},"excerpt":{"rendered":"<p>Autoridades federales y estatales realizaron una supervisi\u00f3n en la Universidad Aut\u00f3noma de Sinaloa (UAS), en particular en las instalaciones de la Facultad de Ciencias Qu\u00edmico Biol\u00f3gicas (FCQB), en la idea de evaluar el funcionamiento de los ultracongeladores que la instituci\u00f3n ha dispuesto para el resguardo de m\u00e1s vacunas que estar\u00edan llegando en las pr\u00f3ximas horas [&hellip;]<\/p>\n","protected":false},"author":1,"featured_media":6880,"comment_status":"closed","ping_status":"closed","sticky":false,"template":"","format":"standard","meta":{"footnotes":""},"categories":[13],"tags":[],"ppma_author":[31],"class_list":["post-15003","post","type-post","status-publish","format-standard","has-post-thumbnail","hentry","category-locales"],"aioseo_notices":[],"authors":[{"term_id":31,"user_id":1,"is_guest":0,"slug":"ivan3vino","display_name":"Iv\u00e1n Trevi\u00f1o","avatar_url":{"url":"https:\/\/visionciudadana.com.mx\/oficial\/wp-content\/uploads\/2025\/09\/columna-ivan-Trevino.png","url2x":"https:\/\/visionciudadana.com.mx\/oficial\/wp-content\/uploads\/2025\/09\/columna-ivan-Trevino.png"},"0":null,"1":"","2":"","3":"","4":"","5":"","6":"","7":"","8":""}],"_links":{"self":[{"href":"https:\/\/visionciudadana.com.mx\/oficial\/wp-json\/wp\/v2\/posts\/15003","targetHints":{"allow":["GET"]}}],"collection":[{"href":"https:\/\/visionciudadana.com.mx\/oficial\/wp-json\/wp\/v2\/posts"}],"about":[{"href":"https:\/\/visionciudadana.com.mx\/oficial\/wp-json\/wp\/v2\/types\/post"}],"author":[{"embeddable":true,"href":"https:\/\/visionciudadana.com.mx\/oficial\/wp-json\/wp\/v2\/users\/1"}],"replies":[{"embeddable":true,"href":"https:\/\/visionciudadana.com.mx\/oficial\/wp-json\/wp\/v2\/comments?post=15003"}],"version-history":[{"count":1,"href":"https:\/\/visionciudadana.com.mx\/oficial\/wp-json\/wp\/v2\/posts\/15003\/revisions"}],"predecessor-version":[{"id":31350,"href":"https:\/\/visionciudadana.com.mx\/oficial\/wp-json\/wp\/v2\/posts\/15003\/revisions\/31350"}],"wp:featuredmedia":[{"embeddable":true,"href":"https:\/\/visionciudadana.com.mx\/oficial\/wp-json\/wp\/v2\/posts\/6880"}],"wp:attachment":[{"href":"https:\/\/visionciudadana.com.mx\/oficial\/wp-json\/wp\/v2\/media?parent=15003"}],"wp:term":[{"taxonomy":"category","embeddable":true,"href":"https:\/\/visionciudadana.com.mx\/oficial\/wp-json\/wp\/v2\/categories?post=15003"},{"taxonomy":"post_tag","embeddable":true,"href":"https:\/\/visionciudadana.com.mx\/oficial\/wp-json\/wp\/v2\/tags?post=15003"},{"taxonomy":"author","embeddable":true,"href":"https:\/\/visionciudadana.com.mx\/oficial\/wp-json\/wp\/v2\/ppma_author?post=15003"}],"curies":[{"name":"wp","href":"https:\/\/api.w.org\/{rel}","templated":true}]}}