{"id":15002,"date":"2021-03-04T05:12:01","date_gmt":"2021-03-04T05:12:01","guid":{"rendered":"https:\/\/visionciudadana.com.mx\/prueba\/2021\/03\/04\/arriban-a-sinaloa-35-mil-vacunas-pfizer-para-adultos-mayores\/"},"modified":"2025-06-25T00:32:18","modified_gmt":"2025-06-25T00:32:18","slug":"arriban-a-sinaloa-35-mil-vacunas-pfizer-para-adultos-mayores","status":"publish","type":"post","link":"https:\/\/visionciudadana.com.mx\/oficial\/2021\/03\/04\/arriban-a-sinaloa-35-mil-vacunas-pfizer-para-adultos-mayores\/","title":{"rendered":"Arriban a Sinaloa 35 mil vacunas Pfizer para adultos mayores"},"content":{"rendered":"<p><img fetchpriority=\"high\" decoding=\"async\" src=\"images\/Marzos21\/vacunas_sinaloa.PNG\" alt=\"vacunas sinaloa\" width=\"379\" height=\"212\" style=\"display: block; margin-left: auto; margin-right: auto;\" \/><\/p>\n<p style=\"text-align: justify;\"><span style=\"font-size: 14pt; font-family: arial, helvetica, sans-serif;\">Con la llegada de 35 mil vacunas Pfizer, Sinaloa se convierte en un centro de distribuci\u00f3n y redistribuci\u00f3n de vacunas COVID para municipios de la entidad y estados circunvecinos, al contar con suficiente capacidad f\u00edsica instalada para cuidar la red de fr\u00edo gracias a los ultra congeladores que dispuso la UAS al Comit\u00e9 Estatal de Vacunaci\u00f3n, inform\u00f3 el Dr. Efr\u00e9n Encinas Torres, Secretario de Salud de Sinaloa.<\/span><\/p>\n<p style=\"text-align: justify;\">\n<p><span style=\"font-size: 14pt; font-family: arial, helvetica, sans-serif;\">El titular de la Salud en el Estado, detall\u00f3 que un total de 17 mil 550 vacunas Pfizer ser\u00e1n distribuidas para adultos mayores de los municipios de Salvador Alvarado con 3 mil 400 dosis y Navolato con 14 mil 150 dosis. As\u00ed mismo se tendr\u00e1 bajo resguardo de la Guardia Nacional un total de 17 mil 550 vacunas para el estado de Chihuahua.<\/span><\/p>\n<p style=\"text-align: justify;\"><span style=\"font-size: 14pt; font-family: arial, helvetica, sans-serif;\">\u201cCon ello Sinaloa se convierte a trav\u00e9s de esta unidad de recepci\u00f3n en un centro de redistribuci\u00f3n no nada m\u00e1s de Sinaloa sino estados circunvecinos, hay capacidad suficiente cada refrigerador de ultra congelaci\u00f3n acepta cerca de 42 mil dosis por refrigerado, entonces hay capacidad f\u00edsica instalada para almacenar la cantidad necesaria y suficiente que vaya llegando, a partir de este momento d que llego en este espacio se integran las fuerzas armadas bajo la custodia del mismo aqu\u00ed permanecer\u00e1n las 24 horas, hasta que se redistribuya al estado circunvecino de Chihuahua y adem\u00e1s para la aplicaci\u00f3n la pr\u00f3xima semana de adultos mayores, aqu\u00ed se mantienen ellos son un gran apoyo de las fuerzas armadas\u201d, inform\u00f3.<\/span><\/p>\n<p style=\"text-align: justify;\">\n<p><span style=\"font-size: 14pt; font-family: arial, helvetica, sans-serif;\">El Secretario de Salud, manifest\u00f3 que con ello se tendr\u00e1 de manera hist\u00f3rica un total de 80 mil 400 vacunas COVID, logrando distribuir 49 mil 175 vacunas para adultos mayores de 5 municipios y 31 mil 225 dosis para personal de salud.<\/span><\/p>\n<p style=\"text-align: justify;\">\n<p><span style=\"font-size: 14pt; font-family: arial, helvetica, sans-serif;\">Refrend\u00f3 el compromiso de todas las autoridades y del Comando Estatal de Vacunaci\u00f3n, en continuar trabajando como uno mismo para hacerle frente a la pandemia por COVID \u2013 19 con la \u00fanica finalidad de atender a la poblaci\u00f3n sinaloense y estados vecinos.<\/span><\/p>\n<p style=\"text-align: justify;\">&nbsp;<\/p>\n<p style=\"text-align: justify;\">&nbsp;<\/p>\n<p style=\"text-align: justify;\"><span style=\"font-size: 14pt; font-family: arial, helvetica, sans-serif;\">REDACCI\u00d3N\/VISI\u00d3N CIUDADANA.<\/span><\/p>\n","protected":false},"excerpt":{"rendered":"<p>Con la llegada de 35 mil vacunas Pfizer, Sinaloa se convierte en un centro de distribuci\u00f3n y redistribuci\u00f3n de vacunas COVID para municipios de la entidad y estados circunvecinos, al contar con suficiente capacidad f\u00edsica instalada para cuidar la red de fr\u00edo gracias a los ultra congeladores que dispuso la UAS al Comit\u00e9 Estatal de [&hellip;]<\/p>\n","protected":false},"author":1,"featured_media":6878,"comment_status":"closed","ping_status":"closed","sticky":false,"template":"","format":"standard","meta":{"footnotes":""},"categories":[24],"tags":[],"ppma_author":[31],"class_list":["post-15002","post","type-post","status-publish","format-standard","has-post-thumbnail","hentry","category-relevantes"],"aioseo_notices":[],"authors":[{"term_id":31,"user_id":1,"is_guest":0,"slug":"ivan3vino","display_name":"Iv\u00e1n Trevi\u00f1o","avatar_url":{"url":"https:\/\/visionciudadana.com.mx\/oficial\/wp-content\/uploads\/2025\/09\/columna-ivan-Trevino.png","url2x":"https:\/\/visionciudadana.com.mx\/oficial\/wp-content\/uploads\/2025\/09\/columna-ivan-Trevino.png"},"0":null,"1":"","2":"","3":"","4":"","5":"","6":"","7":"","8":""}],"_links":{"self":[{"href":"https:\/\/visionciudadana.com.mx\/oficial\/wp-json\/wp\/v2\/posts\/15002","targetHints":{"allow":["GET"]}}],"collection":[{"href":"https:\/\/visionciudadana.com.mx\/oficial\/wp-json\/wp\/v2\/posts"}],"about":[{"href":"https:\/\/visionciudadana.com.mx\/oficial\/wp-json\/wp\/v2\/types\/post"}],"author":[{"embeddable":true,"href":"https:\/\/visionciudadana.com.mx\/oficial\/wp-json\/wp\/v2\/users\/1"}],"replies":[{"embeddable":true,"href":"https:\/\/visionciudadana.com.mx\/oficial\/wp-json\/wp\/v2\/comments?post=15002"}],"version-history":[{"count":1,"href":"https:\/\/visionciudadana.com.mx\/oficial\/wp-json\/wp\/v2\/posts\/15002\/revisions"}],"predecessor-version":[{"id":31351,"href":"https:\/\/visionciudadana.com.mx\/oficial\/wp-json\/wp\/v2\/posts\/15002\/revisions\/31351"}],"wp:featuredmedia":[{"embeddable":true,"href":"https:\/\/visionciudadana.com.mx\/oficial\/wp-json\/wp\/v2\/posts\/6878"}],"wp:attachment":[{"href":"https:\/\/visionciudadana.com.mx\/oficial\/wp-json\/wp\/v2\/media?parent=15002"}],"wp:term":[{"taxonomy":"category","embeddable":true,"href":"https:\/\/visionciudadana.com.mx\/oficial\/wp-json\/wp\/v2\/categories?post=15002"},{"taxonomy":"post_tag","embeddable":true,"href":"https:\/\/visionciudadana.com.mx\/oficial\/wp-json\/wp\/v2\/tags?post=15002"},{"taxonomy":"author","embeddable":true,"href":"https:\/\/visionciudadana.com.mx\/oficial\/wp-json\/wp\/v2\/ppma_author?post=15002"}],"curies":[{"name":"wp","href":"https:\/\/api.w.org\/{rel}","templated":true}]}}