{"id":15001,"date":"2021-03-04T05:05:17","date_gmt":"2021-03-04T05:05:17","guid":{"rendered":"https:\/\/visionciudadana.com.mx\/prueba\/2021\/03\/04\/con-la-llegada-de-rocha-moya-a-la-gubernatura-sinaloa-tiene-grandes-oportunidades\/"},"modified":"2025-06-25T00:32:18","modified_gmt":"2025-06-25T00:32:18","slug":"con-la-llegada-de-rocha-moya-a-la-gubernatura-sinaloa-tiene-grandes-oportunidades","status":"publish","type":"post","link":"https:\/\/visionciudadana.com.mx\/oficial\/2021\/03\/04\/con-la-llegada-de-rocha-moya-a-la-gubernatura-sinaloa-tiene-grandes-oportunidades\/","title":{"rendered":"Con la llegada de Rocha Moya a la gubernatura, Sinaloa tiene grandes oportunidades"},"content":{"rendered":"<p><img fetchpriority=\"high\" decoding=\"async\" src=\"images\/Marzos21\/con_la_llegada.PNG\" alt=\"con la llegada\" width=\"401\" height=\"238\" style=\"display: block; margin-left: auto; margin-right: auto;\" \/><\/p>\n<div style=\"text-align: justify;\"><span style=\"font-size: 14pt; font-family: arial, helvetica, sans-serif;\">H\u00e9ctor Melesio Cu\u00e9n Ojeda, presidente del Partido Sinaloense conf\u00eda en que la unidad a trav\u00e9s de candidaturas comunes entre el PAS y MORENA ser\u00e1 de gran beneficio para la poblaci\u00f3n, asimismo descalific\u00f3 los se\u00f1alamientos negativos que se han expresado al respecto, coment\u00e1ndolo de esta manera: \u201cDe ese tama\u00f1o es el dolor de Andr\u00e9s, la verdad es que tomamos una decisi\u00f3n dif\u00edcil, el hecho de que un servidor se haya bajado de la candidatura a gobernador, algo que se ha trabajado durante 8 a\u00f1os no es nada f\u00e1cil\u201d.<\/span><\/div>\n<div style=\"text-align: justify;\">\n<p><span style=\"font-size: 14pt; font-family: arial, helvetica, sans-serif;\">Sin embargo, Cu\u00e9n Ojeda valor\u00f3 lo siguiente: \u201cHoy vemos una gran oportunidad de que llegue el Dr. Rub\u00e9n Rocha Moya al gobierno del estado de Sinaloa, una persona que yo conozco desde hace 40 a\u00f1os y que ha demostrado su capacidad, y que yo no deseo que desaprovechemos esta oportunidad y volvamos al pasado\u201d.<\/span><\/div>\n<div style=\"text-align: justify;\">&nbsp;<\/div>\n<div style=\"text-align: justify;\"><span style=\"font-size: 14pt; font-family: arial, helvetica, sans-serif;\">No se deben repetir los errores, un ejemplo de ello es la gran cantidad de sinaloenses que han muerto por la pandemia del COVID 19, sino fuera por tanta corrupci\u00f3n que se dio en el pasado y hoy estamos pagando la factura, sobre todo la clase media baja.<\/span><\/div>\n<div style=\"text-align: justify;\">\n<p><span style=\"font-size: 14pt; font-family: arial, helvetica, sans-serif;\">El acuerdo con MORENA fue algo de suma importancia para la militancia del PAS, \u201cla tomamos despu\u00e9s de mucha discusi\u00f3n en el partido, y cuando me dijeron que yo iba a ser el sacrificado lo entend\u00ed y lo asum\u00ed con mucha claridad, dado que con la llegada de Rub\u00e9n Rocha Moya hay mucha confianza de que Sinaloa puede salir adelante, que nos pegamos un agarre cuando fuimos candidatos al senado es cierto, as\u00ed como tambi\u00e9n cuando se\u00f1al\u00e9 la corrupci\u00f3n del actual gobernador al firmar la compra de las Nanopatrullas, y hoy nos llevamos muy bien, debe entenderse que ese tipo de discusiones se da al calor de las campa\u00f1as electorales\u201d. Se\u00f1al\u00f3 Cu\u00e9n Ojeda.<\/span><\/div>\n<div style=\"text-align: justify;\">\n<p><span style=\"font-size: 14pt; font-family: arial, helvetica, sans-serif;\">Tambi\u00e9n nos debe quedar claro \u201cque el trabajo sucio est\u00e1 recopilando todo, lo agarran, se lo pasan a los amigos a los columnistas que les tienen cari\u00f1o ah\u00ed en el gobierno, al rato aparecer\u00e1n a nivel nacional con columnistas que tambi\u00e9n gozan de ese mismo cari\u00f1o\u201d, coment\u00f3 Cu\u00e9n Ojeda.<\/span><\/div>\n<div style=\"text-align: justify;\">\n<p><span style=\"font-size: 14pt; font-family: arial, helvetica, sans-serif;\">Finalmente, lo que estamos haciendo hoy es planear las cosas para que la estructura del PAS se involucre a favor de la candidatura de Rocha Moya, y hablo de los 629 subcomit\u00e9s de los 3601 comit\u00e9s seccionales, es decir cumplir nuestro compromiso.<\/span><\/div>\n<div style=\"text-align: justify;\">&nbsp;<\/div>\n<div style=\"text-align: justify;\">&nbsp;<\/div>\n<div style=\"text-align: justify;\"><span style=\"font-size: 14pt; font-family: arial, helvetica, sans-serif;\">REDACCI\u00d3N\/VISI\u00d3N CIUDADANA.<\/span><\/div>\n","protected":false},"excerpt":{"rendered":"<p>H\u00e9ctor Melesio Cu\u00e9n Ojeda, presidente del Partido Sinaloense conf\u00eda en que la unidad a trav\u00e9s de candidaturas comunes entre el PAS y MORENA ser\u00e1 de gran beneficio para la poblaci\u00f3n, asimismo descalific\u00f3 los se\u00f1alamientos negativos que se han expresado al respecto, coment\u00e1ndolo de esta manera: \u201cDe ese tama\u00f1o es el dolor de Andr\u00e9s, la verdad [&hellip;]<\/p>\n","protected":false},"author":1,"featured_media":6876,"comment_status":"closed","ping_status":"closed","sticky":false,"template":"","format":"standard","meta":{"footnotes":""},"categories":[24],"tags":[],"ppma_author":[31],"class_list":["post-15001","post","type-post","status-publish","format-standard","has-post-thumbnail","hentry","category-relevantes"],"aioseo_notices":[],"authors":[{"term_id":31,"user_id":1,"is_guest":0,"slug":"ivan3vino","display_name":"Iv\u00e1n Trevi\u00f1o","avatar_url":{"url":"https:\/\/visionciudadana.com.mx\/oficial\/wp-content\/uploads\/2025\/09\/columna-ivan-Trevino.png","url2x":"https:\/\/visionciudadana.com.mx\/oficial\/wp-content\/uploads\/2025\/09\/columna-ivan-Trevino.png"},"0":null,"1":"","2":"","3":"","4":"","5":"","6":"","7":"","8":""}],"_links":{"self":[{"href":"https:\/\/visionciudadana.com.mx\/oficial\/wp-json\/wp\/v2\/posts\/15001","targetHints":{"allow":["GET"]}}],"collection":[{"href":"https:\/\/visionciudadana.com.mx\/oficial\/wp-json\/wp\/v2\/posts"}],"about":[{"href":"https:\/\/visionciudadana.com.mx\/oficial\/wp-json\/wp\/v2\/types\/post"}],"author":[{"embeddable":true,"href":"https:\/\/visionciudadana.com.mx\/oficial\/wp-json\/wp\/v2\/users\/1"}],"replies":[{"embeddable":true,"href":"https:\/\/visionciudadana.com.mx\/oficial\/wp-json\/wp\/v2\/comments?post=15001"}],"version-history":[{"count":1,"href":"https:\/\/visionciudadana.com.mx\/oficial\/wp-json\/wp\/v2\/posts\/15001\/revisions"}],"predecessor-version":[{"id":31352,"href":"https:\/\/visionciudadana.com.mx\/oficial\/wp-json\/wp\/v2\/posts\/15001\/revisions\/31352"}],"wp:featuredmedia":[{"embeddable":true,"href":"https:\/\/visionciudadana.com.mx\/oficial\/wp-json\/wp\/v2\/posts\/6876"}],"wp:attachment":[{"href":"https:\/\/visionciudadana.com.mx\/oficial\/wp-json\/wp\/v2\/media?parent=15001"}],"wp:term":[{"taxonomy":"category","embeddable":true,"href":"https:\/\/visionciudadana.com.mx\/oficial\/wp-json\/wp\/v2\/categories?post=15001"},{"taxonomy":"post_tag","embeddable":true,"href":"https:\/\/visionciudadana.com.mx\/oficial\/wp-json\/wp\/v2\/tags?post=15001"},{"taxonomy":"author","embeddable":true,"href":"https:\/\/visionciudadana.com.mx\/oficial\/wp-json\/wp\/v2\/ppma_author?post=15001"}],"curies":[{"name":"wp","href":"https:\/\/api.w.org\/{rel}","templated":true}]}}