{"id":15000,"date":"2021-03-04T05:01:27","date_gmt":"2021-03-04T05:01:27","guid":{"rendered":"https:\/\/visionciudadana.com.mx\/prueba\/2021\/03\/04\/inicia-reapertura-de-calle-angel-flores-a-transito-vehicular-se-establece-carril-para-circulacion-peatonal\/"},"modified":"2025-06-25T00:32:18","modified_gmt":"2025-06-25T00:32:18","slug":"inicia-reapertura-de-calle-angel-flores-a-transito-vehicular-se-establece-carril-para-circulacion-peatonal","status":"publish","type":"post","link":"https:\/\/visionciudadana.com.mx\/oficial\/2021\/03\/04\/inicia-reapertura-de-calle-angel-flores-a-transito-vehicular-se-establece-carril-para-circulacion-peatonal\/","title":{"rendered":"Inicia reapertura de calle \u00c1ngel Flores a tr\u00e1nsito vehicular, se establece carril para circulaci\u00f3n peatonal"},"content":{"rendered":"<p>&nbsp;<\/p>\n<p><img fetchpriority=\"high\" decoding=\"async\" src=\"images\/Marzos21\/inicia_reapertura.PNG\" alt=\"inicia reapertura\" width=\"392\" height=\"223\" style=\"display: block; margin-left: auto; margin-right: auto;\" \/><\/p>\n<p class=\"x_MsoNormal\" style=\"text-align: justify;\"><span style=\"font-size: 14pt; font-family: arial, helvetica, sans-serif;\">La calle \u00c1ngel Flores en el tramo que comprende de la calle Juan Carrasco a la avenida Domingo Rub\u00ed fue reabierta al tr\u00e1nsito vehicular, con lo que el Gobierno de Culiac\u00e1n por instrucci\u00f3n del alcalde Lic. Jes\u00fas Estrada Ferreiro, busca desfogar el tr\u00e1fico pero a la par de ello continuar con condiciones de movilidad segura para el peat\u00f3n, por lo que se estableci\u00f3 un carril para la circulaci\u00f3n peatonal.<\/span><\/p>\n<p style=\"text-align: justify;\">&nbsp;<\/p>\n<p class=\"x_MsoNormal\" style=\"text-align: justify;\"><span style=\"font-size: 14pt; font-family: arial, helvetica, sans-serif;\">El presidente municipal inform\u00f3 que a partir de hoy podr\u00e1n circular veh\u00edculos particulares y unidades de transporte p\u00fablico, sin embargo estas \u00faltimas no podr\u00e1n subir ni bajar pasaje en esta calle, por lo que tendr\u00e1n que hacerlo en el paradero que se localiza en la calle \u00c1ngel Flores al cruzar la calle Domingo Rub\u00ed.<\/span><\/p>\n<p style=\"text-align: justify;\">&nbsp;<\/p>\n<p class=\"x_MsoNormal\" style=\"text-align: justify;\"><span style=\"font-size: 14pt; font-family: arial, helvetica, sans-serif;\">La medida acordada con locatarios del primer cuadro, Mercado Garmendia y transportistas, tiene como objetivo dar continuidad a la fluidez vehicular adem\u00e1s de mantener un espacio amplio para que puedan caminar los peatones, inhibiendo as\u00ed el riesgo de contagios de COVID-19 y para lo que se instalaron los maceteros que delimitan el carril.<\/span><\/p>\n<p style=\"text-align: justify;\">&nbsp;<\/p>\n<p class=\"x_MsoNormal\" style=\"text-align: justify;\"><span style=\"font-size: 14pt; font-family: arial, helvetica, sans-serif;\">Tras sostener reuniones continuas con la autoridad municipal, y conforme al sem\u00e1foro epidemiol\u00f3gico, fue que se tom\u00f3 esta decisi\u00f3n que a todos beneficia y en la cual contribuiremos para que se respete lo establecido, evitando que tanto camiones urbanos como unidades de carga del Mercado Garmendia y locatarios, suban y bajen pasaje o descarguen mercanc\u00eda, expres\u00f3 el secretario de Transporte Urbano de la CNOP, Jaime Palazuelos.<\/span><\/p>\n<p style=\"text-align: justify;\">&nbsp;<\/p>\n<p class=\"x_MsoNormal\" style=\"text-align: justify;\"><span style=\"font-size: 14pt; font-family: arial, helvetica, sans-serif;\">Precis\u00f3 que las rutas que circulan por la calle \u00c1ngel Flores son Stase, Agustina Ram\u00edrez, Juntas Canaco, 10 de abril y Canal 3, por lo que ya se dialog\u00f3 con choferes y transportistas para que se apeguen a dichos acuerdos y no se entorpezca el tr\u00e1fico.<\/span><\/p>\n<p style=\"text-align: justify;\">&nbsp;<\/p>\n<p class=\"x_MsoNormal\" style=\"text-align: justify;\"><span style=\"font-size: 14pt; font-family: arial, helvetica, sans-serif;\">Asimismo, el secretario del Mercado Garmendia, Manuel Palomera, dijo que la apertura de esta calle es algo que beneficia a la econom\u00eda de los locatarios y al acceso de los ciudadanos que acuden a hacer sus compras en el centro, por lo que al concretarse la petici\u00f3n conforme al estatus sanitario del municipio, se comprometieron tambi\u00e9n a respetar lo acordado y a sumar esfuerzos para evitar aglomeraciones.<\/span><\/p>\n<p style=\"text-align: justify;\">&nbsp;<\/p>\n<p class=\"x_MsoNormal\" style=\"text-align: justify;\"><span style=\"font-size: 14pt; font-family: arial, helvetica, sans-serif;\">En este sentido, se reitera el llamado a la ciudadan\u00eda a respetar las indicaciones de los agentes de Vialidad y Tr\u00e1nsito y a continuar con&nbsp;los protocolos sanitarios establecidos para evitar contagios de COVID-19 ya que la contingencia sanitaria contin\u00faa.&nbsp;<\/span><\/p>\n<p style=\"text-align: justify;\">&nbsp;<\/p>\n<p style=\"text-align: justify;\"><span style=\"font-size: 14pt; font-family: arial, helvetica, sans-serif;\">REDACCI\u00d3N\/VISI\u00d3N CIUDADANA.<\/span><\/p>\n","protected":false},"excerpt":{"rendered":"<p>&nbsp; La calle \u00c1ngel Flores en el tramo que comprende de la calle Juan Carrasco a la avenida Domingo Rub\u00ed fue reabierta al tr\u00e1nsito vehicular, con lo que el Gobierno de Culiac\u00e1n por instrucci\u00f3n del alcalde Lic. Jes\u00fas Estrada Ferreiro, busca desfogar el tr\u00e1fico pero a la par de ello continuar con condiciones de movilidad [&hellip;]<\/p>\n","protected":false},"author":1,"featured_media":6874,"comment_status":"closed","ping_status":"closed","sticky":false,"template":"","format":"standard","meta":{"footnotes":""},"categories":[24],"tags":[],"ppma_author":[31],"class_list":["post-15000","post","type-post","status-publish","format-standard","has-post-thumbnail","hentry","category-relevantes"],"aioseo_notices":[],"authors":[{"term_id":31,"user_id":1,"is_guest":0,"slug":"ivan3vino","display_name":"Iv\u00e1n Trevi\u00f1o","avatar_url":{"url":"https:\/\/visionciudadana.com.mx\/oficial\/wp-content\/uploads\/2025\/09\/columna-ivan-Trevino.png","url2x":"https:\/\/visionciudadana.com.mx\/oficial\/wp-content\/uploads\/2025\/09\/columna-ivan-Trevino.png"},"0":null,"1":"","2":"","3":"","4":"","5":"","6":"","7":"","8":""}],"_links":{"self":[{"href":"https:\/\/visionciudadana.com.mx\/oficial\/wp-json\/wp\/v2\/posts\/15000","targetHints":{"allow":["GET"]}}],"collection":[{"href":"https:\/\/visionciudadana.com.mx\/oficial\/wp-json\/wp\/v2\/posts"}],"about":[{"href":"https:\/\/visionciudadana.com.mx\/oficial\/wp-json\/wp\/v2\/types\/post"}],"author":[{"embeddable":true,"href":"https:\/\/visionciudadana.com.mx\/oficial\/wp-json\/wp\/v2\/users\/1"}],"replies":[{"embeddable":true,"href":"https:\/\/visionciudadana.com.mx\/oficial\/wp-json\/wp\/v2\/comments?post=15000"}],"version-history":[{"count":1,"href":"https:\/\/visionciudadana.com.mx\/oficial\/wp-json\/wp\/v2\/posts\/15000\/revisions"}],"predecessor-version":[{"id":31353,"href":"https:\/\/visionciudadana.com.mx\/oficial\/wp-json\/wp\/v2\/posts\/15000\/revisions\/31353"}],"wp:featuredmedia":[{"embeddable":true,"href":"https:\/\/visionciudadana.com.mx\/oficial\/wp-json\/wp\/v2\/posts\/6874"}],"wp:attachment":[{"href":"https:\/\/visionciudadana.com.mx\/oficial\/wp-json\/wp\/v2\/media?parent=15000"}],"wp:term":[{"taxonomy":"category","embeddable":true,"href":"https:\/\/visionciudadana.com.mx\/oficial\/wp-json\/wp\/v2\/categories?post=15000"},{"taxonomy":"post_tag","embeddable":true,"href":"https:\/\/visionciudadana.com.mx\/oficial\/wp-json\/wp\/v2\/tags?post=15000"},{"taxonomy":"author","embeddable":true,"href":"https:\/\/visionciudadana.com.mx\/oficial\/wp-json\/wp\/v2\/ppma_author?post=15000"}],"curies":[{"name":"wp","href":"https:\/\/api.w.org\/{rel}","templated":true}]}}