{"id":14999,"date":"2021-03-04T04:56:32","date_gmt":"2021-03-04T04:56:32","guid":{"rendered":"https:\/\/visionciudadana.com.mx\/prueba\/2021\/03\/04\/votaran-las-y-los-diputados-del-pri-a-favor-de-la-municipalizacion-de-eldorado-y-juan-jose-rios\/"},"modified":"2025-06-25T00:32:19","modified_gmt":"2025-06-25T00:32:19","slug":"votaran-las-y-los-diputados-del-pri-a-favor-de-la-municipalizacion-de-eldorado-y-juan-jose-rios","status":"publish","type":"post","link":"https:\/\/visionciudadana.com.mx\/oficial\/2021\/03\/04\/votaran-las-y-los-diputados-del-pri-a-favor-de-la-municipalizacion-de-eldorado-y-juan-jose-rios\/","title":{"rendered":"Votar\u00e1n las y los diputados del PRI a favor de la municipalizaci\u00f3n de Eldorado y Juan Jose R\u00edos"},"content":{"rendered":"<p>&nbsp;<\/p>\n<p class=\"x_MsoNormal\" align=\"right\"><img fetchpriority=\"high\" decoding=\"async\" src=\"images\/Marzos21\/votar\u00e1n_las_y_los.PNG\" alt=\"votar\u00e1n las y los\" width=\"416\" height=\"225\" style=\"display: block; margin-left: auto; margin-right: auto;\" \/><\/p>\n<p class=\"x_MsoNormal\" style=\"text-align: justify;\"><span style=\"font-size: 14pt; font-family: arial, helvetica, sans-serif;\">El coordinador del Grupo Parlamentario del PRI en el Congreso de Sinaloa, Diputado Sergio Jacobo Guti\u00e9rrez,&nbsp; adelant\u00f3 que&nbsp; las diputadas y los diputados integrantes de esta fracci\u00f3n legislativa votar\u00e1n&nbsp; a favor de la municipalizaci\u00f3n de Eldorado y Juan Jos\u00e9 R\u00edos&nbsp; para cumplir, al fin, con un viejo anhelo de sus habitantes.<\/span><\/p>\n<p style=\"text-align: justify;\">&nbsp;<\/p>\n<p class=\"x_MsoNormal\" style=\"text-align: justify;\"><span style=\"font-size: 14pt; font-family: arial, helvetica, sans-serif;\">Resalt\u00f3&nbsp; tambi\u00e9n la voluntad pol\u00edtica del Gobernador Quirino Ordaz Coppel, el impulso del Diputado Faustino Hern\u00e1ndez \u00c1lvarez, el entusiasmo del Comit\u00e9 Pro Municipalizaci\u00f3n, pero sobre todo el deseo de la gente, que fueron factores decisivos para que finalmente se concrete la creaci\u00f3n de estos municipios.<\/span><\/p>\n<p style=\"text-align: justify;\">&nbsp;<\/p>\n<p class=\"x_MsoNormal\" style=\"text-align: justify;\"><span style=\"font-size: 14pt; font-family: arial, helvetica, sans-serif;\">Destac\u00f3 que el PRI siempre ha estado a favor de esta iniciativa, pero con responsabilidad, ya que siempre se exigi\u00f3 primero cumplir con los requerimientos legales y t\u00e9cnicos necesarios para garantizar&nbsp; la viabilidad financiera, por lo que el pr\u00f3ximo viernes la fracci\u00f3n legislativa pri\u00edsta dar\u00e1 su voto a favor para alcanzar la mayor\u00eda calificada que se requiere para su aprobaci\u00f3n.<\/span><\/p>\n<p style=\"text-align: justify;\">&nbsp;<\/p>\n<p class=\"x_MsoNormal\" style=\"text-align: justify;\"><span style=\"font-size: 14pt; font-family: arial, helvetica, sans-serif;\">\u201cNosotros siempre estuvimos a favor de la municipalizaci\u00f3n. \u00bfQu\u00e9 es lo que pedimos? Que las cosas se hagan bien y en apego a la ley. El municipio de Eldorado va para adelante, con el voto necesario e indispensable de las diputadas y los diputados del PRI,\u201d subray\u00f3 Sergio Jacobo.<\/span><\/p>\n<p style=\"text-align: justify;\">&nbsp;<\/p>\n<p class=\"x_MsoNormal\" style=\"text-align: justify;\"><span style=\"font-size: 14pt; font-family: arial, helvetica, sans-serif;\">En reuni\u00f3n con el Comit\u00e9 de Municipalizaci\u00f3n de Eldorado, el legislador local del PRI destac\u00f3 tambi\u00e9n la voluntad pol\u00edtica del Gobernador Quirino Ordaz Coppel para crear este nuevo municipio.<\/span><\/p>\n<p style=\"text-align: justify;\">&nbsp;<\/p>\n<p class=\"x_MsoNormal\" style=\"text-align: justify;\"><span style=\"font-size: 14pt; font-family: arial, helvetica, sans-serif;\">\u201cSi bien es cierto \u00e9l no es legislador, la voluntad pol\u00edtica del gobernador all\u00ed est\u00e1, y el compromiso con ustedes\u201d, se\u00f1al\u00f3.<\/span><\/p>\n<p style=\"text-align: justify;\">&nbsp;<\/p>\n<p class=\"x_MsoNormal\" style=\"text-align: justify;\"><span style=\"font-size: 14pt; font-family: arial, helvetica, sans-serif;\">En la reuni\u00f3n, el diputado Sergio Jacobo Guti\u00e9rrez&nbsp; brind\u00f3 tambi\u00e9n un reconocimiento al diputado Faustino Hern\u00e1ndez \u00c1lvarez, por su trabajo para concretar este viejo sue\u00f1o.<\/span><\/p>\n<p style=\"text-align: justify;\">&nbsp;<\/p>\n<p class=\"x_MsoNormal\" style=\"text-align: justify;\"><span style=\"font-size: 14pt; font-family: arial, helvetica, sans-serif;\">\u201cEsta postura, que hoy yo les vengo a compartir, del Grupo Parlamentario del PRI, est\u00e1 inspirada, en mucho, por el diputado Faustino Hern\u00e1ndez \u00c1lvarez. Les quiero decir a ustedes, que siempre me insist\u00eda a m\u00ed, como coordinador del grupo, hay que apoyar este proyecto de municipalizaci\u00f3n de Eldorado\u201d, dijo.<\/span><\/p>\n<p style=\"text-align: justify;\">&nbsp;<\/p>\n<p class=\"x_MsoNormal\" style=\"text-align: justify;\"><span style=\"font-size: 14pt; font-family: arial, helvetica, sans-serif;\">\u201cY hoy, quiero decirlo con todas sus letras, para que quede grabado: Faustino Hern\u00e1ndez va a pasar a la historia, como uno de los grandes art\u00edfices de la municipalizaci\u00f3n de Eldorado\u201d, dijo.<\/span><\/p>\n<p style=\"text-align: justify;\">&nbsp;<\/p>\n<p class=\"x_MsoNormal\" style=\"text-align: justify;\"><span style=\"font-size: 14pt; font-family: arial, helvetica, sans-serif;\">Finalmente,&nbsp; el coordinador del grupo legislativo del PRI hizo un reconocimiento p\u00fablico a la labor que realiz\u00f3 el Comit\u00e9 Pro Municipalizaci\u00f3n de Eldorado,&nbsp; encabezado por el S\u00edndico Jes\u00fas Alberto Camberos;&nbsp; Francisco Castro Rojo, Faustino Torres N\u00fa\u00f1ez y Manuel Alfredo Campas.<\/span><\/p>\n<p style=\"text-align: justify;\">&nbsp;<\/p>\n<p class=\"x_MsoNormal\" style=\"text-align: justify;\"><span style=\"font-size: 14pt; font-family: arial, helvetica, sans-serif;\">Por su parte, el diputado Faustino Hern\u00e1ndez \u00c1lvarez destac\u00f3&nbsp; la unidad que prevalecer\u00e1 el pr\u00f3ximo viernes en la aprobaci\u00f3n de estas municipalizaciones, al dar seguramente su voto favorable todas las diputadas y los diputados, de las diferentes fracciones legislativas.<\/span><\/p>\n<p style=\"text-align: justify;\">&nbsp;<\/p>\n<p class=\"x_MsoNormal\" style=\"text-align: justify;\"><span style=\"font-size: 14pt; font-family: arial, helvetica, sans-serif;\">\u201cLo m\u00e1s importante es que este sue\u00f1o se va hacer realidad en consenso, en unidad; el viernes, no hay diferencias de partidos, no hay; todos vamos juntos por este proyecto\u201d, se\u00f1al\u00f3 Faustino Hern\u00e1ndez.<\/span><\/p>\n<p style=\"text-align: justify;\">&nbsp;<\/p>\n<p style=\"text-align: justify;\"><span style=\"font-size: 14pt; font-family: arial, helvetica, sans-serif;\">REDACCI\u00d3N\/VISI\u00d3N CIUDADANA.<\/span><\/p>\n","protected":false},"excerpt":{"rendered":"<p>&nbsp; El coordinador del Grupo Parlamentario del PRI en el Congreso de Sinaloa, Diputado Sergio Jacobo Guti\u00e9rrez,&nbsp; adelant\u00f3 que&nbsp; las diputadas y los diputados integrantes de esta fracci\u00f3n legislativa votar\u00e1n&nbsp; a favor de la municipalizaci\u00f3n de Eldorado y Juan Jos\u00e9 R\u00edos&nbsp; para cumplir, al fin, con un viejo anhelo de sus habitantes. &nbsp; Resalt\u00f3&nbsp; tambi\u00e9n [&hellip;]<\/p>\n","protected":false},"author":1,"featured_media":6872,"comment_status":"closed","ping_status":"closed","sticky":false,"template":"","format":"standard","meta":{"footnotes":""},"categories":[24],"tags":[],"ppma_author":[31],"class_list":["post-14999","post","type-post","status-publish","format-standard","has-post-thumbnail","hentry","category-relevantes"],"aioseo_notices":[],"authors":[{"term_id":31,"user_id":1,"is_guest":0,"slug":"ivan3vino","display_name":"Iv\u00e1n Trevi\u00f1o","avatar_url":{"url":"https:\/\/visionciudadana.com.mx\/oficial\/wp-content\/uploads\/2025\/09\/columna-ivan-Trevino.png","url2x":"https:\/\/visionciudadana.com.mx\/oficial\/wp-content\/uploads\/2025\/09\/columna-ivan-Trevino.png"},"0":null,"1":"","2":"","3":"","4":"","5":"","6":"","7":"","8":""}],"_links":{"self":[{"href":"https:\/\/visionciudadana.com.mx\/oficial\/wp-json\/wp\/v2\/posts\/14999","targetHints":{"allow":["GET"]}}],"collection":[{"href":"https:\/\/visionciudadana.com.mx\/oficial\/wp-json\/wp\/v2\/posts"}],"about":[{"href":"https:\/\/visionciudadana.com.mx\/oficial\/wp-json\/wp\/v2\/types\/post"}],"author":[{"embeddable":true,"href":"https:\/\/visionciudadana.com.mx\/oficial\/wp-json\/wp\/v2\/users\/1"}],"replies":[{"embeddable":true,"href":"https:\/\/visionciudadana.com.mx\/oficial\/wp-json\/wp\/v2\/comments?post=14999"}],"version-history":[{"count":1,"href":"https:\/\/visionciudadana.com.mx\/oficial\/wp-json\/wp\/v2\/posts\/14999\/revisions"}],"predecessor-version":[{"id":31354,"href":"https:\/\/visionciudadana.com.mx\/oficial\/wp-json\/wp\/v2\/posts\/14999\/revisions\/31354"}],"wp:featuredmedia":[{"embeddable":true,"href":"https:\/\/visionciudadana.com.mx\/oficial\/wp-json\/wp\/v2\/posts\/6872"}],"wp:attachment":[{"href":"https:\/\/visionciudadana.com.mx\/oficial\/wp-json\/wp\/v2\/media?parent=14999"}],"wp:term":[{"taxonomy":"category","embeddable":true,"href":"https:\/\/visionciudadana.com.mx\/oficial\/wp-json\/wp\/v2\/categories?post=14999"},{"taxonomy":"post_tag","embeddable":true,"href":"https:\/\/visionciudadana.com.mx\/oficial\/wp-json\/wp\/v2\/tags?post=14999"},{"taxonomy":"author","embeddable":true,"href":"https:\/\/visionciudadana.com.mx\/oficial\/wp-json\/wp\/v2\/ppma_author?post=14999"}],"curies":[{"name":"wp","href":"https:\/\/api.w.org\/{rel}","templated":true}]}}