{"id":14998,"date":"2021-03-04T04:47:49","date_gmt":"2021-03-04T04:47:49","guid":{"rendered":"https:\/\/visionciudadana.com.mx\/prueba\/2021\/03\/04\/rinde-homenaje-congreso-a-damaso-murua-con-busto-y-placa-en-corredor-cultural\/"},"modified":"2025-06-25T00:32:19","modified_gmt":"2025-06-25T00:32:19","slug":"rinde-homenaje-congreso-a-damaso-murua-con-busto-y-placa-en-corredor-cultural","status":"publish","type":"post","link":"https:\/\/visionciudadana.com.mx\/oficial\/2021\/03\/04\/rinde-homenaje-congreso-a-damaso-murua-con-busto-y-placa-en-corredor-cultural\/","title":{"rendered":"Rinde Homenaje Congreso a D\u00e1maso Mur\u00faa con busto y placa en corredor cultural"},"content":{"rendered":"<p>&nbsp;<\/p>\n<p><img fetchpriority=\"high\" decoding=\"async\" src=\"images\/Marzos21\/rinden_homenaje.PNG\" alt=\"rinden homenaje\" width=\"342\" height=\"203\" style=\"display: block; margin-left: auto; margin-right: auto;\" \/><\/p>\n<p style=\"text-align: justify;\"><span style=\"font-size: 14pt; font-family: arial, helvetica, sans-serif;\"> El Congreso del Estado de Sinaloa rinde homenaje al escritor escuinapense D\u00e1maso Mur\u00faa Beltr\u00e1n, al poner su nombre al Corredor Cultural del Palacio Legislativo, en donde se devel\u00f3 una placa alusiva y un busto para preservar su memoria Graciela Dom\u00ednguez Nava, presidenta de la Junta de Coordinaci\u00f3n Pol\u00edtica, inform\u00f3 que se facult\u00f3 a las Comisiones de Educaci\u00f3n P\u00fablica y Cultura, de Biblioteca, Cultura Parlamentaria y Asuntos Editoriales, para que promuevan la edici\u00f3n en formato popular del \u201cG\u00fcilo Mentiras\u201d, y otras de las obras m\u00e1s conocidas del homenajeado.<\/span><\/p>\n<p style=\"text-align: justify;\">&nbsp;<\/p>\n<p style=\"text-align: justify;\"><span style=\"font-size: 14pt; font-family: arial, helvetica, sans-serif;\"> La ceremonia del nombramiento del corredor tuvo lugar este mi\u00e9rcoles y asisti\u00f3 Yuri Mur\u00faa Beltr\u00e1n Enr\u00edquez, hijo de D\u00e1maso Mur\u00faa, quien a nombre de la familia agradeci\u00f3 al Congreso del Estado este homenaje que se le rinde a su padre, de quien ley\u00f3 varios p\u00e1rrafos de distintas obras. <\/span><\/p>\n<p style=\"text-align: justify;\">&nbsp;<\/p>\n<p style=\"text-align: justify;\"><span style=\"font-size: 14pt; font-family: arial, helvetica, sans-serif;\">Tambi\u00e9n estuvo la presidenta de la Mesa Directiva del Congreso, Roxana Rubio Valdez, quien firm\u00f3 un convenio con Yuri Mur\u00faa para formalizar la publicaci\u00f3n de las obras del homenajeado. <\/span><\/p>\n<p style=\"text-align: justify;\">&nbsp;<\/p>\n<p style=\"text-align: justify;\"><span style=\"font-size: 14pt; font-family: arial, helvetica, sans-serif;\">Ante ellos, y p\u00fablico invitado, as\u00ed como diputadas y diputados asistentes, Graciela Dom\u00ednguez afirm\u00f3 que D\u00e1maso Mur\u00faa Beltr\u00e1n es un sinaloense distinguido por derecho propio. <\/span><\/p>\n<p style=\"text-align: justify;\">&nbsp;<\/p>\n<p style=\"text-align: justify;\"><span style=\"font-size: 14pt; font-family: arial, helvetica, sans-serif;\">\u201cSu literatura, recrea la forma de ser de la gente del pueblo, de su lenguaje y el sentido del humor que caracteriza a los pueblos de pescadores y a los habitantes del sur m\u00e1s lejano de Sinaloa, el humor hecho baile en las Fiestas de las Cabras de antiguo origen prehisp\u00e1nico\u201d, le describi\u00f3.<\/span><\/p>\n<p style=\"text-align: justify;\">&nbsp;<\/p>\n<p style=\"text-align: justify;\"><span style=\"font-size: 14pt; font-family: arial, helvetica, sans-serif;\"> \u201cDesde la literatura embiste contra los agravios a la gente; por la literatura se eleva combatiente contra la corrupci\u00f3n. Se r\u00ede de los pol\u00edticos corruptos y ajenos a la gente. Un hombre comprometido con la literatura y la esperanza. El humor, el sarcasmo y la iron\u00eda lo llevan a declarar la abundancia de pol\u00edticos honestos, seg\u00fan su hermanito Eduardo Galeano\u201d, agreg\u00f3.<\/span><\/p>\n<p style=\"text-align: justify;\">&nbsp;<\/p>\n<p style=\"text-align: justify;\"><span style=\"font-size: 14pt; font-family: arial, helvetica, sans-serif;\"> La presencia de D\u00e1maso Mur\u00faa, por su palabra y su busto, resalt\u00f3, simboliza una convocatoria perenne para concebir los recursos p\u00fablicos como patrimonio del pueblo, mismo que debe ser administrado con honestidad, evitando el despilfarro y la corrupci\u00f3n. Parafraseando al homenajeado, Dom\u00ednguez Nava asegur\u00f3 que a quienes visiten este corredor el escuinapense les dir\u00e1 de las serpientes de cincuenta metros declarando que \u201cyo jamasito miento\u201d para decir la verdad envuelta en las mentiras propia de los cuentos. <\/span><\/p>\n<p style=\"text-align: justify;\">&nbsp;<\/p>\n<p style=\"text-align: justify;\"><span style=\"font-size: 14pt; font-family: arial, helvetica, sans-serif;\">La cultura de un pueblo, a\u00f1adi\u00f3, se conoce por sus hablantes. Escuinapa habla por el G\u00fcilo Mentiras, por la cultura habla el pueblo y por la obra de D\u00e1maso Mur\u00faa se preserva. \u201cD\u00e1maso Mur\u00faa es patrimonio cultural de Sinaloa, de M\u00e9xico entero, y allende fronteras esgrime su pluma cual quijote enderezando entuertos ocasionados por el mercado, ese monstruo que devora humanidad\u201d, agreg\u00f3.<\/span><\/p>\n<p style=\"text-align: justify;\">&nbsp;<\/p>\n<p style=\"text-align: justify;\">&nbsp;<\/p>\n<p style=\"text-align: justify;\"><span style=\"font-size: 14pt; font-family: arial, helvetica, sans-serif;\">REDACCI\u00d3N\/VISI\u00d3N CIUDADANA.<\/span><\/p>\n","protected":false},"excerpt":{"rendered":"<p>&nbsp; El Congreso del Estado de Sinaloa rinde homenaje al escritor escuinapense D\u00e1maso Mur\u00faa Beltr\u00e1n, al poner su nombre al Corredor Cultural del Palacio Legislativo, en donde se devel\u00f3 una placa alusiva y un busto para preservar su memoria Graciela Dom\u00ednguez Nava, presidenta de la Junta de Coordinaci\u00f3n Pol\u00edtica, inform\u00f3 que se facult\u00f3 a las [&hellip;]<\/p>\n","protected":false},"author":1,"featured_media":6870,"comment_status":"closed","ping_status":"closed","sticky":false,"template":"","format":"standard","meta":{"footnotes":""},"categories":[13],"tags":[],"ppma_author":[31],"class_list":["post-14998","post","type-post","status-publish","format-standard","has-post-thumbnail","hentry","category-locales"],"aioseo_notices":[],"authors":[{"term_id":31,"user_id":1,"is_guest":0,"slug":"ivan3vino","display_name":"Iv\u00e1n Trevi\u00f1o","avatar_url":{"url":"https:\/\/visionciudadana.com.mx\/oficial\/wp-content\/uploads\/2025\/09\/columna-ivan-Trevino.png","url2x":"https:\/\/visionciudadana.com.mx\/oficial\/wp-content\/uploads\/2025\/09\/columna-ivan-Trevino.png"},"0":null,"1":"","2":"","3":"","4":"","5":"","6":"","7":"","8":""}],"_links":{"self":[{"href":"https:\/\/visionciudadana.com.mx\/oficial\/wp-json\/wp\/v2\/posts\/14998","targetHints":{"allow":["GET"]}}],"collection":[{"href":"https:\/\/visionciudadana.com.mx\/oficial\/wp-json\/wp\/v2\/posts"}],"about":[{"href":"https:\/\/visionciudadana.com.mx\/oficial\/wp-json\/wp\/v2\/types\/post"}],"author":[{"embeddable":true,"href":"https:\/\/visionciudadana.com.mx\/oficial\/wp-json\/wp\/v2\/users\/1"}],"replies":[{"embeddable":true,"href":"https:\/\/visionciudadana.com.mx\/oficial\/wp-json\/wp\/v2\/comments?post=14998"}],"version-history":[{"count":1,"href":"https:\/\/visionciudadana.com.mx\/oficial\/wp-json\/wp\/v2\/posts\/14998\/revisions"}],"predecessor-version":[{"id":31355,"href":"https:\/\/visionciudadana.com.mx\/oficial\/wp-json\/wp\/v2\/posts\/14998\/revisions\/31355"}],"wp:featuredmedia":[{"embeddable":true,"href":"https:\/\/visionciudadana.com.mx\/oficial\/wp-json\/wp\/v2\/posts\/6870"}],"wp:attachment":[{"href":"https:\/\/visionciudadana.com.mx\/oficial\/wp-json\/wp\/v2\/media?parent=14998"}],"wp:term":[{"taxonomy":"category","embeddable":true,"href":"https:\/\/visionciudadana.com.mx\/oficial\/wp-json\/wp\/v2\/categories?post=14998"},{"taxonomy":"post_tag","embeddable":true,"href":"https:\/\/visionciudadana.com.mx\/oficial\/wp-json\/wp\/v2\/tags?post=14998"},{"taxonomy":"author","embeddable":true,"href":"https:\/\/visionciudadana.com.mx\/oficial\/wp-json\/wp\/v2\/ppma_author?post=14998"}],"curies":[{"name":"wp","href":"https:\/\/api.w.org\/{rel}","templated":true}]}}