{"id":14997,"date":"2021-03-04T04:40:11","date_gmt":"2021-03-04T04:40:11","guid":{"rendered":"https:\/\/visionciudadana.com.mx\/prueba\/2021\/03\/04\/se-convierte-la-uas-en-centro-de-recepcion-y-redistribucion-de-vacunas-contra-el-covid\/"},"modified":"2025-06-25T00:32:19","modified_gmt":"2025-06-25T00:32:19","slug":"se-convierte-la-uas-en-centro-de-recepcion-y-redistribucion-de-vacunas-contra-el-covid","status":"publish","type":"post","link":"https:\/\/visionciudadana.com.mx\/oficial\/2021\/03\/04\/se-convierte-la-uas-en-centro-de-recepcion-y-redistribucion-de-vacunas-contra-el-covid\/","title":{"rendered":"Se convierte la UAS en centro de recepci\u00f3n y redistribuci\u00f3n de vacunas contra el Covid"},"content":{"rendered":"<p><img fetchpriority=\"high\" decoding=\"async\" src=\"images\/Marzos21\/se_convierte_uas.PNG\" alt=\"se convierte uas\" width=\"372\" height=\"196\" style=\"display: block; margin-left: auto; margin-right: auto;\" \/><\/p>\n<p class=\"x_MsoNormal\" style=\"text-align: justify;\"><span style=\"font-size: 14pt; font-family: arial, helvetica, sans-serif;\">En lo que constituye un hecho hist\u00f3rico, la Universidad Aut\u00f3noma de Sinaloa (UAS) se convirti\u00f3 en centro de recepci\u00f3n y redistribuci\u00f3n de las vacunas contra el Covid-19 a trav\u00e9s de los refrigeradores de ultracongelaci\u00f3n que la instituci\u00f3n puso a disposici\u00f3n del sector salud para garantizar la conservaci\u00f3n del biol\u00f3gico que requiere estar a menos de 70 grados cent\u00edgrados.<\/span><\/p>\n<p style=\"text-align: justify;\">&nbsp;<\/p>\n<p class=\"x_MsoNormal\" style=\"text-align: justify;\"><span style=\"font-size: 14pt; font-family: arial, helvetica, sans-serif;\">El secretario general de la Universidad, doctor Gerardo Alapizco Castro, quien acudi\u00f3 en representaci\u00f3n del doctor Juan Eulogio Guerra Liera, rector de esta casa de estudios al acto de entrega recepci\u00f3n de la primera dotaci\u00f3n de alrededor de 35 mil dosis de las vacunas Pfizer, destac\u00f3 que m\u00e1s all\u00e1 de los 3 mil brigadistas que se aportan a la campa\u00f1a de vacunaci\u00f3n, la instituci\u00f3n est\u00e1 poniendo tambi\u00e9n a disposici\u00f3n su infraestructura para resguardar la vacuna.<\/span><\/p>\n<p style=\"text-align: justify;\">&nbsp;<\/p>\n<p class=\"x_MsoNormal\" style=\"text-align: justify;\"><span style=\"font-size: 14pt; font-family: arial, helvetica, sans-serif;\">\u201cLa Universidad Aut\u00f3noma de Sinaloa, a trav\u00e9s del liderazgo del nuestro Rector, Juan Eulogio Guerra Liera, ha dispuesto de estos 30 ultracongeladores, ustedes vieron toda la log\u00edstica, todas las vacunas que llegaron pr\u00e1cticamente caben en un solo ultracongelador, Sinaloa y la UAS est\u00e1n preparados para recibir con los 30 ultracongeladores. Este es un d\u00eda hist\u00f3rico para la UAS\u201d, coment\u00f3 Alapizco Castro.<\/span><\/p>\n<p style=\"text-align: justify;\">&nbsp;<\/p>\n<p class=\"x_MsoNormal\" style=\"text-align: justify;\"><span style=\"font-size: 14pt; font-family: arial, helvetica, sans-serif;\">Por su parte, el doctor Efr\u00e9n Encinas Torres, secretario de Salud en el Estado expres\u00f3 que en la Facultad de Ciencias Qu\u00edmico Biol\u00f3gicas de la UAS se est\u00e1 depositando la primera remesa de vacunas Pfizer que se estar\u00e1n distribuyendo en Sinaloa y Chihuahua para continuar con el proceso de vacunaci\u00f3n de los adultos mayores de 60 a\u00f1os.<\/span><\/p>\n<p style=\"text-align: justify;\">&nbsp;<\/p>\n<p class=\"x_MsoNormal\" style=\"text-align: justify;\"><span style=\"font-size: 14pt; font-family: arial, helvetica, sans-serif;\">\u201cHoy es un d\u00eda hist\u00f3rico para Sinaloa porque arriba una nueva dotaci\u00f3n de la vacuna Pfizer para aplicar y continuar con la inmunizaci\u00f3n a uno de los grupos vulnerables como son los adultos mayores, gracias a la disponibilidad de nuestro rector, el doctor Juan Eulogio Guerra Liera\u201d, abund\u00f3.<\/span><\/p>\n<p style=\"text-align: justify;\">&nbsp;<\/p>\n<p class=\"x_MsoNormal\" style=\"text-align: justify;\"><span style=\"font-size: 14pt; font-family: arial, helvetica, sans-serif;\">Jos\u00e9 Jaime Montes Salas, delegado estatal de los Programas para el Desarrollo detall\u00f3 que el tener a disposici\u00f3n los 30 refrigeradores de ultracongelaci\u00f3n de la UAS, le permitir\u00e1 al gobierno contar con la capacidad suficiente para recibir las cantidades extraordinarias de vacunas que se requiera estar enviando para que sean distribuidas en Sinaloa y en los estados vecinos.<\/span><\/p>\n<p style=\"text-align: justify;\">&nbsp;<\/p>\n<p class=\"x_MsoNormal\" style=\"text-align: justify;\"><span style=\"font-size: 14pt; font-family: arial, helvetica, sans-serif;\">\u201cDada la disponibilidad de los ultracongeladores que nos hizo el favor la UAS de poner a disposici\u00f3n, esto nos convierte en un punto de redistribuci\u00f3n ya que vamos de aqu\u00ed a abastecer a Chihuahua, Durango y probablemente a Baja California, Tepic o Sonora\u201d, coment\u00f3 Montes Salas.<\/span><\/p>\n<p style=\"text-align: justify;\">&nbsp;<\/p>\n<p class=\"x_MsoNormal\" style=\"text-align: justify;\"><span style=\"font-size: 14pt; font-family: arial, helvetica, sans-serif;\">Presente tambi\u00e9n en el acto de entrega-recepci\u00f3n, el doctor Luis Rafael L\u00f3pez Oca\u00f1a, titular de la Oficina de Representaci\u00f3n del IMSS en Sinaloa, indic\u00f3 que esto es una muestra m\u00e1s de c\u00f3mo se est\u00e1 haciendo equipo con la Universidad para contribuir a esta campa\u00f1a de vacunaci\u00f3n de \u00edndole federal.<\/span><\/p>\n<p style=\"text-align: justify;\">&nbsp;<\/p>\n<p class=\"x_MsoNormal\" style=\"text-align: justify;\"><span style=\"font-size: 14pt; font-family: arial, helvetica, sans-serif;\">\u201cLo que resalta el d\u00eda de hoy es que esta es la primera vez que la Universidad recibe en sus ultracongeladores la vacuna Pfizer, lo cual es un hecho in\u00e9dito\u201d, subray\u00f3 L\u00f3pez Oca\u00f1a.<\/span><\/p>\n<p style=\"text-align: justify;\">&nbsp;<\/p>\n<p class=\"x_MsoNormal\" style=\"text-align: justify;\"><span style=\"font-size: 14pt; font-family: arial, helvetica, sans-serif;\">Finalmente, el doctor Marcial Silva G\u00f3mez, representante de ISSSTE en el estado, agradeci\u00f3 al Rector la participaci\u00f3n activa que est\u00e1 teniendo la UAS a trav\u00e9s de su infraestructura y brigadistas en esta campa\u00f1a de vacunaci\u00f3n.<\/span><\/p>\n<p style=\"text-align: justify;\">&nbsp;<\/p>\n<p class=\"x_MsoNormal\" style=\"text-align: justify;\"><span style=\"font-size: 14pt; font-family: arial, helvetica, sans-serif;\">\u201cEl d\u00eda de hoy es hist\u00f3rico para Sinaloa, es hist\u00f3rico para la Universidad, pero tambi\u00e9n es hist\u00f3rico para el sistema de salud en el cual estamos integrados\u201d, puntualiz\u00f3.<\/span><\/p>\n<p style=\"text-align: justify;\">&nbsp;<\/p>\n<p style=\"text-align: justify;\">&nbsp;<\/p>\n<p style=\"text-align: justify;\"><span style=\"font-size: 14pt; font-family: arial, helvetica, sans-serif;\">REDACCI\u00d3N\/VISI\u00d3N CIUDADANA.<\/span><\/p>\n","protected":false},"excerpt":{"rendered":"<p>En lo que constituye un hecho hist\u00f3rico, la Universidad Aut\u00f3noma de Sinaloa (UAS) se convirti\u00f3 en centro de recepci\u00f3n y redistribuci\u00f3n de las vacunas contra el Covid-19 a trav\u00e9s de los refrigeradores de ultracongelaci\u00f3n que la instituci\u00f3n puso a disposici\u00f3n del sector salud para garantizar la conservaci\u00f3n del biol\u00f3gico que requiere estar a menos de [&hellip;]<\/p>\n","protected":false},"author":1,"featured_media":6868,"comment_status":"closed","ping_status":"closed","sticky":false,"template":"","format":"standard","meta":{"footnotes":""},"categories":[24],"tags":[],"ppma_author":[31],"class_list":["post-14997","post","type-post","status-publish","format-standard","has-post-thumbnail","hentry","category-relevantes"],"aioseo_notices":[],"authors":[{"term_id":31,"user_id":1,"is_guest":0,"slug":"ivan3vino","display_name":"Iv\u00e1n Trevi\u00f1o","avatar_url":{"url":"https:\/\/visionciudadana.com.mx\/oficial\/wp-content\/uploads\/2025\/09\/columna-ivan-Trevino.png","url2x":"https:\/\/visionciudadana.com.mx\/oficial\/wp-content\/uploads\/2025\/09\/columna-ivan-Trevino.png"},"0":null,"1":"","2":"","3":"","4":"","5":"","6":"","7":"","8":""}],"_links":{"self":[{"href":"https:\/\/visionciudadana.com.mx\/oficial\/wp-json\/wp\/v2\/posts\/14997","targetHints":{"allow":["GET"]}}],"collection":[{"href":"https:\/\/visionciudadana.com.mx\/oficial\/wp-json\/wp\/v2\/posts"}],"about":[{"href":"https:\/\/visionciudadana.com.mx\/oficial\/wp-json\/wp\/v2\/types\/post"}],"author":[{"embeddable":true,"href":"https:\/\/visionciudadana.com.mx\/oficial\/wp-json\/wp\/v2\/users\/1"}],"replies":[{"embeddable":true,"href":"https:\/\/visionciudadana.com.mx\/oficial\/wp-json\/wp\/v2\/comments?post=14997"}],"version-history":[{"count":1,"href":"https:\/\/visionciudadana.com.mx\/oficial\/wp-json\/wp\/v2\/posts\/14997\/revisions"}],"predecessor-version":[{"id":31356,"href":"https:\/\/visionciudadana.com.mx\/oficial\/wp-json\/wp\/v2\/posts\/14997\/revisions\/31356"}],"wp:featuredmedia":[{"embeddable":true,"href":"https:\/\/visionciudadana.com.mx\/oficial\/wp-json\/wp\/v2\/posts\/6868"}],"wp:attachment":[{"href":"https:\/\/visionciudadana.com.mx\/oficial\/wp-json\/wp\/v2\/media?parent=14997"}],"wp:term":[{"taxonomy":"category","embeddable":true,"href":"https:\/\/visionciudadana.com.mx\/oficial\/wp-json\/wp\/v2\/categories?post=14997"},{"taxonomy":"post_tag","embeddable":true,"href":"https:\/\/visionciudadana.com.mx\/oficial\/wp-json\/wp\/v2\/tags?post=14997"},{"taxonomy":"author","embeddable":true,"href":"https:\/\/visionciudadana.com.mx\/oficial\/wp-json\/wp\/v2\/ppma_author?post=14997"}],"curies":[{"name":"wp","href":"https:\/\/api.w.org\/{rel}","templated":true}]}}