{"id":14992,"date":"2021-03-02T21:27:59","date_gmt":"2021-03-02T21:27:59","guid":{"rendered":"https:\/\/visionciudadana.com.mx\/prueba\/2021\/03\/02\/no-hay-razones-ni-economicas-ni-rentables-para-sustentar-la-reforma-propuesta-por-amlo\/"},"modified":"2025-06-25T00:32:19","modified_gmt":"2025-06-25T00:32:19","slug":"no-hay-razones-ni-economicas-ni-rentables-para-sustentar-la-reforma-propuesta-por-amlo","status":"publish","type":"post","link":"https:\/\/visionciudadana.com.mx\/oficial\/2021\/03\/02\/no-hay-razones-ni-economicas-ni-rentables-para-sustentar-la-reforma-propuesta-por-amlo\/","title":{"rendered":"No hay razones ni econ\u00f3micas, ni rentables para sustentar la Reforma propuesta por AMLO"},"content":{"rendered":"<p style=\"text-align: justify;\">&nbsp;<\/p>\n<p class=\"x_MsoNormal\" style=\"text-align: justify;\"><span lang=\"ES-MX\" style=\"font-size: 14pt; font-family: arial, helvetica, sans-serif;\">&nbsp;<img fetchpriority=\"high\" decoding=\"async\" src=\"images\/Marzos21\/pao_garat.PNG\" alt=\"pao garat\" width=\"371\" height=\"222\" style=\"display: block; margin-left: auto; margin-right: auto;\" \/><\/span><\/p>\n<p class=\"x_MsoNormal\" style=\"text-align: justify;\"><span lang=\"ES-MX\" style=\"font-size: 14pt; font-family: arial, helvetica, sans-serif;\">La reforma a la industria el\u00e9ctrica propuesta por el presidente cambiar\u00eda el orden en el que se prioriza el despacho de la energ\u00eda el\u00e9ctrica para su posterior distribuci\u00f3n y transmisi\u00f3n, afectando los incentivos para generar electricidad a trav\u00e9s de fuentes renovables y limpias.<\/span><\/p>\n<p class=\"x_MsoNormal\" style=\"text-align: justify;\"><span lang=\"ES-MX\" style=\"font-size: 14pt; font-family: arial, helvetica, sans-serif;\"><\/span><\/p>\n<p class=\"x_MsoNormal\" style=\"text-align: justify;\"><span lang=\"ES-MX\" style=\"font-size: 14pt; font-family: arial, helvetica, sans-serif;\">En ese sentido, Paola G\u00e1rate ha se\u00f1alado que no hay raz\u00f3n econ\u00f3mica ni de rentabilidad social que sustente la propuesta de Andr\u00e9s Manuel L\u00f3pez Obrador. \u201cHay, sin embargo, muchas frases cargadas de ideolog\u00eda y de una nostalgia de un pasado que no nos hizo m\u00e1s competitivos, por el contrario, nos hizo dependientes\u201d.<\/span><\/p>\n<p class=\"x_MsoNormal\" style=\"text-align: justify;\"><span lang=\"ES-MX\" style=\"font-size: 14pt; font-family: arial, helvetica, sans-serif;\"><\/span><\/p>\n<p class=\"x_MsoNormal\" style=\"text-align: justify;\"><span lang=\"ES-MX\" style=\"font-size: 14pt; font-family: arial, helvetica, sans-serif;\">Por todo lo anterior, se\u00f1al\u00f3 \u201cresulta evidente lo contraria que es la iniciativa para la inversi\u00f3n en energ\u00edas renovables y energ\u00edas limpias en el pa\u00eds. El criterio de despacho pondr\u00eda a las energ\u00edas renovables o sea las m\u00e1s baratas, al \u00faltimo en la fila, lo que impactar\u00eda directamente en los recibos dom\u00e9sticos e industriales.\u201d<\/span><\/p>\n<p class=\"x_MsoNormal\" style=\"text-align: justify;\"><span lang=\"ES-MX\" style=\"font-size: 14pt; font-family: arial, helvetica, sans-serif;\"><\/span><\/p>\n<p class=\"x_MsoNormal\" style=\"text-align: justify;\"><span lang=\"ES-MX\" style=\"font-size: 14pt; font-family: arial, helvetica, sans-serif;\">Finalmente, G\u00e1rate Valenzuela sentenci\u00f3 que con esta iniciativa \u201cpierden los consumidores, perjudica las finanzas p\u00fablicas, deteriora el medio ambiente y tendr\u00e1 repercusiones por d\u00e9cadas.\u201d<\/span><\/p>\n<p style=\"text-align: justify;\">&nbsp;<\/p>\n<p style=\"text-align: justify;\">&nbsp;<\/p>\n<p style=\"text-align: justify;\"><span style=\"font-size: 14pt; font-family: arial, helvetica, sans-serif;\">REDACCI\u00d3N\/VISI\u00d3N CIUDADANA.<\/span><\/p>\n","protected":false},"excerpt":{"rendered":"<p>&nbsp; &nbsp; La reforma a la industria el\u00e9ctrica propuesta por el presidente cambiar\u00eda el orden en el que se prioriza el despacho de la energ\u00eda el\u00e9ctrica para su posterior distribuci\u00f3n y transmisi\u00f3n, afectando los incentivos para generar electricidad a trav\u00e9s de fuentes renovables y limpias. En ese sentido, Paola G\u00e1rate ha se\u00f1alado que no hay [&hellip;]<\/p>\n","protected":false},"author":1,"featured_media":6862,"comment_status":"closed","ping_status":"closed","sticky":false,"template":"","format":"standard","meta":{"footnotes":""},"categories":[24],"tags":[],"ppma_author":[31],"class_list":["post-14992","post","type-post","status-publish","format-standard","has-post-thumbnail","hentry","category-relevantes"],"aioseo_notices":[],"authors":[{"term_id":31,"user_id":1,"is_guest":0,"slug":"ivan3vino","display_name":"Iv\u00e1n Trevi\u00f1o","avatar_url":{"url":"https:\/\/visionciudadana.com.mx\/oficial\/wp-content\/uploads\/2025\/09\/columna-ivan-Trevino.png","url2x":"https:\/\/visionciudadana.com.mx\/oficial\/wp-content\/uploads\/2025\/09\/columna-ivan-Trevino.png"},"0":null,"1":"","2":"","3":"","4":"","5":"","6":"","7":"","8":""}],"_links":{"self":[{"href":"https:\/\/visionciudadana.com.mx\/oficial\/wp-json\/wp\/v2\/posts\/14992","targetHints":{"allow":["GET"]}}],"collection":[{"href":"https:\/\/visionciudadana.com.mx\/oficial\/wp-json\/wp\/v2\/posts"}],"about":[{"href":"https:\/\/visionciudadana.com.mx\/oficial\/wp-json\/wp\/v2\/types\/post"}],"author":[{"embeddable":true,"href":"https:\/\/visionciudadana.com.mx\/oficial\/wp-json\/wp\/v2\/users\/1"}],"replies":[{"embeddable":true,"href":"https:\/\/visionciudadana.com.mx\/oficial\/wp-json\/wp\/v2\/comments?post=14992"}],"version-history":[{"count":1,"href":"https:\/\/visionciudadana.com.mx\/oficial\/wp-json\/wp\/v2\/posts\/14992\/revisions"}],"predecessor-version":[{"id":31357,"href":"https:\/\/visionciudadana.com.mx\/oficial\/wp-json\/wp\/v2\/posts\/14992\/revisions\/31357"}],"wp:featuredmedia":[{"embeddable":true,"href":"https:\/\/visionciudadana.com.mx\/oficial\/wp-json\/wp\/v2\/posts\/6862"}],"wp:attachment":[{"href":"https:\/\/visionciudadana.com.mx\/oficial\/wp-json\/wp\/v2\/media?parent=14992"}],"wp:term":[{"taxonomy":"category","embeddable":true,"href":"https:\/\/visionciudadana.com.mx\/oficial\/wp-json\/wp\/v2\/categories?post=14992"},{"taxonomy":"post_tag","embeddable":true,"href":"https:\/\/visionciudadana.com.mx\/oficial\/wp-json\/wp\/v2\/tags?post=14992"},{"taxonomy":"author","embeddable":true,"href":"https:\/\/visionciudadana.com.mx\/oficial\/wp-json\/wp\/v2\/ppma_author?post=14992"}],"curies":[{"name":"wp","href":"https:\/\/api.w.org\/{rel}","templated":true}]}}