{"id":14991,"date":"2021-03-02T21:22:31","date_gmt":"2021-03-02T21:22:31","guid":{"rendered":"https:\/\/visionciudadana.com.mx\/prueba\/2021\/03\/02\/inaugura-quirino-casa-de-la-cultura-de-mocorito\/"},"modified":"2025-06-25T00:32:19","modified_gmt":"2025-06-25T00:32:19","slug":"inaugura-quirino-casa-de-la-cultura-de-mocorito","status":"publish","type":"post","link":"https:\/\/visionciudadana.com.mx\/oficial\/2021\/03\/02\/inaugura-quirino-casa-de-la-cultura-de-mocorito\/","title":{"rendered":"Inaugura Quirino casa de la cultura de Mocorito"},"content":{"rendered":"<p>&nbsp;<\/p>\n<p><img fetchpriority=\"high\" decoding=\"async\" src=\"images\/Marzos21\/casa_cultura_mocorito.PNG\" alt=\"casa cultura mocorito\" width=\"382\" height=\"203\" style=\"display: block; margin-left: auto; margin-right: auto;\" \/><\/p>\n<p class=\"x_MsoNormal\" style=\"text-align: justify;\"><span style=\"font-size: 14pt; font-family: arial, helvetica, sans-serif;\"><span lang=\"ES-TRAD\">Al inaugurar la Casa de la Cultura de Mocorito, el gobernador Quirino Ordaz Coppel afirm\u00f3 que las bases est\u00e1n puestas para relanzar a este Pueblo M\u00e1gico como lo que verdaderamente es, una ciudad colonial con una rica esencia hist\u00f3rica y cultural, que le ha valido ser llamada la \u201cAtenas de Sinaloa\u201d.<\/span><\/span><\/p>\n<p class=\"x_MsoNormal\" style=\"text-align: justify;\"><span lang=\"ES-TRAD\" style=\"font-size: 14pt; font-family: arial, helvetica, sans-serif;\"><\/span><\/p>\n<p class=\"x_MsoNormal\" style=\"text-align: justify;\"><span lang=\"ES-TRAD\" style=\"font-size: 14pt; font-family: arial, helvetica, sans-serif;\">El mandatario estatal arrib\u00f3 a este remodelado recinto ubicado en el pleno centro hist\u00f3rico junto a la Catedral, para entregar las obras de rehabilitaci\u00f3n total, que representaron una inversi\u00f3n de 12 millones de pesos, pues se construy\u00f3 una concha ac\u00fastica para el auditorio \u201cEnrique Pe\u00f1a Guti\u00e9rrez\u201d, cuya capacidad fue ampliada de 70 a 130 asistentes en su aforo de gradas. Tambi\u00e9n se rehabilitaron los tres salones de formaci\u00f3n art\u00edstica de danza y m\u00fasica, el lobby y los ba\u00f1os, que permitir\u00e1 contar con espect\u00e1culos art\u00edsticos durante todo el a\u00f1o en beneficio de los 46 mil habitantes de este Pueblo M\u00e1gico y sus visitantes.<\/span><\/p>\n<p class=\"x_MsoNormal\" style=\"text-align: justify;\"><span lang=\"ES-TRAD\" style=\"font-size: 14pt; font-family: arial, helvetica, sans-serif;\"><\/span><\/p>\n<p class=\"x_MsoNormal\" style=\"text-align: justify;\"><span lang=\"ES-TRAD\" style=\"font-size: 14pt; font-family: arial, helvetica, sans-serif;\">El gobernador Quirino Ordaz record\u00f3 que el a\u00f1o pasado cuando visit\u00f3 esta Casa de la Cultura se encontraba pr\u00e1cticamente en ruinas, sin techo, y cay\u00e9ndose en pedazos, lo que consider\u00f3 un contrasentido siendo Mocorito un pueblo cultural, y por ello se fij\u00f3 el prop\u00f3sito de rescatar el edificio, cuya reinauguraci\u00f3n estuvo enmarcada con un espl\u00e9ndido espect\u00e1culo art\u00edstico que incluy\u00f3 piezas de \u00f3pera, sinfon\u00edas y bailables de \u00e9poca, amenizadas por una camerata de cuerdas y alientos.<\/span><\/p>\n<p class=\"x_MsoNormal\" style=\"text-align: justify;\"><span lang=\"ES-TRAD\" style=\"font-size: 14pt; font-family: arial, helvetica, sans-serif;\"><\/span><\/p>\n<p class=\"x_MsoNormal\" style=\"text-align: justify;\"><span lang=\"ES-TRAD\" style=\"font-size: 14pt; font-family: arial, helvetica, sans-serif;\">\u201cHay que apostarle a la cultura y a la educaci\u00f3n, es un error no hacerlo, si ya ten\u00edamos esto \u00bfpor qu\u00e9 tantas administraciones dejaron de hacerlo?, no hay mejor dinero invertido que meterlo en cultura, porque adem\u00e1s ayuda a la formaci\u00f3n, a la educaci\u00f3n, pero sobre todo al turismo, pues permitir\u00e1 que no s\u00f3lo haya eventos, sino que venga gente de otras partes del estado, de la Rep\u00fablica y del extranjero a ver espect\u00e1culos, esto va a traer dinero, empleo, negocio y oportunidades\u201d, asegur\u00f3.<\/span><\/p>\n<p class=\"x_MsoNormal\" style=\"text-align: justify;\"><span lang=\"ES-TRAD\" style=\"font-size: 14pt; font-family: arial, helvetica, sans-serif;\"><\/span><\/p>\n<p class=\"x_MsoNormal\" style=\"text-align: justify;\"><span lang=\"ES-TRAD\" style=\"font-size: 14pt; font-family: arial, helvetica, sans-serif;\">Por ello, el mandatario estatal precis\u00f3 que ahora lo que sigue es cuidar esta renovada Casa de la Cultura, y propuso la creaci\u00f3n de un patronato donde participe la misma sociedad civil para que junto con el gobierno no se deje \u201ccaer\u201d de nuevo este hist\u00f3rico edificio. \u201cNosotros nos vamos a ir, los gobiernos nos vamos, la gente es la que se queda, y esto es patrimonio de la ciudad, es patrimonio de Mocorito, as\u00ed es que si lo tuvimos y lo perdimos, ahora lo rescatamos, no hay que volver a permitir que se vuelva a caer\u201d, concluy\u00f3.<\/span><\/p>\n<p class=\"x_MsoNormal\" style=\"text-align: justify;\"><span lang=\"ES-TRAD\" style=\"font-size: 14pt; font-family: arial, helvetica, sans-serif;\"><\/span><\/p>\n<p class=\"x_MsoNormal\" style=\"text-align: justify;\"><span lang=\"ES-TRAD\" style=\"font-size: 14pt; font-family: arial, helvetica, sans-serif;\">Por su parte, el presidente municipal Jes\u00fas Guillermo Galindo Castro, le agradeci\u00f3 al gobernador Quirino Ordaz Coppel su apoyo para transformar no s\u00f3lo la Casa de la Cultura, sino todo Mocorito, \u201cle hemos cambiado el rostro a Mocorito, y qu\u00e9 decir de este espacio\u201d.<\/span><\/p>\n<p class=\"x_MsoNormal\" style=\"text-align: justify;\"><span lang=\"ES-TRAD\" style=\"font-size: 14pt; font-family: arial, helvetica, sans-serif;\"><\/span><\/p>\n<p class=\"x_MsoNormal\" style=\"text-align: justify;\"><span lang=\"ES-TRAD\" style=\"font-size: 14pt; font-family: arial, helvetica, sans-serif;\">Reconoci\u00f3 que ahora este recinto ya se encuentra en perfectas condiciones para iniciar una agenda de trabajo en coordinaci\u00f3n con el Instituto Sinaloense de Cultura, para el beneficio de la sociedad mocoritense.<\/span><\/p>\n<p class=\"x_MsoNormal\" style=\"text-align: justify;\"><span lang=\"ES-TRAD\" style=\"font-size: 14pt; font-family: arial, helvetica, sans-serif;\"><\/span><\/p>\n<p class=\"x_MsoNormal\" style=\"text-align: justify;\"><span lang=\"ES-TRAD\" style=\"font-size: 14pt; font-family: arial, helvetica, sans-serif;\">\u201cAqu\u00ed est\u00e1 esta joya cultural a la vista de ustedes bonito pueblo que nos acompa\u00f1a, y que estoy seguro que este 2021 vamos a consolidar a\u00fan m\u00e1s nuestro Mocorito Pueblo M\u00e1gico, estoy seguro que para julio o agosto vamos a ver cristalizado tambi\u00e9n el Museo de Los Tigres del Norte, que vendr\u00e1 a darle una fortaleza a la cultura y al turismo, pero sobre todo para que todos los prestadores de servicios tengan mejores condiciones de vida\u201d, coment\u00f3.<\/span><\/p>\n<p class=\"x_MsoNormal\" style=\"text-align: justify;\"><span lang=\"ES-TRAD\" style=\"font-size: 14pt; font-family: arial, helvetica, sans-serif;\"><\/span><\/p>\n<p class=\"x_MsoNormal\" style=\"text-align: justify;\"><span lang=\"ES-TRAD\" style=\"font-size: 14pt; font-family: arial, helvetica, sans-serif;\">Precisamente, luego de la ceremonia de inauguraci\u00f3n de la Casa de la Cultura, el gobernador y el alcalde, quienes en todo momento estuvieron acompa\u00f1ados por sus respectivas esposas, la se\u00f1ora Rosy Fuentes de Ordaz y la se\u00f1ora Mar\u00eda Elizalde de Galindo, as\u00ed como del director del ISIC, Papik Ram\u00edrez Bernal, visitaron el Museo de Los Tigres del Norte, que registra un gran avance en su obra civil, y les fue presentado un adelanto a trav\u00e9s de un video, de las exhibiciones que se har\u00e1n de esta agrupaci\u00f3n oriunda de Rosa Morada, Mocorito, a lo largo de sus 50 a\u00f1os de trayectoria art\u00edstica.<\/span><\/p>\n<p style=\"text-align: justify;\">&nbsp;<\/p>\n<p style=\"text-align: justify;\"><span style=\"font-size: 14pt; font-family: arial, helvetica, sans-serif;\">REDACCI\u00d3N\/VISI\u00d3N CIUDADANA.<\/span><\/p>\n","protected":false},"excerpt":{"rendered":"<p>&nbsp; Al inaugurar la Casa de la Cultura de Mocorito, el gobernador Quirino Ordaz Coppel afirm\u00f3 que las bases est\u00e1n puestas para relanzar a este Pueblo M\u00e1gico como lo que verdaderamente es, una ciudad colonial con una rica esencia hist\u00f3rica y cultural, que le ha valido ser llamada la \u201cAtenas de Sinaloa\u201d. El mandatario estatal [&hellip;]<\/p>\n","protected":false},"author":1,"featured_media":6860,"comment_status":"closed","ping_status":"closed","sticky":false,"template":"","format":"standard","meta":{"footnotes":""},"categories":[13],"tags":[],"ppma_author":[31],"class_list":["post-14991","post","type-post","status-publish","format-standard","has-post-thumbnail","hentry","category-locales"],"aioseo_notices":[],"authors":[{"term_id":31,"user_id":1,"is_guest":0,"slug":"ivan3vino","display_name":"Iv\u00e1n Trevi\u00f1o","avatar_url":{"url":"https:\/\/visionciudadana.com.mx\/oficial\/wp-content\/uploads\/2025\/09\/columna-ivan-Trevino.png","url2x":"https:\/\/visionciudadana.com.mx\/oficial\/wp-content\/uploads\/2025\/09\/columna-ivan-Trevino.png"},"0":null,"1":"","2":"","3":"","4":"","5":"","6":"","7":"","8":""}],"_links":{"self":[{"href":"https:\/\/visionciudadana.com.mx\/oficial\/wp-json\/wp\/v2\/posts\/14991","targetHints":{"allow":["GET"]}}],"collection":[{"href":"https:\/\/visionciudadana.com.mx\/oficial\/wp-json\/wp\/v2\/posts"}],"about":[{"href":"https:\/\/visionciudadana.com.mx\/oficial\/wp-json\/wp\/v2\/types\/post"}],"author":[{"embeddable":true,"href":"https:\/\/visionciudadana.com.mx\/oficial\/wp-json\/wp\/v2\/users\/1"}],"replies":[{"embeddable":true,"href":"https:\/\/visionciudadana.com.mx\/oficial\/wp-json\/wp\/v2\/comments?post=14991"}],"version-history":[{"count":1,"href":"https:\/\/visionciudadana.com.mx\/oficial\/wp-json\/wp\/v2\/posts\/14991\/revisions"}],"predecessor-version":[{"id":31358,"href":"https:\/\/visionciudadana.com.mx\/oficial\/wp-json\/wp\/v2\/posts\/14991\/revisions\/31358"}],"wp:featuredmedia":[{"embeddable":true,"href":"https:\/\/visionciudadana.com.mx\/oficial\/wp-json\/wp\/v2\/posts\/6860"}],"wp:attachment":[{"href":"https:\/\/visionciudadana.com.mx\/oficial\/wp-json\/wp\/v2\/media?parent=14991"}],"wp:term":[{"taxonomy":"category","embeddable":true,"href":"https:\/\/visionciudadana.com.mx\/oficial\/wp-json\/wp\/v2\/categories?post=14991"},{"taxonomy":"post_tag","embeddable":true,"href":"https:\/\/visionciudadana.com.mx\/oficial\/wp-json\/wp\/v2\/tags?post=14991"},{"taxonomy":"author","embeddable":true,"href":"https:\/\/visionciudadana.com.mx\/oficial\/wp-json\/wp\/v2\/ppma_author?post=14991"}],"curies":[{"name":"wp","href":"https:\/\/api.w.org\/{rel}","templated":true}]}}