{"id":14990,"date":"2021-03-02T21:15:07","date_gmt":"2021-03-02T21:15:07","guid":{"rendered":"https:\/\/visionciudadana.com.mx\/prueba\/2021\/03\/02\/a-la-baja-sinaloa-en-incidencia-delictiva-por-mas-de-tres-anos-consecutivos\/"},"modified":"2025-06-25T00:32:19","modified_gmt":"2025-06-25T00:32:19","slug":"a-la-baja-sinaloa-en-incidencia-delictiva-por-mas-de-tres-anos-consecutivos","status":"publish","type":"post","link":"https:\/\/visionciudadana.com.mx\/oficial\/2021\/03\/02\/a-la-baja-sinaloa-en-incidencia-delictiva-por-mas-de-tres-anos-consecutivos\/","title":{"rendered":"A la baja Sinaloa en incidencia delictiva, por m\u00e1s de tres a\u00f1os consecutivos"},"content":{"rendered":"<p><img fetchpriority=\"high\" decoding=\"async\" src=\"images\/Marzos21\/a_la_baja_Sinaloa.PNG\" alt=\"a la baja Sinaloa\" width=\"358\" height=\"228\" style=\"display: block; margin-left: auto; margin-right: auto;\" \/><\/p>\n<p style=\"text-align: justify;\"><span style=\"font-size: 14pt; font-family: arial, helvetica, sans-serif;\">Como resultado de la coordinaci\u00f3n interinstitucional y la participaci\u00f3n ciudadana, al t\u00e9rmino del segundo mes de este a\u00f1o, Sinaloa refleja de nueva cuenta una disminuci\u00f3n en delitos, sin dejar de reconocer los lamentables incidentes en perjuicio de la integridad de las mujeres que se presentaron; situaci\u00f3n que obliga a no bajar la guardia y fortalecer las pol\u00edticas p\u00fablicas que generen mejores estad\u00edos de seguridad, indic\u00f3, Renato Ocampo Alc\u00e1ntar.<\/span><\/p>\n<p style=\"text-align: justify;\">&nbsp;<\/p>\n<p style=\"text-align: justify;\"><span style=\"font-size: 14pt; font-family: arial, helvetica, sans-serif;\">El Secretario Ejecutivo del Sesep, enfatiz\u00f3 la visi\u00f3n del Gobernador Quirino Ordaz Coppel, quien ha convocado de manera permanente a una estrecha vinculaci\u00f3n entre las autoridades preventivas y operativas de los tres niveles de gobierno, ha permitido sumar acciones y propuestas con el Ej\u00e9rcito Mexicano, Secretar\u00eda de Marina, Guardia Nacional, la Fiscal\u00eda General del Estado, Secretar\u00eda de Seguridad P\u00fablica Estatal; Polic\u00eda Estatal Preventiva y las 18 corporaciones preventivas del Sinaloa, as\u00ed como la contribuci\u00f3n de la sociedad organizada, lo cual ha dado como resultado reducir acciones delictivas que en a\u00f1os anteriores afectaron la seguridad e integridad de las y los sinaloenses.<\/span><\/p>\n<p style=\"text-align: justify;\">&nbsp;<\/p>\n<p style=\"text-align: justify;\"><span style=\"font-size: 14pt; font-family: arial, helvetica, sans-serif;\">Desde el inicio de la Administraci\u00f3n Quirino Ordaz, a este su \u00faltimo a\u00f1o de gobierno existe una reducci\u00f3n muy significativa. De manera comparativa el mes de febrero del a\u00f1o 2017 comparado con el mes de febrero del cuarto a\u00f1o de administraci\u00f3n presenta una reducci\u00f3n del -52% en el robo de veh\u00edculo; un -50% en feminicidio; -52% en homicidio doloso.<\/span><\/p>\n<p style=\"text-align: justify;\">&nbsp;<\/p>\n<p style=\"text-align: justify;\"><span style=\"font-size: 14pt; font-family: arial, helvetica, sans-serif;\">El tambi\u00e9n Secretario T\u00e9cnico del Consejo Estatal de Seguridad P\u00fablica, se\u00f1al\u00f3 que, la tendencia a la baja en el acumulado enero-febrero, es en homicidio doloso -6.5 %, robo de autos -12.5 % y robo a casa habitaci\u00f3n -50 %, al medir el mismo lapso del a\u00f1o inmediato anterior.<\/span><\/p>\n<p style=\"text-align: justify;\">&nbsp;<\/p>\n<p style=\"text-align: justify;\"><span style=\"font-size: 14pt; font-family: arial, helvetica, sans-serif;\">Ocampo Alc\u00e1ntar, reconoci\u00f3 que este descenso que Sinaloa muestra en rubros delictivos se debe a la recuperaci\u00f3n de confianza que han mostrado las y los sinaloenses hacia las autoridades, aunado a su vinculaci\u00f3n activa a trav\u00e9s de la denuncia an\u00f3nima, porque gracias a ella se fomenta la participaci\u00f3n ciudadana en la eliminaci\u00f3n de factores riesgo y sirve como enlace entre las autoridades y los ciudadanos.<\/span><\/p>\n<p style=\"text-align: justify;\">&nbsp;<\/p>\n<p style=\"text-align: justify;\"><span style=\"font-size: 14pt; font-family: arial, helvetica, sans-serif;\">\u201cLas y los sinaloenses han contribuido a que se inhiba la comisi\u00f3n de delitos, as\u00ed como tambi\u00e9n nos han ayudado a ubicar y detener a posibles delincuentes, a la incautaci\u00f3n de drogas, armas y unidades motrices que cuentan con reporte de robo. De esta forma seguiremos trabajando operando acciones de prevenci\u00f3n y operativas sobre todo en los municipios que registran una incidencia mayor, todo esto en beneficio y seguridad de cada uno de los habitantes de nuestro estado\u201d, sostuvo.<\/span><\/p>\n<p style=\"text-align: justify;\">&nbsp;<\/p>\n<p style=\"text-align: justify;\"><span style=\"font-size: 14pt; font-family: arial, helvetica, sans-serif;\">Indic\u00f3 que se continuar\u00e1 con la formaci\u00f3n y capacitaci\u00f3n policial para contar con instituciones m\u00e1s s\u00f3lidas, con mayor proximidad social, pero sobre todo implementando acciones que se traduzcan en generar m\u00e1s confianza y mejorar a\u00fan m\u00e1s estos indicadores.<\/span><\/p>\n<p style=\"text-align: justify;\">&nbsp;<\/p>\n<p style=\"text-align: justify;\"><span style=\"font-size: 14pt; font-family: arial, helvetica, sans-serif;\">REDACCI\u00d3N\/VISI\u00d3N CIUDADANA.<\/span><\/p>\n","protected":false},"excerpt":{"rendered":"<p>Como resultado de la coordinaci\u00f3n interinstitucional y la participaci\u00f3n ciudadana, al t\u00e9rmino del segundo mes de este a\u00f1o, Sinaloa refleja de nueva cuenta una disminuci\u00f3n en delitos, sin dejar de reconocer los lamentables incidentes en perjuicio de la integridad de las mujeres que se presentaron; situaci\u00f3n que obliga a no bajar la guardia y fortalecer [&hellip;]<\/p>\n","protected":false},"author":1,"featured_media":6858,"comment_status":"closed","ping_status":"closed","sticky":false,"template":"","format":"standard","meta":{"footnotes":""},"categories":[13],"tags":[],"ppma_author":[31],"class_list":["post-14990","post","type-post","status-publish","format-standard","has-post-thumbnail","hentry","category-locales"],"aioseo_notices":[],"authors":[{"term_id":31,"user_id":1,"is_guest":0,"slug":"ivan3vino","display_name":"Iv\u00e1n Trevi\u00f1o","avatar_url":{"url":"https:\/\/visionciudadana.com.mx\/oficial\/wp-content\/uploads\/2025\/09\/columna-ivan-Trevino.png","url2x":"https:\/\/visionciudadana.com.mx\/oficial\/wp-content\/uploads\/2025\/09\/columna-ivan-Trevino.png"},"0":null,"1":"","2":"","3":"","4":"","5":"","6":"","7":"","8":""}],"_links":{"self":[{"href":"https:\/\/visionciudadana.com.mx\/oficial\/wp-json\/wp\/v2\/posts\/14990","targetHints":{"allow":["GET"]}}],"collection":[{"href":"https:\/\/visionciudadana.com.mx\/oficial\/wp-json\/wp\/v2\/posts"}],"about":[{"href":"https:\/\/visionciudadana.com.mx\/oficial\/wp-json\/wp\/v2\/types\/post"}],"author":[{"embeddable":true,"href":"https:\/\/visionciudadana.com.mx\/oficial\/wp-json\/wp\/v2\/users\/1"}],"replies":[{"embeddable":true,"href":"https:\/\/visionciudadana.com.mx\/oficial\/wp-json\/wp\/v2\/comments?post=14990"}],"version-history":[{"count":1,"href":"https:\/\/visionciudadana.com.mx\/oficial\/wp-json\/wp\/v2\/posts\/14990\/revisions"}],"predecessor-version":[{"id":31359,"href":"https:\/\/visionciudadana.com.mx\/oficial\/wp-json\/wp\/v2\/posts\/14990\/revisions\/31359"}],"wp:featuredmedia":[{"embeddable":true,"href":"https:\/\/visionciudadana.com.mx\/oficial\/wp-json\/wp\/v2\/posts\/6858"}],"wp:attachment":[{"href":"https:\/\/visionciudadana.com.mx\/oficial\/wp-json\/wp\/v2\/media?parent=14990"}],"wp:term":[{"taxonomy":"category","embeddable":true,"href":"https:\/\/visionciudadana.com.mx\/oficial\/wp-json\/wp\/v2\/categories?post=14990"},{"taxonomy":"post_tag","embeddable":true,"href":"https:\/\/visionciudadana.com.mx\/oficial\/wp-json\/wp\/v2\/tags?post=14990"},{"taxonomy":"author","embeddable":true,"href":"https:\/\/visionciudadana.com.mx\/oficial\/wp-json\/wp\/v2\/ppma_author?post=14990"}],"curies":[{"name":"wp","href":"https:\/\/api.w.org\/{rel}","templated":true}]}}