{"id":14979,"date":"2021-02-27T23:12:37","date_gmt":"2021-02-27T23:12:37","guid":{"rendered":"https:\/\/visionciudadana.com.mx\/prueba\/2021\/02\/27\/presenta-mario-zamora-su-equipo-de-campana\/"},"modified":"2025-06-25T00:32:20","modified_gmt":"2025-06-25T00:32:20","slug":"presenta-mario-zamora-su-equipo-de-campana","status":"publish","type":"post","link":"https:\/\/visionciudadana.com.mx\/oficial\/2021\/02\/27\/presenta-mario-zamora-su-equipo-de-campana\/","title":{"rendered":"Presenta Mario Zamora, su equipo de campa\u00f1a"},"content":{"rendered":"<p>&nbsp;<\/p>\n<p><img fetchpriority=\"high\" decoding=\"async\" src=\"images\/Feb21\/presenta_mario_zamora.PNG\" alt=\"presenta mario zamora\" width=\"419\" height=\"226\" style=\"display: block; margin-left: auto; margin-right: auto;\" \/><\/p>\n<p class=\"x_MsoNormal\" style=\"text-align: justify;\"><span style=\"font-size: 14pt; font-family: arial, helvetica, sans-serif;\">Mario Zamora Gast\u00e9lum, candidato interno por la coalici\u00f3n PRI, PRD y PAN al Gobierno de Sinaloa, present\u00f3 esta ma\u00f1ana de manera oficial, a quienes formar\u00e1n parte de su equipo de campa\u00f1a; resaltando que son personas capaces, responsables, con talento y experiencia.<\/span><\/p>\n<p style=\"text-align: justify;\">&nbsp;<\/p>\n<p class=\"x_MsoNormal\" style=\"text-align: justify;\"><span style=\"font-size: 14pt; font-family: arial, helvetica, sans-serif;\">El candidato del PRI, afirm\u00f3 que su equipo est\u00e1 integrado por personas receptivas, solidarias y dispuestas a trabajar, donde tambi\u00e9n se le dar\u00e1 oportunidad a la sociedad de colaborar en el proyecto.<\/span><\/p>\n<p style=\"text-align: justify;\">&nbsp;<\/p>\n<p class=\"x_MsoNormal\" style=\"text-align: justify;\"><span style=\"font-size: 14pt; font-family: arial, helvetica, sans-serif;\">\u201cAqu\u00ed hay gente de mucha experiencia, nos conocemos bien, nos conocemos todos, hay gente que ha hecho campa\u00f1a, que han coordinado campa\u00f1as, que han ganado campa\u00f1as, nadie tiene el talento que tenemos aqu\u00ed\u201d, dijo.<\/span><\/p>\n<p style=\"text-align: justify;\">&nbsp;<\/p>\n<p class=\"x_MsoNormal\" style=\"text-align: justify;\"><span style=\"font-size: 14pt; font-family: arial, helvetica, sans-serif;\">En el evento, Mario Zamora, present\u00f3 de manera oficial al presidente del PRI en Sinaloa, Jes\u00fas Vald\u00e9s Palazuelos como su Coordinador General de Campa\u00f1a, a quien expres\u00f3, \u201cle he pedido a mi amigo, a mi amigo de mucho tiempo, que sea mi coordinador. Quiero que sepan todos, que tengo plena confianza en Jes\u00fas Vald\u00e9s\u201d.<\/span><\/p>\n<p style=\"text-align: justify;\">&nbsp;<\/p>\n<p class=\"x_MsoNormal\" style=\"text-align: justify;\"><span style=\"font-size: 14pt; font-family: arial, helvetica, sans-serif;\">Zamora Gast\u00e9lum destac\u00f3 que Jes\u00fas Vald\u00e9s Palazuelos es una persona capaz, leal, entregada y comprometida con el partido, que siempre buscar\u00e1 la manera de c\u00f3mo revolver, ayudar y atender.<\/span><\/p>\n<p style=\"text-align: justify;\">&nbsp;<\/p>\n<p class=\"x_MsoNormal\" style=\"text-align: justify;\"><span style=\"font-size: 14pt; font-family: arial, helvetica, sans-serif;\">En su mensaje, Jes\u00fas Vald\u00e9s Palazuelos, expres\u00f3 que el equipo que se est\u00e1 formando, es con gente exitosa, experiencia, que sabe hacer campa\u00f1a y sabe c\u00f3mo s\u00ed ganar elecciones.<\/span><\/p>\n<p style=\"text-align: justify;\">&nbsp;<\/p>\n<p class=\"x_MsoNormal\" style=\"text-align: justify;\"><span style=\"font-size: 14pt; font-family: arial, helvetica, sans-serif;\">\u201cCada uno de los que estamos aqu\u00ed, tenemos que ser Mario Zamora, en d\u00f3nde estemos, en donde podamos, no s\u00f3lo con nuestras familias, con nuestros amigos, en nuestros&nbsp; equipos, si no, tambi\u00e9n desplaz\u00e1ndonos con estrategias y sobre todo, con un buen plan de acci\u00f3n\u201d, dijo Jes\u00fas Vald\u00e9s.<\/span><\/p>\n<p style=\"text-align: justify;\">&nbsp;<\/p>\n<p class=\"x_MsoNormal\" style=\"text-align: justify;\"><span style=\"font-size: 14pt; font-family: arial, helvetica, sans-serif;\">En el evento tambi\u00e9n estuvieron presentes la secretaria general del PRI en Sinaloa, Cinthia Valenzuela Langarica; Gloria Himelda F\u00e9lix Niebla, coordinadora operativa; Aar\u00f3n Ir\u00edzar L\u00f3pez, coordinador pol\u00edtico; Ja\u00edr Flores, coordinador de comunicaci\u00f3n; as\u00ed como la se\u00f1ora Wendy Ibarra de Zamora, esposa del candidato.<\/span><\/p>\n<p style=\"text-align: justify;\">&nbsp;<\/p>\n<p style=\"text-align: justify;\">&nbsp;<\/p>\n<p style=\"text-align: justify;\"><span style=\"font-size: 14pt; font-family: arial, helvetica, sans-serif;\">REDACCI\u00d3N\/VISI\u00d3N CIUDADANA.<\/span><\/p>\n<div style=\"text-align: justify;\"><span style=\"font-size: 14pt; font-family: arial, helvetica, sans-serif;\"><\/span><\/div>\n","protected":false},"excerpt":{"rendered":"<p>&nbsp; Mario Zamora Gast\u00e9lum, candidato interno por la coalici\u00f3n PRI, PRD y PAN al Gobierno de Sinaloa, present\u00f3 esta ma\u00f1ana de manera oficial, a quienes formar\u00e1n parte de su equipo de campa\u00f1a; resaltando que son personas capaces, responsables, con talento y experiencia. &nbsp; El candidato del PRI, afirm\u00f3 que su equipo est\u00e1 integrado por personas [&hellip;]<\/p>\n","protected":false},"author":1,"featured_media":6845,"comment_status":"closed","ping_status":"closed","sticky":false,"template":"","format":"standard","meta":{"footnotes":""},"categories":[24],"tags":[],"ppma_author":[31],"class_list":["post-14979","post","type-post","status-publish","format-standard","has-post-thumbnail","hentry","category-relevantes"],"aioseo_notices":[],"authors":[{"term_id":31,"user_id":1,"is_guest":0,"slug":"ivan3vino","display_name":"Iv\u00e1n Trevi\u00f1o","avatar_url":{"url":"https:\/\/visionciudadana.com.mx\/oficial\/wp-content\/uploads\/2025\/09\/columna-ivan-Trevino.png","url2x":"https:\/\/visionciudadana.com.mx\/oficial\/wp-content\/uploads\/2025\/09\/columna-ivan-Trevino.png"},"0":null,"1":"","2":"","3":"","4":"","5":"","6":"","7":"","8":""}],"_links":{"self":[{"href":"https:\/\/visionciudadana.com.mx\/oficial\/wp-json\/wp\/v2\/posts\/14979","targetHints":{"allow":["GET"]}}],"collection":[{"href":"https:\/\/visionciudadana.com.mx\/oficial\/wp-json\/wp\/v2\/posts"}],"about":[{"href":"https:\/\/visionciudadana.com.mx\/oficial\/wp-json\/wp\/v2\/types\/post"}],"author":[{"embeddable":true,"href":"https:\/\/visionciudadana.com.mx\/oficial\/wp-json\/wp\/v2\/users\/1"}],"replies":[{"embeddable":true,"href":"https:\/\/visionciudadana.com.mx\/oficial\/wp-json\/wp\/v2\/comments?post=14979"}],"version-history":[{"count":1,"href":"https:\/\/visionciudadana.com.mx\/oficial\/wp-json\/wp\/v2\/posts\/14979\/revisions"}],"predecessor-version":[{"id":31361,"href":"https:\/\/visionciudadana.com.mx\/oficial\/wp-json\/wp\/v2\/posts\/14979\/revisions\/31361"}],"wp:featuredmedia":[{"embeddable":true,"href":"https:\/\/visionciudadana.com.mx\/oficial\/wp-json\/wp\/v2\/posts\/6845"}],"wp:attachment":[{"href":"https:\/\/visionciudadana.com.mx\/oficial\/wp-json\/wp\/v2\/media?parent=14979"}],"wp:term":[{"taxonomy":"category","embeddable":true,"href":"https:\/\/visionciudadana.com.mx\/oficial\/wp-json\/wp\/v2\/categories?post=14979"},{"taxonomy":"post_tag","embeddable":true,"href":"https:\/\/visionciudadana.com.mx\/oficial\/wp-json\/wp\/v2\/tags?post=14979"},{"taxonomy":"author","embeddable":true,"href":"https:\/\/visionciudadana.com.mx\/oficial\/wp-json\/wp\/v2\/ppma_author?post=14979"}],"curies":[{"name":"wp","href":"https:\/\/api.w.org\/{rel}","templated":true}]}}