{"id":14978,"date":"2021-02-27T23:04:25","date_gmt":"2021-02-27T23:04:25","guid":{"rendered":"https:\/\/visionciudadana.com.mx\/prueba\/2021\/02\/27\/agradece-carla-corrales-al-pas-la-oportunidad-de-registro-como-candidata-a-la-presidencia-municipal-por-cosala\/"},"modified":"2025-06-25T00:32:20","modified_gmt":"2025-06-25T00:32:20","slug":"agradece-carla-corrales-al-pas-la-oportunidad-de-registro-como-candidata-a-la-presidencia-municipal-por-cosala","status":"publish","type":"post","link":"https:\/\/visionciudadana.com.mx\/oficial\/2021\/02\/27\/agradece-carla-corrales-al-pas-la-oportunidad-de-registro-como-candidata-a-la-presidencia-municipal-por-cosala\/","title":{"rendered":"Agradece Carla Corrales al PAS la oportunidad de registro como candidata a la presidencia municipal por Cosal\u00e1"},"content":{"rendered":"<p style=\"text-align: justify;\"><img fetchpriority=\"high\" decoding=\"async\" src=\"images\/Feb21\/registro_carla.PNG\" alt=\"registro carla\" width=\"389\" height=\"226\" style=\"display: block; margin-left: auto; margin-right: auto;\" \/><\/p>\n<p style=\"text-align: justify;\">&nbsp;<\/p>\n<p style=\"text-align: justify;\"><span style=\"font-size: 14pt; font-family: arial, helvetica, sans-serif;\">Una vez m\u00e1s se le di\u00f3 la oportunidad de seguir participando y por tal raz\u00f3n agradeci\u00f3 todo el apoyo a su partido el Partido Sinaloense (PAS) y a su familia quienes le han apoyado para poder continuar con su proyecto de trabajo y el poder seguir y ayudar en todo lo que pueda a las familias cosaltecas como lo ha enido haciendo desde tiempo atr\u00e1s, as\u00ed lo expres\u00f3 Carla Corrales ante su registro como aspirante a candidata a presidente municipal por Cosal\u00e1.<\/span><\/p>\n<p style=\"text-align: justify;\">&nbsp;<\/p>\n<p style=\"text-align: justify;\"><span style=\"font-size: 14pt; font-family: arial, helvetica, sans-serif;\">\u00abDoy gracias de poder estar en el lugar indicado para poder seguir ayudando a nuestra gente cosalteca que as\u00ed lo he venido haciendo desde un principio y eso es lo que me mueve\u00bb.<\/span><\/p>\n<p style=\"text-align: justify;\">&nbsp;<\/p>\n<p style=\"text-align: justify;\"><span style=\"font-size: 14pt; font-family: arial, helvetica, sans-serif;\">Dej\u00f3 en claro que m\u00e1s que un puesto, le motiva el ppoder llegar para ayudar a los que menos tienen, la experiencia pasada, en el pasado est\u00e1 y hoy -dijo- continuar\u00e1 hacia adelante con lo que vvenga para permitirse continuar apoyando a la gente en Cosal\u00e1.<\/span><\/p>\n<p style=\"text-align: justify;\">&nbsp;<\/p>\n<p style=\"text-align: justify;\">&nbsp;<\/p>\n<p style=\"text-align: justify;\"><span style=\"font-size: 14pt; font-family: arial, helvetica, sans-serif;\">REDACCI\u00d3N\/CELINA FONSECA.<\/span><\/p>\n","protected":false},"excerpt":{"rendered":"<p>&nbsp; Una vez m\u00e1s se le di\u00f3 la oportunidad de seguir participando y por tal raz\u00f3n agradeci\u00f3 todo el apoyo a su partido el Partido Sinaloense (PAS) y a su familia quienes le han apoyado para poder continuar con su proyecto de trabajo y el poder seguir y ayudar en todo lo que pueda a [&hellip;]<\/p>\n","protected":false},"author":1,"featured_media":6843,"comment_status":"closed","ping_status":"closed","sticky":false,"template":"","format":"standard","meta":{"footnotes":""},"categories":[24],"tags":[],"ppma_author":[31],"class_list":["post-14978","post","type-post","status-publish","format-standard","has-post-thumbnail","hentry","category-relevantes"],"aioseo_notices":[],"authors":[{"term_id":31,"user_id":1,"is_guest":0,"slug":"ivan3vino","display_name":"Iv\u00e1n Trevi\u00f1o","avatar_url":{"url":"https:\/\/visionciudadana.com.mx\/oficial\/wp-content\/uploads\/2025\/09\/columna-ivan-Trevino.png","url2x":"https:\/\/visionciudadana.com.mx\/oficial\/wp-content\/uploads\/2025\/09\/columna-ivan-Trevino.png"},"0":null,"1":"","2":"","3":"","4":"","5":"","6":"","7":"","8":""}],"_links":{"self":[{"href":"https:\/\/visionciudadana.com.mx\/oficial\/wp-json\/wp\/v2\/posts\/14978","targetHints":{"allow":["GET"]}}],"collection":[{"href":"https:\/\/visionciudadana.com.mx\/oficial\/wp-json\/wp\/v2\/posts"}],"about":[{"href":"https:\/\/visionciudadana.com.mx\/oficial\/wp-json\/wp\/v2\/types\/post"}],"author":[{"embeddable":true,"href":"https:\/\/visionciudadana.com.mx\/oficial\/wp-json\/wp\/v2\/users\/1"}],"replies":[{"embeddable":true,"href":"https:\/\/visionciudadana.com.mx\/oficial\/wp-json\/wp\/v2\/comments?post=14978"}],"version-history":[{"count":1,"href":"https:\/\/visionciudadana.com.mx\/oficial\/wp-json\/wp\/v2\/posts\/14978\/revisions"}],"predecessor-version":[{"id":31362,"href":"https:\/\/visionciudadana.com.mx\/oficial\/wp-json\/wp\/v2\/posts\/14978\/revisions\/31362"}],"wp:featuredmedia":[{"embeddable":true,"href":"https:\/\/visionciudadana.com.mx\/oficial\/wp-json\/wp\/v2\/posts\/6843"}],"wp:attachment":[{"href":"https:\/\/visionciudadana.com.mx\/oficial\/wp-json\/wp\/v2\/media?parent=14978"}],"wp:term":[{"taxonomy":"category","embeddable":true,"href":"https:\/\/visionciudadana.com.mx\/oficial\/wp-json\/wp\/v2\/categories?post=14978"},{"taxonomy":"post_tag","embeddable":true,"href":"https:\/\/visionciudadana.com.mx\/oficial\/wp-json\/wp\/v2\/tags?post=14978"},{"taxonomy":"author","embeddable":true,"href":"https:\/\/visionciudadana.com.mx\/oficial\/wp-json\/wp\/v2\/ppma_author?post=14978"}],"curies":[{"name":"wp","href":"https:\/\/api.w.org\/{rel}","templated":true}]}}