{"id":14977,"date":"2021-02-27T22:51:25","date_gmt":"2021-02-27T22:51:25","guid":{"rendered":"https:\/\/visionciudadana.com.mx\/prueba\/2021\/02\/27\/no-ando-buscando-chambas-por-hoy-no-aparecere-en-las-boletas-trabajare-de-cerca-con-ruben-rocha-cuen-ojeda\/"},"modified":"2025-06-25T00:32:20","modified_gmt":"2025-06-25T00:32:20","slug":"no-ando-buscando-chambas-por-hoy-no-aparecere-en-las-boletas-trabajare-de-cerca-con-ruben-rocha-cuen-ojeda","status":"publish","type":"post","link":"https:\/\/visionciudadana.com.mx\/oficial\/2021\/02\/27\/no-ando-buscando-chambas-por-hoy-no-aparecere-en-las-boletas-trabajare-de-cerca-con-ruben-rocha-cuen-ojeda\/","title":{"rendered":"\u00abNo ando buscando chambas por hoy no aparecer\u00e9 en las boletas, trabajar\u00e9 de cerca con Rub\u00e9n Rocha: Cu\u00e9n Ojeda"},"content":{"rendered":"<p><img fetchpriority=\"high\" decoding=\"async\" src=\"images\/Feb21\/la_unidad.PNG\" alt=\"la unidad\" width=\"302\" height=\"183\" style=\"display: block; margin-left: auto; margin-right: auto;\" \/><\/p>\n<div>&nbsp;<\/div>\n<div style=\"text-align: justify;\"><span style=\"font-size: 14pt; font-family: arial, helvetica, sans-serif;\">&nbsp;H\u00e9ctor Melesio Cu\u00e9n Ojeda, dirigente estatal del Partido Sinaloense fue claro que desde septiembre del a\u00f1o pasado el partido ven\u00eda aplicando sus encuestas, y siempre que habl\u00e9 de ellas lo hice de manera objetiva.<\/span><\/div>\n<div style=\"text-align: justify;\"><span style=\"font-size: 14pt; font-family: arial, helvetica, sans-serif;\"><\/span><br \/><span style=\"font-size: 14pt; font-family: arial, helvetica, sans-serif;\">Explique que cuando nos med\u00edamos solamente como aspirantes a la gubernatura, un servidor ten\u00eda m\u00e1s preferencias; cuando med\u00edamos los partidos, MORENA sal\u00eda muy adelante, y que cuando los candidatos se anclaban a los partidos Rub\u00e9n Rocha Moya ten\u00eda la mayor\u00eda de las preferencias.<\/span><\/div>\n<div style=\"text-align: justify;\"><span style=\"font-size: 14pt; font-family: arial, helvetica, sans-serif;\"><\/span><br \/><span style=\"font-size: 14pt; font-family: arial, helvetica, sans-serif;\">Esta es la principal raz\u00f3n por la que tomamos la decisi\u00f3n que hoy compartimos con la prensa. Considero a Rub\u00e9n Rocha Moya mi amigo, mi coterr\u00e1neo, un pol\u00edtico con el que se puede trabajar por un Sinaloa mejor.<\/span><\/div>\n<div style=\"text-align: justify;\"><span style=\"font-size: 14pt; font-family: arial, helvetica, sans-serif;\"><\/span><br \/><span style=\"font-size: 14pt; font-family: arial, helvetica, sans-serif;\">Los militantes del PAS tendr\u00e1n cabida en este proyecto, de entrada, nosotros aspiramos a 8 diputaciones locales y 5 presidencias municipales. Debo aclarar que como PAS nunca pusimos sobre la mesa el municipio de Culiac\u00e1n, mucho menos para la diputada Ang\u00e9lica D\u00edaz Qui\u00f1onez, eso es falso.<\/span><\/div>\n<div style=\"text-align: justify;\"><span style=\"font-size: 14pt; font-family: arial, helvetica, sans-serif;\"><\/span><br \/><span style=\"font-size: 14pt; font-family: arial, helvetica, sans-serif;\">Nos interesa Cosal\u00e1, Badiraguato, Escuinapa, Angostura, Sinaloa de Leyva, Mocorito y algunos otros municipios por los que competiremos, en esto no habr\u00e1 problema para ponernos de acuerdo. No tendremos problemas, en esta unidad que damos a conocer, existe un ambiente de camarader\u00eda, de mucho acercamiento entre mi persona y Rub\u00e9n Rocha Moya.<\/span><\/div>\n<div style=\"text-align: justify;\"><span style=\"font-size: 14pt; font-family: arial, helvetica, sans-serif;\"><\/span><br \/><span style=\"font-size: 14pt; font-family: arial, helvetica, sans-serif;\">Hoy podr\u00eda quedar definido que le corresponde al PAS en el marco de las candidaturas comunes.<\/span><\/div>\n<div style=\"text-align: justify;\">&nbsp;<\/div>\n<div style=\"text-align: justify;\">&nbsp;<\/div>\n<div style=\"text-align: justify;\"><span style=\"font-size: 14pt; font-family: arial, helvetica, sans-serif;\">REDACCI\u00d3N\/VISI\u00d3N CIUDADANA.<\/span><\/div>\n","protected":false},"excerpt":{"rendered":"<p>&nbsp; &nbsp;H\u00e9ctor Melesio Cu\u00e9n Ojeda, dirigente estatal del Partido Sinaloense fue claro que desde septiembre del a\u00f1o pasado el partido ven\u00eda aplicando sus encuestas, y siempre que habl\u00e9 de ellas lo hice de manera objetiva. Explique que cuando nos med\u00edamos solamente como aspirantes a la gubernatura, un servidor ten\u00eda m\u00e1s preferencias; cuando med\u00edamos los partidos, [&hellip;]<\/p>\n","protected":false},"author":1,"featured_media":6841,"comment_status":"closed","ping_status":"closed","sticky":false,"template":"","format":"standard","meta":{"footnotes":""},"categories":[24],"tags":[],"ppma_author":[31],"class_list":["post-14977","post","type-post","status-publish","format-standard","has-post-thumbnail","hentry","category-relevantes"],"aioseo_notices":[],"authors":[{"term_id":31,"user_id":1,"is_guest":0,"slug":"ivan3vino","display_name":"Iv\u00e1n Trevi\u00f1o","avatar_url":{"url":"https:\/\/visionciudadana.com.mx\/oficial\/wp-content\/uploads\/2025\/09\/columna-ivan-Trevino.png","url2x":"https:\/\/visionciudadana.com.mx\/oficial\/wp-content\/uploads\/2025\/09\/columna-ivan-Trevino.png"},"0":null,"1":"","2":"","3":"","4":"","5":"","6":"","7":"","8":""}],"_links":{"self":[{"href":"https:\/\/visionciudadana.com.mx\/oficial\/wp-json\/wp\/v2\/posts\/14977","targetHints":{"allow":["GET"]}}],"collection":[{"href":"https:\/\/visionciudadana.com.mx\/oficial\/wp-json\/wp\/v2\/posts"}],"about":[{"href":"https:\/\/visionciudadana.com.mx\/oficial\/wp-json\/wp\/v2\/types\/post"}],"author":[{"embeddable":true,"href":"https:\/\/visionciudadana.com.mx\/oficial\/wp-json\/wp\/v2\/users\/1"}],"replies":[{"embeddable":true,"href":"https:\/\/visionciudadana.com.mx\/oficial\/wp-json\/wp\/v2\/comments?post=14977"}],"version-history":[{"count":1,"href":"https:\/\/visionciudadana.com.mx\/oficial\/wp-json\/wp\/v2\/posts\/14977\/revisions"}],"predecessor-version":[{"id":31363,"href":"https:\/\/visionciudadana.com.mx\/oficial\/wp-json\/wp\/v2\/posts\/14977\/revisions\/31363"}],"wp:featuredmedia":[{"embeddable":true,"href":"https:\/\/visionciudadana.com.mx\/oficial\/wp-json\/wp\/v2\/posts\/6841"}],"wp:attachment":[{"href":"https:\/\/visionciudadana.com.mx\/oficial\/wp-json\/wp\/v2\/media?parent=14977"}],"wp:term":[{"taxonomy":"category","embeddable":true,"href":"https:\/\/visionciudadana.com.mx\/oficial\/wp-json\/wp\/v2\/categories?post=14977"},{"taxonomy":"post_tag","embeddable":true,"href":"https:\/\/visionciudadana.com.mx\/oficial\/wp-json\/wp\/v2\/tags?post=14977"},{"taxonomy":"author","embeddable":true,"href":"https:\/\/visionciudadana.com.mx\/oficial\/wp-json\/wp\/v2\/ppma_author?post=14977"}],"curies":[{"name":"wp","href":"https:\/\/api.w.org\/{rel}","templated":true}]}}