{"id":14964,"date":"2021-02-25T04:18:40","date_gmt":"2021-02-25T04:18:40","guid":{"rendered":"https:\/\/visionciudadana.com.mx\/prueba\/2021\/02\/25\/cabildo-aprueba-solicitud-de-licencia-temporal-a-cargo-de-alcalde-por-parte-del-lic-jesus-estrada-ferreiro\/"},"modified":"2025-06-25T00:32:21","modified_gmt":"2025-06-25T00:32:21","slug":"cabildo-aprueba-solicitud-de-licencia-temporal-a-cargo-de-alcalde-por-parte-del-lic-jesus-estrada-ferreiro","status":"publish","type":"post","link":"https:\/\/visionciudadana.com.mx\/oficial\/2021\/02\/25\/cabildo-aprueba-solicitud-de-licencia-temporal-a-cargo-de-alcalde-por-parte-del-lic-jesus-estrada-ferreiro\/","title":{"rendered":"Cabildo aprueba solicitud de licencia temporal a cargo de alcalde por parte del Lic. Jes\u00fas Estrada Ferreiro"},"content":{"rendered":"<p style=\"text-align: justify;\"><img fetchpriority=\"high\" decoding=\"async\" src=\"images\/Feb21\/cabildo_aprueba_solic.PNG\" alt=\"cabildo aprueba solic\" width=\"410\" height=\"232\" style=\"display: block; margin-left: auto; margin-right: auto;\" \/><\/p>\n<p class=\"x_MsoNormal\" style=\"text-align: justify;\"><span style=\"font-size: 14pt; font-family: arial, helvetica, sans-serif;\">Con 11 votos a favor el Cabildo aprob\u00f3 la solicitud de licencia realizada por el Lic. Jes\u00fas Estrada Ferreiro para separarse temporalmente del cargo como presidente municipal, por lo que se design\u00f3 al regidor Miguel \u00c1ngel Gonz\u00e1lez Cervantes como su suplente tras ser sometida a consideraci\u00f3n la propuesta para su nombramiento que fue aprobada por mayor\u00eda con 10 votos.<\/span><\/p>\n<p style=\"text-align: justify;\">&nbsp;<\/p>\n<p class=\"x_MsoNormal\" style=\"text-align: justify;\"><span style=\"font-size: 14pt; font-family: arial, helvetica, sans-serif;\">De este modo, Gonz\u00e1lez Cervantes fungir\u00e1 como alcalde del municipio de Culiac\u00e1n a partir del pr\u00f3ximo 06 de marzo del a\u00f1o en curso, lo cual fue establecido como Acuerdo en el Punto N\u00famero 11 del Orden del D\u00eda en Sesi\u00f3n Ordinaria de Cabildo efectuada en su modalidad virtual v\u00eda Zoom.<\/span><\/p>\n<p style=\"text-align: justify;\">&nbsp;<\/p>\n<p class=\"x_MsoNormal\" style=\"text-align: justify;\"><span style=\"font-size: 14pt; font-family: arial, helvetica, sans-serif;\">Fue recibida tambi\u00e9n la propuesta para que fuera la S\u00edndica Procuradora Sandra Martos Lara quien ocupara el cargo, la cual obtuvo dos votos a favor.<\/span><\/p>\n<p style=\"text-align: justify;\">&nbsp;<\/p>\n<p class=\"x_MsoNormal\" style=\"text-align: justify;\"><span style=\"font-size: 14pt; font-family: arial, helvetica, sans-serif;\">Asimismo, en los Puntos N\u00famero 8 y N\u00famero 9, se aprobaron por mayor\u00eda los Puntos de Acuerdo sometidos a consideraci\u00f3n referentes a las solicitudes de licencia temporal al cargo de Regidor del Ayuntamiento del Municipio de Culiac\u00e1n, con efectos a partir del 06 de marzo del 2021, presentadas por los ciudadanos Jes\u00fas Santiago Vidrio Jim\u00e9nez y \u00d3scar Manuel Uribe Padilla respectivamente.<\/span><\/p>\n<p style=\"text-align: justify;\">&nbsp;<\/p>\n<p style=\"text-align: justify;\"><span style=\"font-size: 14pt; font-family: arial, helvetica, sans-serif;\">REDACCI\u00d3N\/VISI\u00d3N CIUDADANA.<\/span><\/p>\n","protected":false},"excerpt":{"rendered":"<p>Con 11 votos a favor el Cabildo aprob\u00f3 la solicitud de licencia realizada por el Lic. Jes\u00fas Estrada Ferreiro para separarse temporalmente del cargo como presidente municipal, por lo que se design\u00f3 al regidor Miguel \u00c1ngel Gonz\u00e1lez Cervantes como su suplente tras ser sometida a consideraci\u00f3n la propuesta para su nombramiento que fue aprobada por [&hellip;]<\/p>\n","protected":false},"author":1,"featured_media":6822,"comment_status":"closed","ping_status":"closed","sticky":false,"template":"","format":"standard","meta":{"footnotes":""},"categories":[13],"tags":[],"ppma_author":[31],"class_list":["post-14964","post","type-post","status-publish","format-standard","has-post-thumbnail","hentry","category-locales"],"aioseo_notices":[],"authors":[{"term_id":31,"user_id":1,"is_guest":0,"slug":"ivan3vino","display_name":"Iv\u00e1n Trevi\u00f1o","avatar_url":{"url":"https:\/\/visionciudadana.com.mx\/oficial\/wp-content\/uploads\/2025\/09\/columna-ivan-Trevino.png","url2x":"https:\/\/visionciudadana.com.mx\/oficial\/wp-content\/uploads\/2025\/09\/columna-ivan-Trevino.png"},"0":null,"1":"","2":"","3":"","4":"","5":"","6":"","7":"","8":""}],"_links":{"self":[{"href":"https:\/\/visionciudadana.com.mx\/oficial\/wp-json\/wp\/v2\/posts\/14964","targetHints":{"allow":["GET"]}}],"collection":[{"href":"https:\/\/visionciudadana.com.mx\/oficial\/wp-json\/wp\/v2\/posts"}],"about":[{"href":"https:\/\/visionciudadana.com.mx\/oficial\/wp-json\/wp\/v2\/types\/post"}],"author":[{"embeddable":true,"href":"https:\/\/visionciudadana.com.mx\/oficial\/wp-json\/wp\/v2\/users\/1"}],"replies":[{"embeddable":true,"href":"https:\/\/visionciudadana.com.mx\/oficial\/wp-json\/wp\/v2\/comments?post=14964"}],"version-history":[{"count":1,"href":"https:\/\/visionciudadana.com.mx\/oficial\/wp-json\/wp\/v2\/posts\/14964\/revisions"}],"predecessor-version":[{"id":31369,"href":"https:\/\/visionciudadana.com.mx\/oficial\/wp-json\/wp\/v2\/posts\/14964\/revisions\/31369"}],"wp:featuredmedia":[{"embeddable":true,"href":"https:\/\/visionciudadana.com.mx\/oficial\/wp-json\/wp\/v2\/posts\/6822"}],"wp:attachment":[{"href":"https:\/\/visionciudadana.com.mx\/oficial\/wp-json\/wp\/v2\/media?parent=14964"}],"wp:term":[{"taxonomy":"category","embeddable":true,"href":"https:\/\/visionciudadana.com.mx\/oficial\/wp-json\/wp\/v2\/categories?post=14964"},{"taxonomy":"post_tag","embeddable":true,"href":"https:\/\/visionciudadana.com.mx\/oficial\/wp-json\/wp\/v2\/tags?post=14964"},{"taxonomy":"author","embeddable":true,"href":"https:\/\/visionciudadana.com.mx\/oficial\/wp-json\/wp\/v2\/ppma_author?post=14964"}],"curies":[{"name":"wp","href":"https:\/\/api.w.org\/{rel}","templated":true}]}}