{"id":14963,"date":"2021-02-25T04:13:04","date_gmt":"2021-02-25T04:13:04","guid":{"rendered":"https:\/\/visionciudadana.com.mx\/prueba\/2021\/02\/25\/preinscripciones-para-el-nivel-medio-superior-registran-un-avance-del-46-18\/"},"modified":"2025-06-25T00:32:21","modified_gmt":"2025-06-25T00:32:21","slug":"preinscripciones-para-el-nivel-medio-superior-registran-un-avance-del-46-18","status":"publish","type":"post","link":"https:\/\/visionciudadana.com.mx\/oficial\/2021\/02\/25\/preinscripciones-para-el-nivel-medio-superior-registran-un-avance-del-46-18\/","title":{"rendered":"Preinscripciones para el nivel medio superior registran un avance del 46.18%"},"content":{"rendered":"<p style=\"text-align: justify;\"><span style=\"font-size: 14pt; font-family: arial, helvetica, sans-serif;\"><b><span lang=\"ES\"><img fetchpriority=\"high\" decoding=\"async\" src=\"images\/Feb21\/preinscripcion_uas.PNG\" alt=\"preinscripcion uas\" width=\"395\" height=\"217\" style=\"display: block; margin-left: auto; margin-right: auto;\" \/><br \/><\/span><\/b><\/span><\/p>\n<p class=\"x_MsoNormal\" style=\"text-align: justify;\" align=\"right\"><span style=\"font-size: 14pt; font-family: arial, helvetica, sans-serif;\">Un avance del 46.18 por ciento registra el proceso de preinscripciones para ingresar al nivel medio superior en la Universidad Aut\u00f3noma de Sinaloa (UAS), a\u00fan quedan disponibles 17 mil 764 fichas en todo el estado, inform\u00f3 el Rector, doctor Juan Eulogio Guerra Liera, luego de que este d\u00eda mi\u00e9rcoles 24 se abriera el portal institucional para la entrega de fichas para las preparatorias de la Unidad Regional Norte (URN).<\/span><\/p>\n<p class=\"x_MsoNormal\" style=\"text-align: justify;\"><span lang=\"ES\" style=\"font-size: 14pt; font-family: arial, helvetica, sans-serif;\"><\/span><\/p>\n<p class=\"x_MsoNormal\" style=\"text-align: justify;\"><span lang=\"ES\" style=\"font-size: 14pt; font-family: arial, helvetica, sans-serif;\">Guerra Liera dio a conocer que el proceso de registro de aspirantes ha venido avanzando y desarroll\u00e1ndose sin incidentes, sin problemas ni ca\u00edda del sistema en ning\u00fan momento.<\/span><\/p>\n<p class=\"x_MsoNormal\" style=\"text-align: justify;\"><span lang=\"ES\" style=\"font-size: 14pt; font-family: arial, helvetica, sans-serif;\"><\/span><\/p>\n<p class=\"x_MsoNormal\" style=\"text-align: justify;\"><span lang=\"ES\" style=\"font-size: 14pt; font-family: arial, helvetica, sans-serif;\">Se\u00f1al\u00f3 que en un corte a las 13:25 horas de este d\u00eda, se registr\u00f3 un avance del 46.18 por ciento en la entrega de fichas, ya que de las 33 mil 045 fichas que se tienen programadas entregar en todo el estado para los aspirantes a bachillerato se han adjudicado 15 mil 261 fichas, quedando a\u00fan disponibles 17 mil 764 fichas.<\/span><\/p>\n<p class=\"x_MsoNormal\" style=\"text-align: justify;\"><span lang=\"ES\" style=\"font-size: 14pt; font-family: arial, helvetica, sans-serif;\"><\/span><\/p>\n<p class=\"x_MsoNormal\" style=\"text-align: justify;\"><span lang=\"ES\" style=\"font-size: 14pt; font-family: arial, helvetica, sans-serif;\">En la Unidad Regional Centro (URC), que de acuerdo a la calendarizaci\u00f3n de apertura inici\u00f3 el proceso el lunes 22, de 17 mil 113 fichas lleva entregadas 10 mil 015, es decir, registra un avance del 58.52 por ciento y tiene a\u00fan disponibles 7 mil 096 fichas.<\/span><\/p>\n<p class=\"x_MsoNormal\" style=\"text-align: justify;\"><span lang=\"ES\" style=\"font-size: 14pt; font-family: arial, helvetica, sans-serif;\"><\/span><\/p>\n<p class=\"x_MsoNormal\" style=\"text-align: justify;\"><span lang=\"ES\" style=\"font-size: 14pt; font-family: arial, helvetica, sans-serif;\">La Unidad Regional Centro Norte (URCN) que abri\u00f3 su proceso de preinscripci\u00f3n el martes 23 de febrero, de 5 mil 339 fichas, registra un avance del 53.27 por ciento ya que se han preinscrito 2 mil 884 aspirantes y quedan disponibles 2 mil 495 fichas.<\/span><\/p>\n<p class=\"x_MsoNormal\" style=\"text-align: justify;\"><span lang=\"ES\" style=\"font-size: 14pt; font-family: arial, helvetica, sans-serif;\"><\/span><\/p>\n<p class=\"x_MsoNormal\" style=\"text-align: justify;\"><span lang=\"ES\" style=\"font-size: 14pt; font-family: arial, helvetica, sans-serif;\">En la Unidad Regional Norte (URN) que inici\u00f3 hoy con la entrega de fichas se registra un avance del 47.28 por ciento al adjudicarse ya 2 mil 402 fichas y contando aun con 2 mil 678 disponibles.<\/span><\/p>\n<p class=\"x_MsoNormal\" style=\"text-align: justify;\"><span lang=\"ES\" style=\"font-size: 14pt; font-family: arial, helvetica, sans-serif;\"><\/span><\/p>\n<p class=\"x_MsoNormal\" style=\"text-align: justify;\"><span lang=\"ES\" style=\"font-size: 14pt; font-family: arial, helvetica, sans-serif;\">El Rector detall\u00f3 que al momento hay 12 unidades acad\u00e9micas con un avance del 100 por ciento en este proceso, es decir, que ya agotaron sus fichas, hay 14 unidades acad\u00e9micas con un avance de entre el 90 y 50 por ciento; 38 planteles con avance de entre el 49 y 20 por ciento y 35 unidades acad\u00e9micas con un avance menor al 20 por ciento.<\/span><\/p>\n<p class=\"x_MsoNormal\" style=\"text-align: justify;\"><span lang=\"ES\" style=\"font-size: 14pt; font-family: arial, helvetica, sans-serif;\"><\/span><\/p>\n<p class=\"x_MsoNormal\" style=\"text-align: justify;\"><span lang=\"ES\" style=\"font-size: 14pt; font-family: arial, helvetica, sans-serif;\">Entre las unidades acad\u00e9micas que ya agotaron sus fichas se encuentran las preparatorias Central Nocturna, Emiliano Zapata, Hnos. Flores Mag\u00f3n, Salvador Allende y su Extensi\u00f3n Marcelo Loya, la Augusto C\u00e9sar Sandino, la Rafael Buelna Tenorio, la Preparatoria Ciudad Universitaria Mochis, la Preparatoria Mochis y su Extensi\u00f3n Macapule, la Preparatoria Guam\u00fachil y la Guasave Diurna.<\/span><\/p>\n<p class=\"x_MsoNormal\" style=\"text-align: justify;\"><span lang=\"ES\" style=\"font-size: 14pt; font-family: arial, helvetica, sans-serif;\"><\/span><\/p>\n<p class=\"x_MsoNormal\" style=\"text-align: justify;\"><span lang=\"ES\" style=\"font-size: 14pt; font-family: arial, helvetica, sans-serif;\">El dirigente universitario enfatiz\u00f3 que en las preparatorias mencionadas es donde se concentra el mayor n\u00famero de estudiantes, sin embargo, en las tres unidades regionales que han iniciado las preinscripciones a\u00fan hay fichas disponibles para atender a los aspirantes.<\/span><\/p>\n<p class=\"x_MsoNormal\" style=\"text-align: justify;\"><span lang=\"ES\" style=\"font-size: 14pt; font-family: arial, helvetica, sans-serif;\"><\/span><\/p>\n<p class=\"x_MsoNormal\" style=\"text-align: justify;\"><span lang=\"ES\" style=\"font-size: 14pt; font-family: arial, helvetica, sans-serif;\">Por \u00faltimo, reiter\u00f3 la importancia de que los aspirantes cumplan con todos los pasos establecidos en la Convocatoria y que culminen el procedimiento, para que queden debidamente preinscritos.<\/span><\/p>\n<p class=\"x_MsoNormal\" style=\"text-align: justify;\"><span lang=\"ES\" style=\"font-size: 14pt; font-family: arial, helvetica, sans-serif;\"><\/span><\/p>\n<p class=\"x_MsoNormal\" style=\"text-align: justify;\"><span lang=\"ES\" style=\"font-size: 14pt; font-family: arial, helvetica, sans-serif;\">Este jueves 25 de febrero se abre el portal para preinscribirse en alguna preparatoria de la Unidad Regional Sur (URS) y ser\u00e1 hasta el pr\u00f3ximo lunes 1 de marzo cuando se abra el portal para el Nivel Superior, la entrega de fichas iniciar\u00e1 solo para las carreras del Grupo A, es decir del \u00e1rea de la salud.<\/span><\/p>\n<p style=\"text-align: justify;\">&nbsp;<\/p>\n<p style=\"text-align: justify;\"><span style=\"font-size: 14pt; font-family: arial, helvetica, sans-serif;\">REDACCI\u00d3N\/VISI\u00d3N CIUDADANA.<\/span><\/p>\n","protected":false},"excerpt":{"rendered":"<p>Un avance del 46.18 por ciento registra el proceso de preinscripciones para ingresar al nivel medio superior en la Universidad Aut\u00f3noma de Sinaloa (UAS), a\u00fan quedan disponibles 17 mil 764 fichas en todo el estado, inform\u00f3 el Rector, doctor Juan Eulogio Guerra Liera, luego de que este d\u00eda mi\u00e9rcoles 24 se abriera el portal institucional [&hellip;]<\/p>\n","protected":false},"author":1,"featured_media":6820,"comment_status":"closed","ping_status":"closed","sticky":false,"template":"","format":"standard","meta":{"footnotes":""},"categories":[13],"tags":[],"ppma_author":[31],"class_list":["post-14963","post","type-post","status-publish","format-standard","has-post-thumbnail","hentry","category-locales"],"aioseo_notices":[],"authors":[{"term_id":31,"user_id":1,"is_guest":0,"slug":"ivan3vino","display_name":"Iv\u00e1n Trevi\u00f1o","avatar_url":{"url":"https:\/\/visionciudadana.com.mx\/oficial\/wp-content\/uploads\/2025\/09\/columna-ivan-Trevino.png","url2x":"https:\/\/visionciudadana.com.mx\/oficial\/wp-content\/uploads\/2025\/09\/columna-ivan-Trevino.png"},"0":null,"1":"","2":"","3":"","4":"","5":"","6":"","7":"","8":""}],"_links":{"self":[{"href":"https:\/\/visionciudadana.com.mx\/oficial\/wp-json\/wp\/v2\/posts\/14963","targetHints":{"allow":["GET"]}}],"collection":[{"href":"https:\/\/visionciudadana.com.mx\/oficial\/wp-json\/wp\/v2\/posts"}],"about":[{"href":"https:\/\/visionciudadana.com.mx\/oficial\/wp-json\/wp\/v2\/types\/post"}],"author":[{"embeddable":true,"href":"https:\/\/visionciudadana.com.mx\/oficial\/wp-json\/wp\/v2\/users\/1"}],"replies":[{"embeddable":true,"href":"https:\/\/visionciudadana.com.mx\/oficial\/wp-json\/wp\/v2\/comments?post=14963"}],"version-history":[{"count":1,"href":"https:\/\/visionciudadana.com.mx\/oficial\/wp-json\/wp\/v2\/posts\/14963\/revisions"}],"predecessor-version":[{"id":31370,"href":"https:\/\/visionciudadana.com.mx\/oficial\/wp-json\/wp\/v2\/posts\/14963\/revisions\/31370"}],"wp:featuredmedia":[{"embeddable":true,"href":"https:\/\/visionciudadana.com.mx\/oficial\/wp-json\/wp\/v2\/posts\/6820"}],"wp:attachment":[{"href":"https:\/\/visionciudadana.com.mx\/oficial\/wp-json\/wp\/v2\/media?parent=14963"}],"wp:term":[{"taxonomy":"category","embeddable":true,"href":"https:\/\/visionciudadana.com.mx\/oficial\/wp-json\/wp\/v2\/categories?post=14963"},{"taxonomy":"post_tag","embeddable":true,"href":"https:\/\/visionciudadana.com.mx\/oficial\/wp-json\/wp\/v2\/tags?post=14963"},{"taxonomy":"author","embeddable":true,"href":"https:\/\/visionciudadana.com.mx\/oficial\/wp-json\/wp\/v2\/ppma_author?post=14963"}],"curies":[{"name":"wp","href":"https:\/\/api.w.org\/{rel}","templated":true}]}}