{"id":14962,"date":"2021-02-25T03:59:27","date_gmt":"2021-02-25T03:59:27","guid":{"rendered":"https:\/\/visionciudadana.com.mx\/prueba\/2021\/02\/25\/brigadistas-de-la-uas-apoyaran-en-vacunacion-en-el-municipio-de-salvador-alvarado\/"},"modified":"2025-06-25T00:32:21","modified_gmt":"2025-06-25T00:32:21","slug":"brigadistas-de-la-uas-apoyaran-en-vacunacion-en-el-municipio-de-salvador-alvarado","status":"publish","type":"post","link":"https:\/\/visionciudadana.com.mx\/oficial\/2021\/02\/25\/brigadistas-de-la-uas-apoyaran-en-vacunacion-en-el-municipio-de-salvador-alvarado\/","title":{"rendered":"Brigadistas de la UAS apoyar\u00e1n en vacunaci\u00f3n en el municipio de Salvador Alvarado"},"content":{"rendered":"<p><img fetchpriority=\"high\" decoding=\"async\" src=\"images\/Feb21\/brigadistas_uas.PNG\" alt=\"brigadistas uas\" width=\"339\" height=\"182\" style=\"display: block; margin-left: auto; margin-right: auto;\" \/><\/p>\n<p class=\"x_MsoNormal\" style=\"text-align: justify;\" align=\"center\"><span style=\"font-size: 14pt; font-family: arial, helvetica, sans-serif;\"><span lang=\"ES\">Este mi\u00e9rcoles 24 de febrero sali\u00f3 con rumbo al municipio de Salvador Alvarado, el primer grupo de m\u00e9dicos pasantes de la Facultad de Medicina de la Universidad Aut\u00f3noma de Sinaloa (UAS) para participar como voluntarios en las&nbsp;<i>Brigadas Correcaminos<\/i>&nbsp;de vacunaci\u00f3n contra COVID-19.<\/span><\/span><\/p>\n<p class=\"x_MsoNormal\" style=\"text-align: justify;\"><span lang=\"ES\" style=\"font-size: 14pt; font-family: arial, helvetica, sans-serif;\"><\/span><\/p>\n<p class=\"x_MsoNormal\" style=\"text-align: justify;\"><span lang=\"ES\" style=\"font-size: 14pt; font-family: arial, helvetica, sans-serif;\">El doctor Alfredo Rubio Figueroa, coordinador del grupo conformado por m\u00e1s de treinta m\u00e9dicos pasantes, detall\u00f3 que este va con el objetivo de fortalecer las Brigadas Correcaminos para las pr\u00f3ximas fases de la&nbsp;<i>Pol\u00edtica Nacional de Vacunaci\u00f3n contra el Virus SARS-CoV-2<\/i>&nbsp;que diera a conocer el Gobierno Federal en enero.<\/span><\/p>\n<p class=\"x_MsoNormal\" style=\"text-align: justify;\"><span lang=\"ES\" style=\"font-size: 14pt; font-family: arial, helvetica, sans-serif;\"><\/span><\/p>\n<p class=\"x_MsoNormal\" style=\"text-align: justify;\"><span lang=\"ES\" style=\"font-size: 14pt; font-family: arial, helvetica, sans-serif;\">\u201cAnte el llamado nuestro Rector, el doctor Juan Eulogio Guerra Liera, nos instruy\u00f3 a que apoy\u00e1ramos en lo que es la vacunaci\u00f3n en el municipio de Salvador Alvarado. Ahorita ellos van como apoyo para registrarse primero y ya a partir de ma\u00f1ana jueves y hasta el domingo 28 de febrero, se est\u00e9 llevando a cabo la vacunaci\u00f3n ah\u00ed mismo\u201d, coment\u00f3.<\/span><\/p>\n<p class=\"x_MsoNormal\" style=\"text-align: justify;\"><span lang=\"ES\" style=\"font-size: 14pt; font-family: arial, helvetica, sans-serif;\"><\/span><\/p>\n<p class=\"x_MsoNormal\" style=\"text-align: justify;\"><span lang=\"ES\" style=\"font-size: 14pt; font-family: arial, helvetica, sans-serif;\">Inform\u00f3 asimismo que de 2 mil 400 brigadistas que est\u00e1n participando en las Brigadas Correcaminos en todo el estado, m\u00e1s del 90 por ciento corresponde a personal universitario del \u00e1rea de la salud, entre m\u00e9dicos, enfermeros, pasantes y estudiantes de dichas carreras.<\/span><\/p>\n<p class=\"x_MsoNormal\" style=\"text-align: justify;\"><span lang=\"ES\" style=\"font-size: 14pt; font-family: arial, helvetica, sans-serif;\"><\/span><\/p>\n<p class=\"x_MsoNormal\" style=\"text-align: justify;\"><span lang=\"ES\" style=\"font-size: 14pt; font-family: arial, helvetica, sans-serif;\">\u201cEl 95 por ciento, aproximadamente, de estos brigadistas son de la Universidad Aut\u00f3noma de Sinaloa; esto quiere decir que es un apoyo tremendo que est\u00e1 aportando la Universidad, adem\u00e1s de otros apoyos que ha dado como los ultracongeladores empleados para el resguardo de la vacuna de Pfizer\u201d, dijo.<\/span><\/p>\n<p class=\"x_MsoNormal\" style=\"text-align: justify;\"><span lang=\"ES\" style=\"font-size: 14pt; font-family: arial, helvetica, sans-serif;\"><\/span><\/p>\n<p class=\"x_MsoNormal\" style=\"text-align: justify;\"><span lang=\"ES\" style=\"font-size: 14pt; font-family: arial, helvetica, sans-serif;\">Todos ellos, est\u00e1n capacitados para llevar a cabo las tareas que demanda el programa contenido en la estrategia operativa de vacunaci\u00f3n en su segunda etapa correspondiente al personal de salud restante y a adultos de 60 a\u00f1os o m\u00e1s.<\/span><\/p>\n<p class=\"x_MsoNormal\" style=\"text-align: justify;\"><span lang=\"ES\" style=\"font-size: 14pt; font-family: arial, helvetica, sans-serif;\"><\/span><\/p>\n<p class=\"x_MsoNormal\" style=\"text-align: justify;\"><span lang=\"ES\" style=\"font-size: 14pt; font-family: arial, helvetica, sans-serif;\">De la distribuci\u00f3n de los brigadistas universitarios, Rubio Figueroa indic\u00f3 que ser\u00e1 en cinco centros de vacunaci\u00f3n dispuestos por Gobierno Federal ubicados en el Polideportivo \u201cVilla Benito Ju\u00e1rez\u201d, en la Escuela Secundaria SNTE, en la Preparatoria \u201cGuam\u00fachil\u201d de esta M\u00e1xima Casa de Estudios Sinaloense, en la Escuela Primaria \u201cSamuel M. Gil\u201d y en la Escuela Secundaria T\u00e9cnica No. 33, respectivamente.<\/span><\/p>\n","protected":false},"excerpt":{"rendered":"<p>Este mi\u00e9rcoles 24 de febrero sali\u00f3 con rumbo al municipio de Salvador Alvarado, el primer grupo de m\u00e9dicos pasantes de la Facultad de Medicina de la Universidad Aut\u00f3noma de Sinaloa (UAS) para participar como voluntarios en las&nbsp;Brigadas Correcaminos&nbsp;de vacunaci\u00f3n contra COVID-19. El doctor Alfredo Rubio Figueroa, coordinador del grupo conformado por m\u00e1s de treinta m\u00e9dicos [&hellip;]<\/p>\n","protected":false},"author":1,"featured_media":6818,"comment_status":"closed","ping_status":"closed","sticky":false,"template":"","format":"standard","meta":{"footnotes":""},"categories":[13],"tags":[],"ppma_author":[31],"class_list":["post-14962","post","type-post","status-publish","format-standard","has-post-thumbnail","hentry","category-locales"],"aioseo_notices":[],"authors":[{"term_id":31,"user_id":1,"is_guest":0,"slug":"ivan3vino","display_name":"Iv\u00e1n Trevi\u00f1o","avatar_url":{"url":"https:\/\/visionciudadana.com.mx\/oficial\/wp-content\/uploads\/2025\/09\/columna-ivan-Trevino.png","url2x":"https:\/\/visionciudadana.com.mx\/oficial\/wp-content\/uploads\/2025\/09\/columna-ivan-Trevino.png"},"0":null,"1":"","2":"","3":"","4":"","5":"","6":"","7":"","8":""}],"_links":{"self":[{"href":"https:\/\/visionciudadana.com.mx\/oficial\/wp-json\/wp\/v2\/posts\/14962","targetHints":{"allow":["GET"]}}],"collection":[{"href":"https:\/\/visionciudadana.com.mx\/oficial\/wp-json\/wp\/v2\/posts"}],"about":[{"href":"https:\/\/visionciudadana.com.mx\/oficial\/wp-json\/wp\/v2\/types\/post"}],"author":[{"embeddable":true,"href":"https:\/\/visionciudadana.com.mx\/oficial\/wp-json\/wp\/v2\/users\/1"}],"replies":[{"embeddable":true,"href":"https:\/\/visionciudadana.com.mx\/oficial\/wp-json\/wp\/v2\/comments?post=14962"}],"version-history":[{"count":1,"href":"https:\/\/visionciudadana.com.mx\/oficial\/wp-json\/wp\/v2\/posts\/14962\/revisions"}],"predecessor-version":[{"id":31371,"href":"https:\/\/visionciudadana.com.mx\/oficial\/wp-json\/wp\/v2\/posts\/14962\/revisions\/31371"}],"wp:featuredmedia":[{"embeddable":true,"href":"https:\/\/visionciudadana.com.mx\/oficial\/wp-json\/wp\/v2\/posts\/6818"}],"wp:attachment":[{"href":"https:\/\/visionciudadana.com.mx\/oficial\/wp-json\/wp\/v2\/media?parent=14962"}],"wp:term":[{"taxonomy":"category","embeddable":true,"href":"https:\/\/visionciudadana.com.mx\/oficial\/wp-json\/wp\/v2\/categories?post=14962"},{"taxonomy":"post_tag","embeddable":true,"href":"https:\/\/visionciudadana.com.mx\/oficial\/wp-json\/wp\/v2\/tags?post=14962"},{"taxonomy":"author","embeddable":true,"href":"https:\/\/visionciudadana.com.mx\/oficial\/wp-json\/wp\/v2\/ppma_author?post=14962"}],"curies":[{"name":"wp","href":"https:\/\/api.w.org\/{rel}","templated":true}]}}