{"id":14961,"date":"2021-02-25T03:52:45","date_gmt":"2021-02-25T03:52:45","guid":{"rendered":"https:\/\/visionciudadana.com.mx\/prueba\/2021\/02\/25\/reconoce-gobernador-la-labor-de-la-jap-del-estado-de-sinaloa\/"},"modified":"2025-06-25T00:32:21","modified_gmt":"2025-06-25T00:32:21","slug":"reconoce-gobernador-la-labor-de-la-jap-del-estado-de-sinaloa","status":"publish","type":"post","link":"https:\/\/visionciudadana.com.mx\/oficial\/2021\/02\/25\/reconoce-gobernador-la-labor-de-la-jap-del-estado-de-sinaloa\/","title":{"rendered":"Reconoce gobernador la labor de la JAP del Estado de Sinaloa"},"content":{"rendered":"<p><img fetchpriority=\"high\" decoding=\"async\" src=\"images\/Feb21\/jap_y_gober.PNG\" alt=\"jap y gober\" width=\"430\" height=\"245\" style=\"display: block; margin-left: auto; margin-right: auto;\" \/><\/p>\n<p class=\"x_MsoNormal\" style=\"text-align: justify;\"><span style=\"font-size: 14pt; font-family: arial, helvetica, sans-serif;\">La Junta de Asistencia Privada del Estado de Sinaloa (JAP), e Instituciones de Asistencia Privada (IAP), se reunieron con el gobernador Quirino Ordaz Coppel, para darle a conocer los avances que han realizado y formar alianzas para mejorar el tercer sector.<\/span><\/p>\n<p style=\"text-align: justify;\">&nbsp;<\/p>\n<p class=\"x_MsoNormal\" style=\"text-align: justify;\"><span style=\"font-size: 14pt; font-family: arial, helvetica, sans-serif;\">El Presidente de la JAP Sinaloa, Mario C\u00f3rdova Arista, inform\u00f3 que en el \u00faltimo a\u00f1o, se han realizado 7.5 millones de servicios asistenciales y una recaudaci\u00f3n de 736 millones de pesos en alimentos y diversos apoyos para la ciudadan\u00eda.<\/span><\/p>\n<p style=\"text-align: justify;\">&nbsp;<\/p>\n<p class=\"x_MsoNormal\" style=\"text-align: justify;\"><span style=\"font-size: 14pt; font-family: arial, helvetica, sans-serif;\">Explic\u00f3 que la Junta est\u00e1 compuesta por 118 Instituciones de Asistencia Privada donde participan 7 mil 600 voluntarios, pero tambi\u00e9n con la generaci\u00f3n de 5 mil 500 empleos formales.<\/span><\/p>\n<p style=\"text-align: justify;\">&nbsp;<\/p>\n<p class=\"x_MsoNormal\" style=\"text-align: justify;\"><span style=\"font-size: 14pt; font-family: arial, helvetica, sans-serif;\">C\u00f3rdova Arista inform\u00f3 al gobernador y a su esposa que recientemente se cre\u00f3 el Fondo de Inversi\u00f3n Social, cuyo objetivo es recaudar de parte de estas instituciones altruistas un capital de 20 millones de pesos, para ser destinado a apoyos que puedan ser canalizados a la poblaci\u00f3n vulnerable.<\/span><\/p>\n<p style=\"text-align: justify;\">&nbsp;<\/p>\n<p class=\"x_MsoNormal\" style=\"text-align: justify;\"><span style=\"font-size: 14pt; font-family: arial, helvetica, sans-serif;\">\u201cEl fondo de inversi\u00f3n social lo hicimos con la idea de identificar aquellas empresas o personas que desean apoyar a las IAP, nosotros los llamamos inversionistas, ellos eligen en que Instituci\u00f3n de Asistencia Privada o en que causa les interesa, y nosotros facilitamos que la Instituci\u00f3n de Asistencia Privada le rinda cuentas a este inversionista y se hagan relaciones de largo plazo, hoy hemos logrado de diciembre a la fecha beneficiar a 89 Instituciones de Asistencia Privada\u201d, dijo.<\/span><\/p>\n<p style=\"text-align: justify;\">&nbsp;<\/p>\n<p class=\"x_MsoNormal\" style=\"text-align: justify;\"><span style=\"font-size: 14pt; font-family: arial, helvetica, sans-serif;\">El Presidente de la JAP Sinaloa, agradeci\u00f3 al gobernador su apoyo al mantener la Junta de Asistencia Privada del Estado de Sinaloa, ya que se contin\u00faan la labor hacia los m\u00e1s necesitados, y eso es una uni\u00f3n de empresarios, gobierno y del sector de la sociedad civil organizada.<\/span><\/p>\n<p style=\"text-align: justify;\">&nbsp;<\/p>\n<p class=\"x_MsoNormal\" style=\"text-align: justify;\"><span style=\"font-size: 14pt; font-family: arial, helvetica, sans-serif;\">Por su parte el Gobernador del estado Quirino Ordaz Coppel, reconoci\u00f3 el trabajo que desempe\u00f1a desinteresadamente la Junta de Asistencia Privada de Sinaloa y se comprometi\u00f3 a apoyar al sector en todo lo posible, del cual reconoci\u00f3, les quita mucha carga a los gobiernos a trav\u00e9s de sus donaciones de asistencia social a personas vulnerables y en extrema pobreza.<\/span><\/p>\n<p style=\"text-align: justify;\">&nbsp;<\/p>\n<p class=\"x_MsoNormal\" style=\"text-align: justify;\"><span style=\"font-size: 14pt; font-family: arial, helvetica, sans-serif;\">\u201cLe quita mucha carga al gobierno -la Junta de Asistencia Privada de Sinaloa-, nos quita un gran peso porque lo que ustedes hacen lo que tendr\u00eda que hacer el gobierno si ustedes no lo hicieran, y en situaciones como la que estamos viviendo con una limitaci\u00f3n econ\u00f3mica, con una contingencia enfrente, pues es donde justamente se aprecia m\u00e1s el valor y el aporte que hacen las Instituciones de Asistencia Privada\u201d, reconoci\u00f3.<\/span><\/p>\n<p style=\"text-align: justify;\">&nbsp;<\/p>\n<p class=\"x_MsoNormal\" style=\"text-align: justify;\"><span style=\"font-size: 14pt; font-family: arial, helvetica, sans-serif;\">Ordaz Coppel destac\u00f3 que si existe una funci\u00f3n inacabada es la asistencia social, pues nunca ser\u00e1 suficiente lo que se haga, ya que siempre habr\u00e1 necesidades en la poblaci\u00f3n vulnerable, y por ello, celebr\u00f3 que la Junta de Asistencia Privada de Sinaloa ya tenga un padr\u00f3n de 118 instituciones altruistas de ayuda a la poblaci\u00f3n, que vienen a complementar el trabajo que hace el gobierno del estado y de los municipios, reiter\u00f3.<\/span><\/p>\n<p style=\"text-align: justify;\">&nbsp;<\/p>\n<p class=\"x_MsoNormal\" style=\"text-align: justify;\"><span style=\"font-size: 14pt; font-family: arial, helvetica, sans-serif;\">Por su parte, la se\u00f1ora Rosy Fuentes de Ordaz felicit\u00f3 a los miembros de la Junta de Asistencia Privada de Sinaloa por su desinteresado trabajo de ayuda a la poblaci\u00f3n vulnerable, labor que se suma y fortalece mucho las acciones que desde el Sistema DIF se desarrollan con el mismo prop\u00f3sito.<\/span><\/p>\n<p style=\"text-align: justify;\">&nbsp;<\/p>\n<p class=\"x_MsoNormal\" style=\"text-align: justify;\"><span style=\"font-size: 14pt; font-family: arial, helvetica, sans-serif;\">\u201cEl motivo de este acercamiento es para que vean la voluntad que tenemos de seguir trabajando de la mano y apoyarnos porque finalmente es por el bien de nuestros ciudadanos, de nuestro Sinaloa, como lo queremos todos y felicidades por su trabajo y cuenten conmigo como una aliada\u201d, concluy\u00f3.<\/span><\/p>\n<p style=\"text-align: justify;\">&nbsp;<\/p>\n<p class=\"x_MsoNormal\" style=\"text-align: justify;\"><span style=\"font-size: 14pt; font-family: arial, helvetica, sans-serif;\">En representaci\u00f3n de todas las IAP del estado, el Director Operativo del Banco de Alimentos de Culiac\u00e1n, Daniel Tapia, inform\u00f3 que despu\u00e9s del sector salud, los bancos de alimentos del estado, fueron la instituci\u00f3n m\u00e1s exigida por el tema de la contingencia, ya que antes atend\u00edan a 100 mil personas y pasaron a 350 mil solamente desde que se declar\u00f3 la contingencia por la pandemia del COVID 19.<\/span><\/p>\n<p style=\"text-align: justify;\">&nbsp;<\/p>\n<p class=\"x_MsoNormal\" style=\"text-align: justify;\"><span style=\"font-size: 14pt; font-family: arial, helvetica, sans-serif;\">Durante el evento tambi\u00e9n estuvo presente el Secretario de Econom\u00eda Javier Liz\u00e1rraga Mercado; la Directora General del DIF Sinaloa, Connie Zazueta Castro; ex presidentes de la JAP Sinaloa e Instituciones de Asistencia Privada del Estado de Sinaloa.<\/span><\/p>\n<p style=\"text-align: justify;\">&nbsp;<\/p>\n<p style=\"text-align: justify;\"><span style=\"font-size: 14pt; font-family: arial, helvetica, sans-serif;\">REDACCI\u00d3N\/VISI\u00d3N CIUDADANA.<\/span><\/p>\n","protected":false},"excerpt":{"rendered":"<p>La Junta de Asistencia Privada del Estado de Sinaloa (JAP), e Instituciones de Asistencia Privada (IAP), se reunieron con el gobernador Quirino Ordaz Coppel, para darle a conocer los avances que han realizado y formar alianzas para mejorar el tercer sector. &nbsp; El Presidente de la JAP Sinaloa, Mario C\u00f3rdova Arista, inform\u00f3 que en el [&hellip;]<\/p>\n","protected":false},"author":1,"featured_media":6816,"comment_status":"closed","ping_status":"closed","sticky":false,"template":"","format":"standard","meta":{"footnotes":""},"categories":[24],"tags":[],"ppma_author":[31],"class_list":["post-14961","post","type-post","status-publish","format-standard","has-post-thumbnail","hentry","category-relevantes"],"aioseo_notices":[],"authors":[{"term_id":31,"user_id":1,"is_guest":0,"slug":"ivan3vino","display_name":"Iv\u00e1n Trevi\u00f1o","avatar_url":{"url":"https:\/\/visionciudadana.com.mx\/oficial\/wp-content\/uploads\/2025\/09\/columna-ivan-Trevino.png","url2x":"https:\/\/visionciudadana.com.mx\/oficial\/wp-content\/uploads\/2025\/09\/columna-ivan-Trevino.png"},"0":null,"1":"","2":"","3":"","4":"","5":"","6":"","7":"","8":""}],"_links":{"self":[{"href":"https:\/\/visionciudadana.com.mx\/oficial\/wp-json\/wp\/v2\/posts\/14961","targetHints":{"allow":["GET"]}}],"collection":[{"href":"https:\/\/visionciudadana.com.mx\/oficial\/wp-json\/wp\/v2\/posts"}],"about":[{"href":"https:\/\/visionciudadana.com.mx\/oficial\/wp-json\/wp\/v2\/types\/post"}],"author":[{"embeddable":true,"href":"https:\/\/visionciudadana.com.mx\/oficial\/wp-json\/wp\/v2\/users\/1"}],"replies":[{"embeddable":true,"href":"https:\/\/visionciudadana.com.mx\/oficial\/wp-json\/wp\/v2\/comments?post=14961"}],"version-history":[{"count":1,"href":"https:\/\/visionciudadana.com.mx\/oficial\/wp-json\/wp\/v2\/posts\/14961\/revisions"}],"predecessor-version":[{"id":31372,"href":"https:\/\/visionciudadana.com.mx\/oficial\/wp-json\/wp\/v2\/posts\/14961\/revisions\/31372"}],"wp:featuredmedia":[{"embeddable":true,"href":"https:\/\/visionciudadana.com.mx\/oficial\/wp-json\/wp\/v2\/media\/6816"}],"wp:attachment":[{"href":"https:\/\/visionciudadana.com.mx\/oficial\/wp-json\/wp\/v2\/media?parent=14961"}],"wp:term":[{"taxonomy":"category","embeddable":true,"href":"https:\/\/visionciudadana.com.mx\/oficial\/wp-json\/wp\/v2\/categories?post=14961"},{"taxonomy":"post_tag","embeddable":true,"href":"https:\/\/visionciudadana.com.mx\/oficial\/wp-json\/wp\/v2\/tags?post=14961"},{"taxonomy":"author","embeddable":true,"href":"https:\/\/visionciudadana.com.mx\/oficial\/wp-json\/wp\/v2\/ppma_author?post=14961"}],"curies":[{"name":"wp","href":"https:\/\/api.w.org\/{rel}","templated":true}]}}