{"id":14958,"date":"2021-02-25T03:07:00","date_gmt":"2021-02-25T03:07:00","guid":{"rendered":"https:\/\/visionciudadana.com.mx\/prueba\/2021\/02\/25\/mi-compromiso-es-trabajar-por-el-mazatlan-que-te-mereces-martin-heredia\/"},"modified":"2025-06-25T00:32:21","modified_gmt":"2025-06-25T00:32:21","slug":"mi-compromiso-es-trabajar-por-el-mazatlan-que-te-mereces-martin-heredia","status":"publish","type":"post","link":"https:\/\/visionciudadana.com.mx\/oficial\/2021\/02\/25\/mi-compromiso-es-trabajar-por-el-mazatlan-que-te-mereces-martin-heredia\/","title":{"rendered":"Mi compromiso es trabajar por el Mazatl\u00e1n que te mereces: Mart\u00edn Heredia"},"content":{"rendered":"<p>&nbsp;<img fetchpriority=\"high\" decoding=\"async\" src=\"images\/Feb21\/martin_heredia.PNG\" alt=\"martin heredia\" width=\"472\" height=\"263\" style=\"display: block; margin-left: auto; margin-right: auto;\" \/><\/p>\n<div style=\"text-align: justify;\"><span style=\"font-size: 14pt; font-family: arial, helvetica, sans-serif;\"> Listo para darle a Mazatl\u00e1n una nueva cara, se declar\u00f3 Mart\u00edn Heredia, precandidato a la Presidencia Municipal de Mazatl\u00e1n por el partido Movimiento Ciudadano, en un encuentro que sostuvo con representantes de los medios de comunicaci\u00f3n acompa\u00f1ando a Sergio Torres F\u00e9lix, precandidato a la gubernatura de Sinaloa por Movimiento Ciudadano.<\/span><\/div>\n<div style=\"text-align: justify;\">&nbsp;<\/div>\n<div style=\"text-align: justify;\"><span style=\"font-size: 14pt; font-family: arial, helvetica, sans-serif;\"><\/span><\/div>\n<div style=\"text-align: justify;\"><span style=\"font-size: 14pt; font-family: arial, helvetica, sans-serif;\">\u00abCreo en el proyecto de Movimiento Ciudadano, ya es tiempo de sumar voluntades, Mazatl\u00e1n es el destino mas prometedor de toda la costa y &nbsp;es momento de darte el Mazatl\u00e1n que t\u00fa te mereces\u00bb.&nbsp;<\/span><\/div>\n<div style=\"text-align: justify;\">&nbsp;<\/div>\n<div style=\"text-align: justify;\"><span style=\"font-size: 14pt; font-family: arial, helvetica, sans-serif;\"><\/span><\/div>\n<div style=\"text-align: justify;\"><span style=\"font-size: 14pt; font-family: arial, helvetica, sans-serif;\">En el encuentro, el precandidato a la alcald\u00eda de Mazatl\u00e1n, lament\u00f3 que la administraciones que se van s\u00f3lo se concentraron en el malec\u00f3n y el centro hist\u00f3rico pero se olvidaron de las colonias que carecen o tienen deficientes los servicios p\u00fablicos &nbsp;b\u00e1sicos, como la recolecci\u00f3n de basura, alumbrado, agua potable y seguridad.<\/span><\/div>\n<div style=\"text-align: justify;\">&nbsp;<\/div>\n<div style=\"text-align: justify;\"><span style=\"font-size: 14pt; font-family: arial, helvetica, sans-serif;\"><\/span><\/div>\n<div style=\"text-align: justify;\"><span style=\"font-size: 14pt; font-family: arial, helvetica, sans-serif;\">Por su parte Sergio Torres F\u00e9lix, se dijo confiado de que en los pr\u00f3ximos comicios, la gente no respaldar\u00e1 opciones como Morena, pues a nivel nacional ha eliminado la mayor\u00eda de los programas sociales para el beneficio de los sectores productivos y de la poblaci\u00f3n en general.<\/span><\/div>\n<div style=\"text-align: justify;\">&nbsp;<\/div>\n<div style=\"text-align: justify;\"><span style=\"font-size: 14pt; font-family: arial, helvetica, sans-serif;\"><\/span><\/div>\n<div style=\"text-align: justify;\"><span style=\"font-size: 14pt; font-family: arial, helvetica, sans-serif;\">Sergio Torres, expres\u00f3 que las ineficiencias y necedades del presidente de la rep\u00fablica, legisladores federales y estatales, as\u00ed c\u00f3mo de alcaldes, han dejado en el abandono a la ciudadan\u00eda.<\/span><\/div>\n<div style=\"text-align: justify;\"><span style=\"font-size: 14pt; font-family: arial, helvetica, sans-serif;\"><\/span><\/div>\n<div style=\"text-align: justify;\">&nbsp;<\/div>\n<div style=\"text-align: justify;\"><span style=\"font-size: 14pt; font-family: arial, helvetica, sans-serif;\">El panorama es grave ante el aumento de desempleo, la econom\u00eda en descenso, la falta de apoyo a empresarios y el p\u00e9simo manejo de la pandemia por el Covid 19, son tan s\u00f3lo una muestra de que las cosas no se est\u00e1n haciendo bien, mencion\u00f3 Sergio Torres.<\/span><\/div>\n<div style=\"text-align: justify;\">&nbsp;<\/div>\n<div style=\"text-align: justify;\"><span style=\"font-size: 14pt; font-family: arial, helvetica, sans-serif;\"><\/span><\/div>\n<div style=\"text-align: justify;\"><span style=\"font-size: 14pt; font-family: arial, helvetica, sans-serif;\">\u00abEstamos concentrando al mejor equipo en Movimiento Ciudadano para dar la batalla y hacer un mejor estado ese que debe ser motivo de orgullo\u00bb.<\/span><\/div>\n<div style=\"text-align: justify;\">&nbsp;<\/div>\n<div style=\"text-align: justify;\">&nbsp;<\/div>\n<div style=\"text-align: justify;\"><span style=\"font-size: 14pt; font-family: arial, helvetica, sans-serif;\">REDACCI\u00d3N\/VISI\u00d3N CIUDADANA.<\/span><\/div>\n","protected":false},"excerpt":{"rendered":"<p>&nbsp; Listo para darle a Mazatl\u00e1n una nueva cara, se declar\u00f3 Mart\u00edn Heredia, precandidato a la Presidencia Municipal de Mazatl\u00e1n por el partido Movimiento Ciudadano, en un encuentro que sostuvo con representantes de los medios de comunicaci\u00f3n acompa\u00f1ando a Sergio Torres F\u00e9lix, precandidato a la gubernatura de Sinaloa por Movimiento Ciudadano. &nbsp; \u00abCreo en el [&hellip;]<\/p>\n","protected":false},"author":1,"featured_media":6810,"comment_status":"closed","ping_status":"closed","sticky":false,"template":"","format":"standard","meta":{"footnotes":""},"categories":[24],"tags":[],"ppma_author":[31],"class_list":["post-14958","post","type-post","status-publish","format-standard","has-post-thumbnail","hentry","category-relevantes"],"aioseo_notices":[],"authors":[{"term_id":31,"user_id":1,"is_guest":0,"slug":"ivan3vino","display_name":"Iv\u00e1n Trevi\u00f1o","avatar_url":{"url":"https:\/\/visionciudadana.com.mx\/oficial\/wp-content\/uploads\/2025\/09\/columna-ivan-Trevino.png","url2x":"https:\/\/visionciudadana.com.mx\/oficial\/wp-content\/uploads\/2025\/09\/columna-ivan-Trevino.png"},"0":null,"1":"","2":"","3":"","4":"","5":"","6":"","7":"","8":""}],"_links":{"self":[{"href":"https:\/\/visionciudadana.com.mx\/oficial\/wp-json\/wp\/v2\/posts\/14958","targetHints":{"allow":["GET"]}}],"collection":[{"href":"https:\/\/visionciudadana.com.mx\/oficial\/wp-json\/wp\/v2\/posts"}],"about":[{"href":"https:\/\/visionciudadana.com.mx\/oficial\/wp-json\/wp\/v2\/types\/post"}],"author":[{"embeddable":true,"href":"https:\/\/visionciudadana.com.mx\/oficial\/wp-json\/wp\/v2\/users\/1"}],"replies":[{"embeddable":true,"href":"https:\/\/visionciudadana.com.mx\/oficial\/wp-json\/wp\/v2\/comments?post=14958"}],"version-history":[{"count":1,"href":"https:\/\/visionciudadana.com.mx\/oficial\/wp-json\/wp\/v2\/posts\/14958\/revisions"}],"predecessor-version":[{"id":31375,"href":"https:\/\/visionciudadana.com.mx\/oficial\/wp-json\/wp\/v2\/posts\/14958\/revisions\/31375"}],"wp:featuredmedia":[{"embeddable":true,"href":"https:\/\/visionciudadana.com.mx\/oficial\/wp-json\/wp\/v2\/posts\/6810"}],"wp:attachment":[{"href":"https:\/\/visionciudadana.com.mx\/oficial\/wp-json\/wp\/v2\/media?parent=14958"}],"wp:term":[{"taxonomy":"category","embeddable":true,"href":"https:\/\/visionciudadana.com.mx\/oficial\/wp-json\/wp\/v2\/categories?post=14958"},{"taxonomy":"post_tag","embeddable":true,"href":"https:\/\/visionciudadana.com.mx\/oficial\/wp-json\/wp\/v2\/tags?post=14958"},{"taxonomy":"author","embeddable":true,"href":"https:\/\/visionciudadana.com.mx\/oficial\/wp-json\/wp\/v2\/ppma_author?post=14958"}],"curies":[{"name":"wp","href":"https:\/\/api.w.org\/{rel}","templated":true}]}}