{"id":14957,"date":"2021-02-25T03:04:11","date_gmt":"2021-02-25T03:04:11","guid":{"rendered":"https:\/\/visionciudadana.com.mx\/prueba\/2021\/02\/25\/todo-lo-que-toca-morena-lo-echa-a-perder-sergio-torres\/"},"modified":"2025-06-25T00:32:22","modified_gmt":"2025-06-25T00:32:22","slug":"todo-lo-que-toca-morena-lo-echa-a-perder-sergio-torres","status":"publish","type":"post","link":"https:\/\/visionciudadana.com.mx\/oficial\/2021\/02\/25\/todo-lo-que-toca-morena-lo-echa-a-perder-sergio-torres\/","title":{"rendered":"Todo lo que toca Morena lo echa a perder: Sergio Torres"},"content":{"rendered":"<div style=\"text-align: justify;\"><img fetchpriority=\"high\" decoding=\"async\" src=\"images\/Feb21\/morena_todo_lo.PNG\" alt=\"morena todo lo\" width=\"446\" height=\"251\" style=\"display: block; margin-left: auto; margin-right: auto;\" \/><\/div>\n<div style=\"text-align: justify;\">&nbsp;<\/div>\n<div style=\"text-align: justify;\"><span style=\"font-size: 14pt; font-family: arial, helvetica, sans-serif;\">La gente no respaldar\u00e1 a candidatos de morena, pues a nivel nacional han echado a perder todos los programas sociales, y en Sinaloa su candidato al gobierno estatal se pone de mal humor cuando le reclaman su falta de apoyo a productores y ciudadan\u00eda en general, su campa\u00f1a no prende y se le ve cansado y desmotivado.<\/span><\/div>\n<div style=\"text-align: justify;\">&nbsp;<\/div>\n<div style=\"text-align: justify;\"><span style=\"font-size: 14pt; font-family: arial, helvetica, sans-serif;\"><\/span><\/div>\n<div style=\"text-align: justify;\"><span style=\"font-size: 14pt; font-family: arial, helvetica, sans-serif;\">Sergio Torres, aspirante a la gobernatura del estado por Movimiento Ciudadano, expres\u00f3 que las ineficiencias y necedades del presidente, legisladores federales y estatales, as\u00ed como presidencias municipales, &nbsp;han dejado en abandono a la ciudadan\u00eda.<\/span><\/div>\n<div style=\"text-align: justify;\">&nbsp;<\/div>\n<div style=\"text-align: justify;\"><span style=\"font-size: 14pt; font-family: arial, helvetica, sans-serif;\"><\/span><\/div>\n<div style=\"text-align: justify;\"><span style=\"font-size: 14pt; font-family: arial, helvetica, sans-serif;\">El tama\u00f1o de la expectativa que generaron el 2018, agrega, es igual al tama\u00f1o de la decepci\u00f3n de 2021: aumento de desempleo, falta de apoyo a empresarios, econom\u00eda en descenso; grandes riesgos de salud por el covid 19, la pesca, agricultura y ganader\u00eda, olvidadas, mientras que el presidente vive \u00aben su mundo de caramelo\u00bb, con datos que \u00e9l mismo inventa y muy lejos de la realidad de las familias.<\/span><\/div>\n<div style=\"text-align: justify;\">&nbsp;<\/div>\n<div style=\"text-align: justify;\"><span style=\"font-size: 14pt; font-family: arial, helvetica, sans-serif;\"><\/span><\/div>\n<div style=\"text-align: justify;\"><span style=\"font-size: 14pt; font-family: arial, helvetica, sans-serif;\">Y si Rocha Moya cree que puede \u00abmontarse\u00bb en la ola del 2018, &nbsp;le advirti\u00f3 que cada d\u00eda es m\u00e1s peque\u00f1a y no le va a alcanzar en la pr\u00f3xima contienda.<\/span><\/div>\n<div style=\"text-align: justify;\">&nbsp;<\/div>\n<div style=\"text-align: justify;\">&nbsp;<\/div>\n<div style=\"text-align: justify;\">&nbsp;<\/div>\n<div style=\"text-align: justify;\"><span style=\"font-size: 14pt; font-family: arial, helvetica, sans-serif;\">REDACCI\u00d3N\/VISI\u00d3N CIUDADANA.<\/span><\/div>\n","protected":false},"excerpt":{"rendered":"<p>&nbsp; La gente no respaldar\u00e1 a candidatos de morena, pues a nivel nacional han echado a perder todos los programas sociales, y en Sinaloa su candidato al gobierno estatal se pone de mal humor cuando le reclaman su falta de apoyo a productores y ciudadan\u00eda en general, su campa\u00f1a no prende y se le ve [&hellip;]<\/p>\n","protected":false},"author":1,"featured_media":6808,"comment_status":"closed","ping_status":"closed","sticky":false,"template":"","format":"standard","meta":{"footnotes":""},"categories":[24],"tags":[],"ppma_author":[31],"class_list":["post-14957","post","type-post","status-publish","format-standard","has-post-thumbnail","hentry","category-relevantes"],"aioseo_notices":[],"authors":[{"term_id":31,"user_id":1,"is_guest":0,"slug":"ivan3vino","display_name":"Iv\u00e1n Trevi\u00f1o","avatar_url":{"url":"https:\/\/visionciudadana.com.mx\/oficial\/wp-content\/uploads\/2025\/09\/columna-ivan-Trevino.png","url2x":"https:\/\/visionciudadana.com.mx\/oficial\/wp-content\/uploads\/2025\/09\/columna-ivan-Trevino.png"},"0":null,"1":"","2":"","3":"","4":"","5":"","6":"","7":"","8":""}],"_links":{"self":[{"href":"https:\/\/visionciudadana.com.mx\/oficial\/wp-json\/wp\/v2\/posts\/14957","targetHints":{"allow":["GET"]}}],"collection":[{"href":"https:\/\/visionciudadana.com.mx\/oficial\/wp-json\/wp\/v2\/posts"}],"about":[{"href":"https:\/\/visionciudadana.com.mx\/oficial\/wp-json\/wp\/v2\/types\/post"}],"author":[{"embeddable":true,"href":"https:\/\/visionciudadana.com.mx\/oficial\/wp-json\/wp\/v2\/users\/1"}],"replies":[{"embeddable":true,"href":"https:\/\/visionciudadana.com.mx\/oficial\/wp-json\/wp\/v2\/comments?post=14957"}],"version-history":[{"count":1,"href":"https:\/\/visionciudadana.com.mx\/oficial\/wp-json\/wp\/v2\/posts\/14957\/revisions"}],"predecessor-version":[{"id":31376,"href":"https:\/\/visionciudadana.com.mx\/oficial\/wp-json\/wp\/v2\/posts\/14957\/revisions\/31376"}],"wp:featuredmedia":[{"embeddable":true,"href":"https:\/\/visionciudadana.com.mx\/oficial\/wp-json\/wp\/v2\/posts\/6808"}],"wp:attachment":[{"href":"https:\/\/visionciudadana.com.mx\/oficial\/wp-json\/wp\/v2\/media?parent=14957"}],"wp:term":[{"taxonomy":"category","embeddable":true,"href":"https:\/\/visionciudadana.com.mx\/oficial\/wp-json\/wp\/v2\/categories?post=14957"},{"taxonomy":"post_tag","embeddable":true,"href":"https:\/\/visionciudadana.com.mx\/oficial\/wp-json\/wp\/v2\/tags?post=14957"},{"taxonomy":"author","embeddable":true,"href":"https:\/\/visionciudadana.com.mx\/oficial\/wp-json\/wp\/v2\/ppma_author?post=14957"}],"curies":[{"name":"wp","href":"https:\/\/api.w.org\/{rel}","templated":true}]}}