{"id":14956,"date":"2021-02-25T03:01:29","date_gmt":"2021-02-25T03:01:29","guid":{"rendered":"https:\/\/visionciudadana.com.mx\/prueba\/2021\/02\/25\/emite-el-pas-su-convocatoria-para-registro-de-todo-aquel-aspirante-a-presidentes-municipales-y-diputados-locales\/"},"modified":"2025-06-25T00:32:22","modified_gmt":"2025-06-25T00:32:22","slug":"emite-el-pas-su-convocatoria-para-registro-de-todo-aquel-aspirante-a-presidentes-municipales-y-diputados-locales","status":"publish","type":"post","link":"https:\/\/visionciudadana.com.mx\/oficial\/2021\/02\/25\/emite-el-pas-su-convocatoria-para-registro-de-todo-aquel-aspirante-a-presidentes-municipales-y-diputados-locales\/","title":{"rendered":"Emite el PAS su convocatoria para registro de todo aquel aspirante a presidentes municipales y diputados locales"},"content":{"rendered":"<p>&nbsp;<\/p>\n<div style=\"text-align: justify;\"><span style=\"font-size: 14pt; font-family: arial, helvetica, sans-serif;\">&nbsp;<img fetchpriority=\"high\" decoding=\"async\" src=\"images\/Feb21\/emite_pas_convocPNG.PNG\" alt=\"emite pas convocPNG\" width=\"403\" height=\"239\" style=\"display: block; margin-left: auto; margin-right: auto;\" \/><\/span><\/div>\n<div style=\"text-align: justify;\"><span style=\"font-size: 14pt; font-family: arial, helvetica, sans-serif;\">En reuni\u00f3n de la estructura a nivel de direcci\u00f3n, el Partido Sinaloense acord\u00f3 la CONVOCATORIA para abrir los registros de todos aquellos militantes, simpatizantes y ciudadanos en general que deseen participar como candidatos a presidentes municipales en cualquiera de los 18 municipios de la entidad y los 24 distritos electorales que el estado contempla.<\/span><\/div>\n<div style=\"text-align: justify;\">&nbsp;<\/div>\n<div style=\"text-align: justify;\"><span style=\"font-size: 14pt; font-family: arial, helvetica, sans-serif;\"><\/span><\/div>\n<div style=\"text-align: justify;\"><span style=\"font-size: 14pt; font-family: arial, helvetica, sans-serif;\">Cu\u00e9n Ojeda expres\u00f3 que la convocatoria se publica el d\u00eda de ma\u00f1ana jueves 25 de febrero y establece los plazos para el registro, la revisi\u00f3n de documentos, para que finalmente sea la Asamblea Estatal, instancia de m\u00e1xima decisi\u00f3n en el partido, quien tomar\u00e1 los \u00faltimos acuerdos.<\/span><\/div>\n<div style=\"text-align: justify;\">&nbsp;<\/div>\n<div style=\"text-align: justify;\"><span style=\"font-size: 14pt; font-family: arial, helvetica, sans-serif;\"><\/span><\/div>\n<div style=\"text-align: justify;\"><span style=\"font-size: 14pt; font-family: arial, helvetica, sans-serif;\">Ser\u00e1 La Comisi\u00f3n de Procesos Internos la instancia del partido la que manejar\u00e1 el proceso que marca la convocatoria.<\/span><\/div>\n<div style=\"text-align: justify;\">&nbsp;<\/div>\n<div style=\"text-align: justify;\"><span style=\"font-size: 14pt; font-family: arial, helvetica, sans-serif;\"><\/span><\/div>\n<div style=\"text-align: justify;\"><span style=\"font-size: 14pt; font-family: arial, helvetica, sans-serif;\">En la reuni\u00f3n donde se acord\u00f3 la convocatoria estuvieron presentes el Comit\u00e9 Ejecutivo Estatal, los 18 presidentes de los Comit\u00e9s Directivos Municipales, los 10 delegados zonales, los 24 coordinadores distritales y los regidores del PAS en diferentes cabildos del estado.<\/span><\/div>\n<div style=\"text-align: justify;\">&nbsp;<\/div>\n<div style=\"text-align: justify;\">&nbsp;<\/div>\n<div style=\"text-align: justify;\">&nbsp;<\/div>\n<div style=\"text-align: justify;\"><span style=\"font-size: 14pt; font-family: arial, helvetica, sans-serif;\">REDACCI\u00d3N\/VISI\u00d3N CIUDADANA.<\/span><\/div>\n","protected":false},"excerpt":{"rendered":"<p>&nbsp; &nbsp; En reuni\u00f3n de la estructura a nivel de direcci\u00f3n, el Partido Sinaloense acord\u00f3 la CONVOCATORIA para abrir los registros de todos aquellos militantes, simpatizantes y ciudadanos en general que deseen participar como candidatos a presidentes municipales en cualquiera de los 18 municipios de la entidad y los 24 distritos electorales que el estado [&hellip;]<\/p>\n","protected":false},"author":1,"featured_media":6806,"comment_status":"closed","ping_status":"closed","sticky":false,"template":"","format":"standard","meta":{"footnotes":""},"categories":[24],"tags":[],"ppma_author":[31],"class_list":["post-14956","post","type-post","status-publish","format-standard","has-post-thumbnail","hentry","category-relevantes"],"aioseo_notices":[],"authors":[{"term_id":31,"user_id":1,"is_guest":0,"slug":"ivan3vino","display_name":"Iv\u00e1n Trevi\u00f1o","avatar_url":{"url":"https:\/\/visionciudadana.com.mx\/oficial\/wp-content\/uploads\/2025\/09\/columna-ivan-Trevino.png","url2x":"https:\/\/visionciudadana.com.mx\/oficial\/wp-content\/uploads\/2025\/09\/columna-ivan-Trevino.png"},"0":null,"1":"","2":"","3":"","4":"","5":"","6":"","7":"","8":""}],"_links":{"self":[{"href":"https:\/\/visionciudadana.com.mx\/oficial\/wp-json\/wp\/v2\/posts\/14956","targetHints":{"allow":["GET"]}}],"collection":[{"href":"https:\/\/visionciudadana.com.mx\/oficial\/wp-json\/wp\/v2\/posts"}],"about":[{"href":"https:\/\/visionciudadana.com.mx\/oficial\/wp-json\/wp\/v2\/types\/post"}],"author":[{"embeddable":true,"href":"https:\/\/visionciudadana.com.mx\/oficial\/wp-json\/wp\/v2\/users\/1"}],"replies":[{"embeddable":true,"href":"https:\/\/visionciudadana.com.mx\/oficial\/wp-json\/wp\/v2\/comments?post=14956"}],"version-history":[{"count":1,"href":"https:\/\/visionciudadana.com.mx\/oficial\/wp-json\/wp\/v2\/posts\/14956\/revisions"}],"predecessor-version":[{"id":31377,"href":"https:\/\/visionciudadana.com.mx\/oficial\/wp-json\/wp\/v2\/posts\/14956\/revisions\/31377"}],"wp:featuredmedia":[{"embeddable":true,"href":"https:\/\/visionciudadana.com.mx\/oficial\/wp-json\/wp\/v2\/posts\/6806"}],"wp:attachment":[{"href":"https:\/\/visionciudadana.com.mx\/oficial\/wp-json\/wp\/v2\/media?parent=14956"}],"wp:term":[{"taxonomy":"category","embeddable":true,"href":"https:\/\/visionciudadana.com.mx\/oficial\/wp-json\/wp\/v2\/categories?post=14956"},{"taxonomy":"post_tag","embeddable":true,"href":"https:\/\/visionciudadana.com.mx\/oficial\/wp-json\/wp\/v2\/tags?post=14956"},{"taxonomy":"author","embeddable":true,"href":"https:\/\/visionciudadana.com.mx\/oficial\/wp-json\/wp\/v2\/ppma_author?post=14956"}],"curies":[{"name":"wp","href":"https:\/\/api.w.org\/{rel}","templated":true}]}}