{"id":14955,"date":"2021-02-25T02:53:17","date_gmt":"2021-02-25T02:53:17","guid":{"rendered":"https:\/\/visionciudadana.com.mx\/prueba\/2021\/02\/25\/inaugura-quirino-telebachillerato-en-aguacaliente-de-cebada\/"},"modified":"2025-06-25T00:32:22","modified_gmt":"2025-06-25T00:32:22","slug":"inaugura-quirino-telebachillerato-en-aguacaliente-de-cebada","status":"publish","type":"post","link":"https:\/\/visionciudadana.com.mx\/oficial\/2021\/02\/25\/inaugura-quirino-telebachillerato-en-aguacaliente-de-cebada\/","title":{"rendered":"Inaugura Quirino Telebachillerato en Aguacaliente de Cebada"},"content":{"rendered":"<p style=\"text-align: justify;\"><img fetchpriority=\"high\" decoding=\"async\" src=\"images\/Feb21\/telebachillerato.PNG\" alt=\"telebachillerato\" width=\"418\" height=\"215\" style=\"display: block; margin-left: auto; margin-right: auto;\" \/><\/p>\n<p class=\"x_MsoNormal\" style=\"text-align: justify;\"><span lang=\"ES-TRAD\" style=\"font-size: 14pt; font-family: arial, helvetica, sans-serif;\">Con el prop\u00f3sito de brindar a los j\u00f3venes de la zona serrana las mismas oportunidades para que contin\u00faen sus estudios, el gobernador Quirino Ordaz Coppel inaugur\u00f3 el Telebachillerato de la comunidad Aguacaliente de Cebada, en el municipio de Sinaloa, ubicada en las estribaciones de la zona de los altos, y que viene a sumarse a las construidas en los \u00faltimos meses en San Jos\u00e9 de las Delicias, San Jos\u00e9 de Gracia y Genaro Estrada.<\/span><\/p>\n<p class=\"x_MsoNormal\" style=\"text-align: justify;\"><span lang=\"ES-TRAD\" style=\"font-size: 14pt; font-family: arial, helvetica, sans-serif;\"><\/span><\/p>\n<p class=\"x_MsoNormal\" style=\"text-align: justify;\"><span lang=\"ES-TRAD\" style=\"font-size: 14pt; font-family: arial, helvetica, sans-serif;\">El mandatario estatal arrib\u00f3 a esta peque\u00f1a y apartada poblaci\u00f3n acompa\u00f1ado por la presidenta municipal, Mar\u00eda Beatriz Le\u00f3n Rubio, para entregar esta moderna escuela compuesta por tres aulas debidamente refrigeradas, servicios sanitarios, plaza c\u00edvica y cerca perimetral, en donde se invirtieron 3.4 millones de pesos, y que alberga a 120 alumnos tanto de esta comunidad como de las rancher\u00edas cercanas.<\/span><\/p>\n<p class=\"x_MsoNormal\" style=\"text-align: justify;\"><span lang=\"ES-TRAD\" style=\"font-size: 14pt; font-family: arial, helvetica, sans-serif;\"><\/span><\/p>\n<p class=\"x_MsoNormal\" style=\"text-align: justify;\"><span lang=\"ES-TRAD\" style=\"font-size: 14pt; font-family: arial, helvetica, sans-serif;\">En su mensaje a los j\u00f3venes y a sus padres que lo recibieron en el nuevo plantel, el gobernador del estado se\u00f1al\u00f3 que apostarle a la educaci\u00f3n de las nuevas generaciones es lo m\u00e1s importante, y lo mejor es que los ni\u00f1os y j\u00f3venes puedan estudiar en espacios dignos como \u00e9ste, con las mismas condiciones en que los hacen los estudiantes en las grandes ciudades.<\/span><\/p>\n<p class=\"x_MsoNormal\" style=\"text-align: justify;\"><span lang=\"ES-TRAD\" style=\"font-size: 14pt; font-family: arial, helvetica, sans-serif;\"><\/span><\/p>\n<p class=\"x_MsoNormal\" style=\"text-align: justify;\"><span lang=\"ES-TRAD\" style=\"font-size: 14pt; font-family: arial, helvetica, sans-serif;\">Ordaz Coppel destac\u00f3 que \u00e9ste ha sido su objetivo y por eso se dio a la tarea de eliminar las aulas de cart\u00f3n, y actualmente, desde el a\u00f1o pasado, se levant\u00f3 bandera blanca en este sentido, pues en todo Sinaloa ya no existen salones de clases improvisados, pues lo que hab\u00edan se derrumbaron para dar paso a la construcci\u00f3n de aulas y con aire acondicionado, y todos los servicios.<\/span><\/p>\n<p class=\"x_MsoNormal\" style=\"text-align: justify;\"><span lang=\"ES-TRAD\" style=\"font-size: 14pt; font-family: arial, helvetica, sans-serif;\"><\/span><\/p>\n<p class=\"x_MsoNormal\" style=\"text-align: justify;\"><span lang=\"ES-TRAD\" style=\"font-size: 14pt; font-family: arial, helvetica, sans-serif;\">\u201cLo m\u00e1s importante son los hijos, es la educaci\u00f3n, es apostarle y apoyar la formaci\u00f3n de los ni\u00f1os y de las ni\u00f1as, y qu\u00e9 mejor que tengan un espacio decoroso, digno, y por eso ya tenemos seis nuevas escuelas aqu\u00ed en el municipio de Sinaloa, en la sierra, que no exist\u00edan o que hab\u00eda aulas de cart\u00f3n, eso ya no existe en Sinaloa, eso es una gran ventaja\u201d, destac\u00f3.<\/span><\/p>\n<p class=\"x_MsoNormal\" style=\"text-align: justify;\"><span lang=\"ES-TRAD\" style=\"font-size: 14pt; font-family: arial, helvetica, sans-serif;\"><\/span><\/p>\n<p class=\"x_MsoNormal\" style=\"text-align: justify;\"><span lang=\"ES-TRAD\" style=\"font-size: 14pt; font-family: arial, helvetica, sans-serif;\">A su vez, la alcaldesa Mar\u00eda Beatriz Le\u00f3n Rubio le agradeci\u00f3 al gobernador Quirino Ordaz Coppel la construcci\u00f3n de esta nueva escuela, que como lo mencion\u00f3 el mandatario estatal, ya es la sexta que se entrega en esta administraci\u00f3n.<\/span><\/p>\n<p class=\"x_MsoNormal\" style=\"text-align: justify;\"><span lang=\"ES-TRAD\" style=\"font-size: 14pt; font-family: arial, helvetica, sans-serif;\"><\/span><\/p>\n<p class=\"x_MsoNormal\" style=\"text-align: justify;\"><span lang=\"ES-TRAD\" style=\"font-size: 14pt; font-family: arial, helvetica, sans-serif;\">\u201cGobernador, quiero decirle que este telebachillerato le va a cambiar la vida a la gente de la Aguacaliente de Cebada y sus alrededores\u201d, reconoci\u00f3 la presidenta municipal, quien adem\u00e1s se comprometi\u00f3 a construir la techumbre para la plaza c\u00edvica.<\/span><\/p>\n<p class=\"x_MsoNormal\" style=\"text-align: justify;\"><span lang=\"ES-TRAD\" style=\"font-size: 14pt; font-family: arial, helvetica, sans-serif;\"><\/span><\/p>\n<p class=\"x_MsoNormal\" style=\"text-align: justify;\"><span lang=\"ES-TRAD\" style=\"font-size: 14pt; font-family: arial, helvetica, sans-serif;\">Luego de visitar las tres aulas y cortar el list\u00f3n simb\u00f3lico de inauguraci\u00f3n de la escuela, el gobernador Quirino Ordaz Coppel, fiel a su costumbre, platic\u00f3 con la comunidad, sin ning\u00fan protocolo y para escuchar de viva voz sus opiniones, y la se\u00f1ora Loreta Ferreira, madre de familia del plantel aprovech\u00f3 para expresarle su gratitud.<\/span><\/p>\n<p class=\"x_MsoNormal\" style=\"text-align: justify;\"><span lang=\"ES-TRAD\" style=\"font-size: 14pt; font-family: arial, helvetica, sans-serif;\"><\/span><\/p>\n<p class=\"x_MsoNormal\" style=\"text-align: justify;\"><span lang=\"ES-TRAD\" style=\"font-size: 14pt; font-family: arial, helvetica, sans-serif;\">\u201cGracias porque se equip\u00f3 nuestra comunidad, es un gran beneficio que es para toda la gente, es lo mejor que nos pudo haber tra\u00eddo, se\u00f1or gobernador\u201d, le dijo la se\u00f1ora visiblemente emocionada.<\/span><\/p>\n<p class=\"x_MsoNormal\" style=\"text-align: justify;\"><span lang=\"ES-TRAD\" style=\"font-size: 14pt; font-family: arial, helvetica, sans-serif;\"><\/span><\/p>\n<p class=\"x_MsoNormal\" style=\"text-align: justify;\"><span lang=\"ES-TRAD\" style=\"font-size: 14pt; font-family: arial, helvetica, sans-serif;\">Lo mismo le expresaron varios j\u00f3venes estudiantes de este Telebachillerato, quienes recordaron que antes cursaban sus clases en una peque\u00f1a aula muy deteriorada, y ahora ya cuentan con una moderna escuela igual que las que existen en las grandes ciudades.<\/span><\/p>\n<p class=\"x_MsoNormal\" style=\"text-align: justify;\"><span lang=\"ES-TRAD\" style=\"font-size: 14pt; font-family: arial, helvetica, sans-serif;\"><\/span><\/p>\n<p class=\"x_MsoNormal\" style=\"text-align: justify;\"><span lang=\"ES-TRAD\" style=\"font-size: 14pt; font-family: arial, helvetica, sans-serif;\">Al dar la bienvenida, el director del Instituto Sinaloense de Infraestructura F\u00edsica Educativa (ISIFE), \u00c1lvaro Ruelas Echave, dio a conocer que ya son 26 escuelas construidas en esta administraci\u00f3n y la sexta en Sinaloa municipio, que representan una inversi\u00f3n en su conjunto de 2 mil 700 millones de pesos, de los cuales 69 se ejercieron tanto s\u00f3lo en este municipio.<\/span><\/p>\n<p style=\"text-align: justify;\">&nbsp;<\/p>\n<p style=\"text-align: justify;\">&nbsp;<\/p>\n<p style=\"text-align: justify;\"><span style=\"font-size: 14pt; font-family: arial, helvetica, sans-serif;\">REDACCI\u00d3N\/VISI\u00d3N CIUDADANA.<\/span><\/p>\n","protected":false},"excerpt":{"rendered":"<p>Con el prop\u00f3sito de brindar a los j\u00f3venes de la zona serrana las mismas oportunidades para que contin\u00faen sus estudios, el gobernador Quirino Ordaz Coppel inaugur\u00f3 el Telebachillerato de la comunidad Aguacaliente de Cebada, en el municipio de Sinaloa, ubicada en las estribaciones de la zona de los altos, y que viene a sumarse a [&hellip;]<\/p>\n","protected":false},"author":1,"featured_media":6804,"comment_status":"closed","ping_status":"closed","sticky":false,"template":"","format":"standard","meta":{"footnotes":""},"categories":[24],"tags":[],"ppma_author":[31],"class_list":["post-14955","post","type-post","status-publish","format-standard","has-post-thumbnail","hentry","category-relevantes"],"aioseo_notices":[],"authors":[{"term_id":31,"user_id":1,"is_guest":0,"slug":"ivan3vino","display_name":"Iv\u00e1n Trevi\u00f1o","avatar_url":{"url":"https:\/\/visionciudadana.com.mx\/oficial\/wp-content\/uploads\/2025\/09\/columna-ivan-Trevino.png","url2x":"https:\/\/visionciudadana.com.mx\/oficial\/wp-content\/uploads\/2025\/09\/columna-ivan-Trevino.png"},"0":null,"1":"","2":"","3":"","4":"","5":"","6":"","7":"","8":""}],"_links":{"self":[{"href":"https:\/\/visionciudadana.com.mx\/oficial\/wp-json\/wp\/v2\/posts\/14955","targetHints":{"allow":["GET"]}}],"collection":[{"href":"https:\/\/visionciudadana.com.mx\/oficial\/wp-json\/wp\/v2\/posts"}],"about":[{"href":"https:\/\/visionciudadana.com.mx\/oficial\/wp-json\/wp\/v2\/types\/post"}],"author":[{"embeddable":true,"href":"https:\/\/visionciudadana.com.mx\/oficial\/wp-json\/wp\/v2\/users\/1"}],"replies":[{"embeddable":true,"href":"https:\/\/visionciudadana.com.mx\/oficial\/wp-json\/wp\/v2\/comments?post=14955"}],"version-history":[{"count":1,"href":"https:\/\/visionciudadana.com.mx\/oficial\/wp-json\/wp\/v2\/posts\/14955\/revisions"}],"predecessor-version":[{"id":31378,"href":"https:\/\/visionciudadana.com.mx\/oficial\/wp-json\/wp\/v2\/posts\/14955\/revisions\/31378"}],"wp:featuredmedia":[{"embeddable":true,"href":"https:\/\/visionciudadana.com.mx\/oficial\/wp-json\/wp\/v2\/posts\/6804"}],"wp:attachment":[{"href":"https:\/\/visionciudadana.com.mx\/oficial\/wp-json\/wp\/v2\/media?parent=14955"}],"wp:term":[{"taxonomy":"category","embeddable":true,"href":"https:\/\/visionciudadana.com.mx\/oficial\/wp-json\/wp\/v2\/categories?post=14955"},{"taxonomy":"post_tag","embeddable":true,"href":"https:\/\/visionciudadana.com.mx\/oficial\/wp-json\/wp\/v2\/tags?post=14955"},{"taxonomy":"author","embeddable":true,"href":"https:\/\/visionciudadana.com.mx\/oficial\/wp-json\/wp\/v2\/ppma_author?post=14955"}],"curies":[{"name":"wp","href":"https:\/\/api.w.org\/{rel}","templated":true}]}}