{"id":14954,"date":"2021-02-25T02:48:18","date_gmt":"2021-02-25T02:48:18","guid":{"rendered":"https:\/\/visionciudadana.com.mx\/prueba\/2021\/02\/25\/encabeza-quirino-ordaz-la-conmemoracion-del-dia-de-la-bandera\/"},"modified":"2025-06-25T00:32:22","modified_gmt":"2025-06-25T00:32:22","slug":"encabeza-quirino-ordaz-la-conmemoracion-del-dia-de-la-bandera","status":"publish","type":"post","link":"https:\/\/visionciudadana.com.mx\/oficial\/2021\/02\/25\/encabeza-quirino-ordaz-la-conmemoracion-del-dia-de-la-bandera\/","title":{"rendered":"Encabeza Quirino Ordaz la conmemoraci\u00f3n del D\u00eda de la bandera"},"content":{"rendered":"<p><img fetchpriority=\"high\" decoding=\"async\" src=\"images\/Feb21\/encabza_quiri.PNG\" alt=\"encabza quiri\" width=\"458\" height=\"234\" style=\"display: block; margin-left: auto; margin-right: auto;\" \/><\/p>\n<p style=\"text-align: justify;\"><span style=\"font-size: 14pt; font-family: arial, helvetica, sans-serif;\">En el marco de la conmemoraci\u00f3n del D\u00eda de la Bandera, el gobernador de Sinaloa, Quirino Ordaz Coppel, acompa\u00f1ado de la presidenta del Sistema DIF Sinaloa, Rosy Fuentes de Ordaz, autoridades civiles y militares, encabez\u00f3 el acto c\u00edvico de la celebraci\u00f3n de nuestro l\u00e1baro patrio en la monumental asta bandera de la capital del estado.<\/span><\/p>\n<p style=\"text-align: justify;\">&nbsp;<\/p>\n<p class=\"x_MsoNormal\" style=\"text-align: justify;\"><span style=\"font-size: 14pt; font-family: arial, helvetica, sans-serif;\">En el marco de este acto c\u00edvico, el mandatario estatal abander\u00f3 a cinco escuelas del nivel de educaci\u00f3n b\u00e1sica, a quienes invit\u00f3 a respetar uno de los s\u00edmbolos m\u00e1s representativos de M\u00e9xico, ya que esta simboliza su independencia, su honor, sus instituciones e integridad de nuestro territorio.&nbsp;&nbsp;<\/span><\/p>\n<p style=\"text-align: justify;\">&nbsp;<\/p>\n<p class=\"x_MsoNormal\" style=\"text-align: justify;\"><span style=\"font-size: 14pt; font-family: arial, helvetica, sans-serif;\">La Bandera mexicana, adem\u00e1s de ser un s\u00edmbolo patrio y representar el esp\u00edritu de unidad, valor y patriotismo, es un elemento unificador; es una expresi\u00f3n aut\u00e9ntica de nuestros or\u00edgenes, as\u00ed como del deseo de fortalecer el sentido de identidad nacional, como pa\u00eds independiente y soberano.<\/span><\/p>\n<p style=\"text-align: justify;\">&nbsp;<\/p>\n<p class=\"x_MsoNormal\" style=\"text-align: justify;\"><span style=\"font-size: 14pt; font-family: arial, helvetica, sans-serif;\">Correspondi\u00f3 al secretario de Pesca y Acuacultura, Evelio Plata Inzunza, dar lectura al discurso oficial a nombre de los poderes Ejecutivo, Legislativo y Judicial, quien destac\u00f3 el gobernador impulsa una serie de iniciativas para mejorar la procuraci\u00f3n de justicia, atacar de ra\u00edz el c\u00e1ncer de la corrupci\u00f3n, fomentar la participaci\u00f3n social, garantizar la rendici\u00f3n de cuentas y responder a las demandas m\u00e1s sentidas de los sinaloenses.<\/span><\/p>\n<p style=\"text-align: justify;\">&nbsp;<\/p>\n<p class=\"x_MsoNormal\" style=\"text-align: justify;\"><span style=\"font-size: 14pt; font-family: arial, helvetica, sans-serif;\">\u201cLo ha hecho buscando el camino para encontrar como s\u00ed se pueden hacer las cosas, asumiendo la pluralidad, privilegiando el di\u00e1logo y arribando a acuerdos, trabajando muy intensamente y aprovechando cada d\u00eda de la semana y cada hora del d\u00eda, viendo siempre por el supremo inter\u00e9s de los mexicanos y los sinaloenses, ha dado su apoyo decidido a las reformas y programas federales que contribuyan a la armon\u00eda social y el desarrollo con equidad\u201d, puntualiz\u00f3.<\/span><\/p>\n<p style=\"text-align: justify;\">&nbsp;<\/p>\n<p class=\"x_MsoNormal\" style=\"text-align: justify;\"><span style=\"font-size: 14pt; font-family: arial, helvetica, sans-serif;\">Planta Inzunza dijo que a lo largo de la historia, hemos enfrentado todas las adversidades enarbolando la bandera que simboliza los ideales de libertad, justicia e igualdad del pueblo de M\u00e9xico, sin embargo, hoy tenemos ante nosotros importantes retos: \u201cUnidos, los mexicanos y los sinaloenses, hemos enfrentado la crisis sanitaria que ha padecido el mundo entero\u201d.<\/span><\/p>\n<p style=\"text-align: justify;\">&nbsp;<\/p>\n<p class=\"x_MsoNormal\" style=\"text-align: justify;\"><span style=\"font-size: 14pt; font-family: arial, helvetica, sans-serif;\">Los planteles abanderados son: las primarias General Ram\u00f3n F. Iturbe, 6 de Enero, Jos\u00e9 Vasconcelos, as\u00ed como la escuela secundaria 24 de Agosto.<\/span><\/p>\n<p style=\"text-align: justify;\">&nbsp;<\/p>\n<p style=\"text-align: justify;\">&nbsp;<\/p>\n<p style=\"text-align: justify;\"><span style=\"font-size: 14pt; font-family: arial, helvetica, sans-serif;\">REDACCI\u00d3N\/VISI\u00d3N CIUDADANA.<\/span><\/p>\n","protected":false},"excerpt":{"rendered":"<p>En el marco de la conmemoraci\u00f3n del D\u00eda de la Bandera, el gobernador de Sinaloa, Quirino Ordaz Coppel, acompa\u00f1ado de la presidenta del Sistema DIF Sinaloa, Rosy Fuentes de Ordaz, autoridades civiles y militares, encabez\u00f3 el acto c\u00edvico de la celebraci\u00f3n de nuestro l\u00e1baro patrio en la monumental asta bandera de la capital del estado. [&hellip;]<\/p>\n","protected":false},"author":1,"featured_media":6802,"comment_status":"closed","ping_status":"closed","sticky":false,"template":"","format":"standard","meta":{"footnotes":""},"categories":[24],"tags":[],"ppma_author":[31],"class_list":["post-14954","post","type-post","status-publish","format-standard","has-post-thumbnail","hentry","category-relevantes"],"aioseo_notices":[],"authors":[{"term_id":31,"user_id":1,"is_guest":0,"slug":"ivan3vino","display_name":"Iv\u00e1n Trevi\u00f1o","avatar_url":{"url":"https:\/\/visionciudadana.com.mx\/oficial\/wp-content\/uploads\/2025\/09\/columna-ivan-Trevino.png","url2x":"https:\/\/visionciudadana.com.mx\/oficial\/wp-content\/uploads\/2025\/09\/columna-ivan-Trevino.png"},"0":null,"1":"","2":"","3":"","4":"","5":"","6":"","7":"","8":""}],"_links":{"self":[{"href":"https:\/\/visionciudadana.com.mx\/oficial\/wp-json\/wp\/v2\/posts\/14954","targetHints":{"allow":["GET"]}}],"collection":[{"href":"https:\/\/visionciudadana.com.mx\/oficial\/wp-json\/wp\/v2\/posts"}],"about":[{"href":"https:\/\/visionciudadana.com.mx\/oficial\/wp-json\/wp\/v2\/types\/post"}],"author":[{"embeddable":true,"href":"https:\/\/visionciudadana.com.mx\/oficial\/wp-json\/wp\/v2\/users\/1"}],"replies":[{"embeddable":true,"href":"https:\/\/visionciudadana.com.mx\/oficial\/wp-json\/wp\/v2\/comments?post=14954"}],"version-history":[{"count":1,"href":"https:\/\/visionciudadana.com.mx\/oficial\/wp-json\/wp\/v2\/posts\/14954\/revisions"}],"predecessor-version":[{"id":31379,"href":"https:\/\/visionciudadana.com.mx\/oficial\/wp-json\/wp\/v2\/posts\/14954\/revisions\/31379"}],"wp:featuredmedia":[{"embeddable":true,"href":"https:\/\/visionciudadana.com.mx\/oficial\/wp-json\/wp\/v2\/media\/6802"}],"wp:attachment":[{"href":"https:\/\/visionciudadana.com.mx\/oficial\/wp-json\/wp\/v2\/media?parent=14954"}],"wp:term":[{"taxonomy":"category","embeddable":true,"href":"https:\/\/visionciudadana.com.mx\/oficial\/wp-json\/wp\/v2\/categories?post=14954"},{"taxonomy":"post_tag","embeddable":true,"href":"https:\/\/visionciudadana.com.mx\/oficial\/wp-json\/wp\/v2\/tags?post=14954"},{"taxonomy":"author","embeddable":true,"href":"https:\/\/visionciudadana.com.mx\/oficial\/wp-json\/wp\/v2\/ppma_author?post=14954"}],"curies":[{"name":"wp","href":"https:\/\/api.w.org\/{rel}","templated":true}]}}