{"id":14953,"date":"2021-02-25T02:41:10","date_gmt":"2021-02-25T02:41:10","guid":{"rendered":"https:\/\/visionciudadana.com.mx\/prueba\/2021\/02\/25\/arriban-a-sinaloa-16-mil-vacunas-para-adultos-mayores-y-personal-de-salud\/"},"modified":"2025-06-25T00:32:22","modified_gmt":"2025-06-25T00:32:22","slug":"arriban-a-sinaloa-16-mil-vacunas-para-adultos-mayores-y-personal-de-salud","status":"publish","type":"post","link":"https:\/\/visionciudadana.com.mx\/oficial\/2021\/02\/25\/arriban-a-sinaloa-16-mil-vacunas-para-adultos-mayores-y-personal-de-salud\/","title":{"rendered":"Arriban a Sinaloa 16 mil vacunas para adultos mayores y personal de salud"},"content":{"rendered":"<p><img fetchpriority=\"high\" decoding=\"async\" src=\"images\/Feb21\/arriban_a_sin.PNG\" alt=\"arriban a sin\" width=\"401\" height=\"225\" style=\"display: block; margin-left: auto; margin-right: auto;\" \/><\/p>\n<div>\n<p class=\"x_MsoNormal\" style=\"text-align: justify;\" align=\"center\"><span style=\"font-size: 14pt; font-family: arial, helvetica, sans-serif;\">El Comando Estatal de Vacunaci\u00f3n en Sinaloa, recibi\u00f3 la ma\u00f1ana de este mi\u00e9rcoles un lote de 16 575 dosis de la vacuna Pfizer para proteger al personal de primer nivel de atenci\u00f3n del sector salud de la entidad, incluyendo adem\u00e1s a Protecci\u00f3n Civil, Cruz Roja, Colegios M\u00e9dicos afines que est\u00e1n atendiendo pacientes COVID en la medicina privada y adultos mayores.<\/span><\/p>\n<p style=\"text-align: justify;\">&nbsp;<\/p>\n<p class=\"x_MsoNormal\" style=\"text-align: justify;\"><span style=\"font-size: 14pt; font-family: arial, helvetica, sans-serif;\">El Dr. Efr\u00e9n Encinas Torres, Secretario de Salud, destac\u00f3 el hecho que se contin\u00fae con el proceso de vacunaci\u00f3n del personal de salud en Sinaloa, ya que de esta manera ser\u00e1 posible asegurar la atenci\u00f3n m\u00e9dica de la poblaci\u00f3n que lo requiera, igualmente se est\u00e1 trabajando en la protecci\u00f3n de los adultos mayores que habitan en zonas de las periferias de los municipios y que significan un sector de la poblaci\u00f3n que se encuentra en un grado de vulnerabilidad m\u00e1s alto.<\/span><\/p>\n<p style=\"text-align: justify;\">&nbsp;<\/p>\n<p class=\"x_MsoNormal\" style=\"text-align: justify;\"><span style=\"font-size: 14pt; font-family: arial, helvetica, sans-serif;\">\u201cInformar que acaba de arribar a Sinaloa otra nueva remeza de 16 575 dosis de la vacuna Pfizer para vacunar a adultos mayores y complementar al personal del sector salud, tambi\u00e9n vamos a incluir ya el inicio de algunos hospitales privados, una parte del personal tambi\u00e9n que manejan pacientes con COVID y desde luego Colegios de Profesionistas, de M\u00e9dicos, Enfermer\u00eda, Odontolog\u00eda, etc., y de m\u00e1s \u00e1reas afines para ir cubriendo de manera progresiva, paulatina, gracias al apoyo del Gobierno Federal la llegada de la vacuna, seguimos en Sinaloa a trav\u00e9s de todo el comando estatal unidos para el bien de la poblaci\u00f3n, cuid\u00e9monos todos y vamos a seguir adelante\u201d, detall\u00f3.<\/span><\/p>\n<p style=\"text-align: justify;\">&nbsp;<\/p>\n<p class=\"x_MsoNormal\" style=\"text-align: justify;\"><span style=\"font-size: 14pt; font-family: arial, helvetica, sans-serif;\">Por su parte el coordinador del Comando Estatal de Vacunaci\u00f3n, Dr. Luis Rafael L\u00f3pez Oca\u00f1a, explic\u00f3 que con estas vacunas se iniciar\u00e1 la vacunaci\u00f3n jueves, viernes y s\u00e1bado para abarcar sobre todo el primer nivel de atenci\u00f3n tanto de IMSS, ISSSTE y Secretaria de Salud.<\/span><\/p>\n<p style=\"text-align: justify;\">&nbsp;<\/p>\n<p class=\"x_MsoNormal\" style=\"text-align: justify;\"><span style=\"font-size: 14pt; font-family: arial, helvetica, sans-serif;\">\u201cEstas cuatro mil est\u00e1n basadas ya en censos que se trabajaron ayer todav\u00eda de todo el personal de primera l\u00ednea que falta en hospitales p\u00fablicos y privados, asimismo todos los de&nbsp; primera l\u00ednea del primer nivel de atenci\u00f3n de instituciones p\u00fablicas, de tal forma que con esto vamos a mitigar mucho la inquietud de mucha gente de que no ha recibido su primera dosis y esta log\u00edstica de aplicaci\u00f3n va a ser jueves, viernes y s\u00e1bado por favor\u201d, se\u00f1al\u00f3.<\/span><\/p>\n<p style=\"text-align: justify;\">&nbsp;<\/p>\n<p class=\"x_MsoNormal\" style=\"text-align: justify;\"><span style=\"font-size: 14pt; font-family: arial, helvetica, sans-serif;\">Es importante mencionar que 8 775 dosis ser\u00e1n aplicadas a adultos mayores del municipio de Salvador Alvarado y el resto para el personal del sector salud; de las cuales 2 925 son segundas dosis de personal de salud y 4 500 para completar primera l\u00ednea y primer nivel de atenci\u00f3n, sumando un total de 16 575 dosis de vacuna Pfizer que se reciben en esta entrega para el Estado de Sinaloa.<\/span><\/p>\n<p style=\"text-align: justify;\">&nbsp;<\/p>\n<p><span style=\"font-size: 14pt; font-family: arial, helvetica, sans-serif;\">El Comando Estatal presente est\u00e1 integrado adem\u00e1s por el Coordinador de Programas Federales, Jos\u00e9 Jaime Montes; Delegado del ISSSTE, Dr. Marcial Silva G\u00f3mez; Secretario General de la UAS, Dr. Gerardo Alapizco, as\u00ed como los Generales Maximiliano Cruz y Juan Osuna Gonz\u00e1lez como cabezas de las Fuerzas Armadas en Sinaloa.<\/span><\/div>\n<div style=\"text-align: justify;\"><span style=\"font-size: 14pt; font-family: arial, helvetica, sans-serif;\"><\/span><\/div>\n<div style=\"text-align: justify;\">&nbsp;<\/div>\n<div style=\"text-align: justify;\">&nbsp;<\/div>\n<div style=\"text-align: justify;\"><span style=\"font-size: 14pt; font-family: arial, helvetica, sans-serif;\">REDACCI\u00d3N\/VISI\u00d3N CIUDADANA.<\/span><\/div>\n","protected":false},"excerpt":{"rendered":"<p>El Comando Estatal de Vacunaci\u00f3n en Sinaloa, recibi\u00f3 la ma\u00f1ana de este mi\u00e9rcoles un lote de 16 575 dosis de la vacuna Pfizer para proteger al personal de primer nivel de atenci\u00f3n del sector salud de la entidad, incluyendo adem\u00e1s a Protecci\u00f3n Civil, Cruz Roja, Colegios M\u00e9dicos afines que est\u00e1n atendiendo pacientes COVID en la [&hellip;]<\/p>\n","protected":false},"author":1,"featured_media":6800,"comment_status":"closed","ping_status":"closed","sticky":false,"template":"","format":"standard","meta":{"footnotes":""},"categories":[24],"tags":[],"ppma_author":[31],"class_list":["post-14953","post","type-post","status-publish","format-standard","has-post-thumbnail","hentry","category-relevantes"],"aioseo_notices":[],"authors":[{"term_id":31,"user_id":1,"is_guest":0,"slug":"ivan3vino","display_name":"Iv\u00e1n Trevi\u00f1o","avatar_url":{"url":"https:\/\/visionciudadana.com.mx\/oficial\/wp-content\/uploads\/2025\/09\/columna-ivan-Trevino.png","url2x":"https:\/\/visionciudadana.com.mx\/oficial\/wp-content\/uploads\/2025\/09\/columna-ivan-Trevino.png"},"0":null,"1":"","2":"","3":"","4":"","5":"","6":"","7":"","8":""}],"_links":{"self":[{"href":"https:\/\/visionciudadana.com.mx\/oficial\/wp-json\/wp\/v2\/posts\/14953","targetHints":{"allow":["GET"]}}],"collection":[{"href":"https:\/\/visionciudadana.com.mx\/oficial\/wp-json\/wp\/v2\/posts"}],"about":[{"href":"https:\/\/visionciudadana.com.mx\/oficial\/wp-json\/wp\/v2\/types\/post"}],"author":[{"embeddable":true,"href":"https:\/\/visionciudadana.com.mx\/oficial\/wp-json\/wp\/v2\/users\/1"}],"replies":[{"embeddable":true,"href":"https:\/\/visionciudadana.com.mx\/oficial\/wp-json\/wp\/v2\/comments?post=14953"}],"version-history":[{"count":1,"href":"https:\/\/visionciudadana.com.mx\/oficial\/wp-json\/wp\/v2\/posts\/14953\/revisions"}],"predecessor-version":[{"id":31380,"href":"https:\/\/visionciudadana.com.mx\/oficial\/wp-json\/wp\/v2\/posts\/14953\/revisions\/31380"}],"wp:featuredmedia":[{"embeddable":true,"href":"https:\/\/visionciudadana.com.mx\/oficial\/wp-json\/wp\/v2\/media\/6800"}],"wp:attachment":[{"href":"https:\/\/visionciudadana.com.mx\/oficial\/wp-json\/wp\/v2\/media?parent=14953"}],"wp:term":[{"taxonomy":"category","embeddable":true,"href":"https:\/\/visionciudadana.com.mx\/oficial\/wp-json\/wp\/v2\/categories?post=14953"},{"taxonomy":"post_tag","embeddable":true,"href":"https:\/\/visionciudadana.com.mx\/oficial\/wp-json\/wp\/v2\/tags?post=14953"},{"taxonomy":"author","embeddable":true,"href":"https:\/\/visionciudadana.com.mx\/oficial\/wp-json\/wp\/v2\/ppma_author?post=14953"}],"curies":[{"name":"wp","href":"https:\/\/api.w.org\/{rel}","templated":true}]}}