{"id":14952,"date":"2021-02-25T02:35:32","date_gmt":"2021-02-25T02:35:32","guid":{"rendered":"https:\/\/visionciudadana.com.mx\/prueba\/2021\/02\/25\/arranca-dif-sinaloa-el-programa-de-apoyo-alimentario-2021\/"},"modified":"2025-06-25T00:32:22","modified_gmt":"2025-06-25T00:32:22","slug":"arranca-dif-sinaloa-el-programa-de-apoyo-alimentario-2021","status":"publish","type":"post","link":"https:\/\/visionciudadana.com.mx\/oficial\/2021\/02\/25\/arranca-dif-sinaloa-el-programa-de-apoyo-alimentario-2021\/","title":{"rendered":"Arranca DIF Sinaloa el programa de apoyo alimentario 2021"},"content":{"rendered":"<p style=\"text-align: justify;\"><img fetchpriority=\"high\" decoding=\"async\" src=\"images\/Feb21\/arranca_DIF_sin.PNG\" alt=\"arranca DIF sin\" width=\"385\" height=\"220\" style=\"display: block; margin-left: auto; margin-right: auto;\" \/><\/p>\n<p style=\"text-align: justify;\"><span style=\"font-size: 14pt; font-family: arial, helvetica, sans-serif;\"><span lang=\"X-NONE\"><\/span>La presidenta del Sistema DIF Sinaloa, Rosy Fuentes de Ordaz, puso en marcha el Programa de Apoyo Alimentario 2021, con el que se otorga anualmente despensa a familias en situaci\u00f3n de vulnerabilidad, este a\u00f1o se ejercer\u00e1 una inversi\u00f3n de m\u00e1s de 170 MDP y beneficiar\u00e1<span lang=\"X-NONE\">&nbsp;a m\u00e1s de 115 mil personas con despensas en&nbsp;<\/span>todo el estado.<\/span><\/p>\n<p style=\"text-align: justify;\">&nbsp;<\/p>\n<p style=\"text-align: justify;\"><span style=\"font-size: 14pt; font-family: arial, helvetica, sans-serif;\">Dentro de los sectores que se apoyar\u00e1n nuevamente por medio de este programa se encuentran:&nbsp;<span lang=\"X-NONE\">pescadores, ind\u00edgenas, jornaleros, madres jefas de familia<\/span>, mujeres embarazadas<span lang=\"X-NONE\">,<\/span>&nbsp;familia de&nbsp;<span lang=\"X-NONE\">colonias y comunidades de zonas marginadas.<\/span><span lang=\"X-NONE\"><\/span>Adem\u00e1s,&nbsp;<span lang=\"X-NONE\">albergues para adultos mayores, centros de rehabilitaci\u00f3n contra las adicciones y diversas asociaciones civiles.<\/span><\/span><\/p>\n<p style=\"text-align: justify;\" align=\"left\"><span lang=\"X-NONE\" style=\"font-size: 14pt; font-family: arial, helvetica, sans-serif;\"><\/span><\/p>\n<p style=\"text-align: justify;\"><span style=\"font-size: 14pt; font-family: arial, helvetica, sans-serif;\">Durante el arranque de dicho programa que se efectu\u00f3 en las oficinas centrales de la instituci\u00f3n y donde estuvo acompa\u00f1ada por Connie Zazueta, directora general de DIF Estatal y las presidentas y directores de los Sistemas DIF Municipales, Rosy Fuentes de Ordaz, coment\u00f3 que el arranque del programa alimentario significa mucho para las familias de escasos recursos de las comunidades, por lo que exhort\u00f3 a distribuirlos de manera responsable.<\/span><\/p>\n<p style=\"text-align: justify;\">&nbsp;<\/p>\n<p style=\"text-align: justify;\"><span style=\"font-size: 14pt; font-family: arial, helvetica, sans-serif;\">\u201cLa invitaci\u00f3n es a hacer, como siempre, la entrega responsable en sus municipios, llegar a aquellas familias que se encuentran en mayor grado de vulnerabilidad\u201d.<\/span><\/p>\n<p style=\"text-align: justify;\">&nbsp;<\/p>\n<p style=\"text-align: justify;\"><span style=\"font-size: 14pt; font-family: arial, helvetica, sans-serif;\">Tambi\u00e9n reiter\u00f3 el agradecimiento al gobernador del estado, &nbsp; Quirino Ordaz Coppel, por brindar apoyo constante y por poner siempre el ejemplo de mantener contacto directo con la gente.<\/span><\/p>\n<p style=\"text-align: justify;\">&nbsp;<\/p>\n<p style=\"text-align: justify;\"><span style=\"font-size: 14pt; font-family: arial, helvetica, sans-serif;\">Agreg\u00f3: \u201cellos necesitan de nosotros, queremos que sientan nuestra solidaridad, que a pesar de que las situaciones siguen muy adversas, queremos que tengan certeza de que nosotros como DIF estamos con ustedes\u201d.<\/span><\/p>\n<p style=\"text-align: justify;\">&nbsp;<\/p>\n<p style=\"text-align: justify;\"><span style=\"font-size: 14pt; font-family: arial, helvetica, sans-serif;\">Connie Zazueta reconoci\u00f3 a las presidentas y directores por su gran trabajo en la distribuci\u00f3n de las despensas, donde el compromiso, dijo, siempre ha sido entregar de manera directa, casa por casa, recorriendo campos pesqueros, comunidades ind\u00edgenas y llegando a las mujeres jefas de familia; la despensa de DIF Sinaloa se entrega a quien realmente lo necesita, reiter\u00f3.<\/span><\/p>\n<p style=\"text-align: justify;\"><span style=\"font-size: 14pt; font-family: arial, helvetica, sans-serif;\"><\/span><\/p>\n<p style=\"text-align: justify;\"><span style=\"font-size: 14pt; font-family: arial, helvetica, sans-serif;\">Por su parte, Mar\u00eda Elizalde, presidenta del Sistema DIF Mocorito, agradeci\u00f3 en nombre de los municipios beneficiados, pues se\u00f1al\u00f3, las despensas y los desayunos escolares representan mucho para las personas en situaci\u00f3n de vulnerabilidad.<\/span><\/p>\n<p style=\"text-align: justify;\">&nbsp;<\/p>\n<p style=\"text-align: justify;\">&nbsp;<\/p>\n<p style=\"text-align: justify;\"><span style=\"font-size: 14pt; font-family: arial, helvetica, sans-serif;\">REDACCI\u00d3N\/VISI\u00d3N CIUDADANA.<\/span><\/p>\n","protected":false},"excerpt":{"rendered":"<p>La presidenta del Sistema DIF Sinaloa, Rosy Fuentes de Ordaz, puso en marcha el Programa de Apoyo Alimentario 2021, con el que se otorga anualmente despensa a familias en situaci\u00f3n de vulnerabilidad, este a\u00f1o se ejercer\u00e1 una inversi\u00f3n de m\u00e1s de 170 MDP y beneficiar\u00e1&nbsp;a m\u00e1s de 115 mil personas con despensas en&nbsp;todo el estado. [&hellip;]<\/p>\n","protected":false},"author":1,"featured_media":6798,"comment_status":"closed","ping_status":"closed","sticky":false,"template":"","format":"standard","meta":{"footnotes":""},"categories":[24],"tags":[],"ppma_author":[31],"class_list":["post-14952","post","type-post","status-publish","format-standard","has-post-thumbnail","hentry","category-relevantes"],"aioseo_notices":[],"authors":[{"term_id":31,"user_id":1,"is_guest":0,"slug":"ivan3vino","display_name":"Iv\u00e1n Trevi\u00f1o","avatar_url":{"url":"https:\/\/visionciudadana.com.mx\/oficial\/wp-content\/uploads\/2025\/09\/columna-ivan-Trevino.png","url2x":"https:\/\/visionciudadana.com.mx\/oficial\/wp-content\/uploads\/2025\/09\/columna-ivan-Trevino.png"},"0":null,"1":"","2":"","3":"","4":"","5":"","6":"","7":"","8":""}],"_links":{"self":[{"href":"https:\/\/visionciudadana.com.mx\/oficial\/wp-json\/wp\/v2\/posts\/14952","targetHints":{"allow":["GET"]}}],"collection":[{"href":"https:\/\/visionciudadana.com.mx\/oficial\/wp-json\/wp\/v2\/posts"}],"about":[{"href":"https:\/\/visionciudadana.com.mx\/oficial\/wp-json\/wp\/v2\/types\/post"}],"author":[{"embeddable":true,"href":"https:\/\/visionciudadana.com.mx\/oficial\/wp-json\/wp\/v2\/users\/1"}],"replies":[{"embeddable":true,"href":"https:\/\/visionciudadana.com.mx\/oficial\/wp-json\/wp\/v2\/comments?post=14952"}],"version-history":[{"count":1,"href":"https:\/\/visionciudadana.com.mx\/oficial\/wp-json\/wp\/v2\/posts\/14952\/revisions"}],"predecessor-version":[{"id":31381,"href":"https:\/\/visionciudadana.com.mx\/oficial\/wp-json\/wp\/v2\/posts\/14952\/revisions\/31381"}],"wp:featuredmedia":[{"embeddable":true,"href":"https:\/\/visionciudadana.com.mx\/oficial\/wp-json\/wp\/v2\/media\/6798"}],"wp:attachment":[{"href":"https:\/\/visionciudadana.com.mx\/oficial\/wp-json\/wp\/v2\/media?parent=14952"}],"wp:term":[{"taxonomy":"category","embeddable":true,"href":"https:\/\/visionciudadana.com.mx\/oficial\/wp-json\/wp\/v2\/categories?post=14952"},{"taxonomy":"post_tag","embeddable":true,"href":"https:\/\/visionciudadana.com.mx\/oficial\/wp-json\/wp\/v2\/tags?post=14952"},{"taxonomy":"author","embeddable":true,"href":"https:\/\/visionciudadana.com.mx\/oficial\/wp-json\/wp\/v2\/ppma_author?post=14952"}],"curies":[{"name":"wp","href":"https:\/\/api.w.org\/{rel}","templated":true}]}}