{"id":14947,"date":"2021-02-23T22:09:43","date_gmt":"2021-02-23T22:09:43","guid":{"rendered":"https:\/\/visionciudadana.com.mx\/prueba\/2021\/02\/23\/inicia-este-viernes-cursoi-virtual-quieres-ser-candidata\/"},"modified":"2025-06-25T00:32:23","modified_gmt":"2025-06-25T00:32:23","slug":"inicia-este-viernes-cursoi-virtual-quieres-ser-candidata","status":"publish","type":"post","link":"https:\/\/visionciudadana.com.mx\/oficial\/2021\/02\/23\/inicia-este-viernes-cursoi-virtual-quieres-ser-candidata\/","title":{"rendered":"Inicia este viernes cursoi virtual \u00bfQuieres ser candidata?"},"content":{"rendered":"<p style=\"text-align: justify;\"><span style=\"font-size: 14pt; font-family: arial, helvetica, sans-serif;\"><img fetchpriority=\"high\" decoding=\"async\" src=\"images\/Feb21\/inicia_este_viernes.PNG\" alt=\"inicia este viernes\" width=\"365\" height=\"177\" style=\"display: block; margin-left: auto; margin-right: auto;\" \/><br \/><\/span><\/p>\n<p style=\"text-align: justify;\"><span style=\"font-size: 14pt; font-family: arial, helvetica, sans-serif;\">Con el objetivo de brindar las herramientas necesarias para fomentar en las mujeres una mayor participaci\u00f3n en la vida pol\u00edtica en nuestra entidad, el Instituto Electoral del Estado de Sinaloa (IEES) en coordinaci\u00f3n con la Asociaci\u00f3n Mexicana de Consejeras Estatales Electorales (AMCEE), y como parte del programa de la Red Nacional de Candidatas, llevar\u00e1n a cabo el curso virtual:\u00bfQuieres ser candidata?, el cual est\u00e1 dirigido a mujeres afiliadas o simpatizantes de los partidos pol\u00edticos, de la sociedad civil y de la ciudadan\u00eda en general.<\/span><\/p>\n<p style=\"text-align: justify;\">&nbsp;<\/p>\n<p style=\"text-align: justify;\"><span style=\"font-size: 14pt; font-family: arial, helvetica, sans-serif;\">Dicho evento que ser\u00e1 transmitido a trav\u00e9s de la plataforma digital de videoconferencia Telmex, inicia este viernes 26 de febrero, de 5:00 a 7:20 p.m., en donde se abordar\u00e1n los temas: Democracia y participaci\u00f3n pol\u00edtica de las mujeres; Estereotipos de g\u00e9nero, mujer y poder; y la Participaci\u00f3n pol\u00edtica de las mujeres ind\u00edgenas; mientras que el s\u00e1bado 27 de febrero, de 10:00 a 11:00 horas, los t\u00f3picos ser\u00e1n: Criterios de paridad en las candidaturas; Requisitos para de candidaturas en el Estado de Sinaloa; y Violencia pol\u00edtica en raz\u00f3n de g\u00e9nero. Del procedimiento sancionador especial.<\/span><\/p>\n<p style=\"text-align: justify;\">&nbsp;<\/p>\n<p style=\"text-align: justify;\"><span style=\"font-size: 14pt; font-family: arial, helvetica, sans-serif;\">El curso virtual continua el viernes 5 de marzo de 5:00 a 7:00 p.m., en el que los puntos agendados son: Monitoreo en medios de comunicaci\u00f3n; Estrategias ante preguntas sexistas en medios de comunicaci\u00f3n; y Protecci\u00f3n de derechos pol\u00edticos electorales desde el \u00e1mbito jurisdiccional.<\/span><\/p>\n<p style=\"text-align: justify;\">&nbsp;<\/p>\n<p style=\"text-align: justify;\"><span style=\"font-size: 14pt; font-family: arial, helvetica, sans-serif;\">Finalmente el s\u00e1bado 6 marzo, de 10:00 a 12:30 horas, expondr\u00e1n sobre la Participaci\u00f3n de candidatas en los debates; Defensa de los Derechos pol\u00edticos electorales de las mujeres desde las organizaciones de la sociedad civil; y se culminar\u00e1 con la Presentaci\u00f3n del programa Red de Comunicaci\u00f3n de Candidatas, Proceso 2020-2021.<\/span><\/p>\n<p style=\"text-align: justify;\">&nbsp;<\/p>\n<p style=\"text-align: justify;\"><span style=\"font-size: 14pt; font-family: arial, helvetica, sans-serif;\">En el contexto del pr\u00f3ximo proceso electoral local ordinario, para el IEES es importante que las mujeres tengan un panorama general sobre sus derechos pol\u00edticos electorales, de c\u00f3mo aspirar a ser candidatas de un partido pol\u00edtico o por la v\u00eda de candidatura independiente; as\u00ed como conocer los aspectos generales de la nueva regulaci\u00f3n en materia de violencia pol\u00edtica en raz\u00f3n de g\u00e9nero.<\/span><\/p>\n<p style=\"text-align: justify;\">&nbsp;<\/p>\n<p style=\"text-align: justify;\">&nbsp;<\/p>\n<p style=\"text-align: justify;\"><span style=\"font-size: 14pt; font-family: arial, helvetica, sans-serif;\">REDACCI\u00d3N\/VISI\u00d3N CIUDADANA.<\/span><\/p>\n","protected":false},"excerpt":{"rendered":"<p>Con el objetivo de brindar las herramientas necesarias para fomentar en las mujeres una mayor participaci\u00f3n en la vida pol\u00edtica en nuestra entidad, el Instituto Electoral del Estado de Sinaloa (IEES) en coordinaci\u00f3n con la Asociaci\u00f3n Mexicana de Consejeras Estatales Electorales (AMCEE), y como parte del programa de la Red Nacional de Candidatas, llevar\u00e1n a [&hellip;]<\/p>\n","protected":false},"author":1,"featured_media":6791,"comment_status":"closed","ping_status":"closed","sticky":false,"template":"","format":"standard","meta":{"footnotes":""},"categories":[24],"tags":[],"ppma_author":[31],"class_list":["post-14947","post","type-post","status-publish","format-standard","has-post-thumbnail","hentry","category-relevantes"],"aioseo_notices":[],"authors":[{"term_id":31,"user_id":1,"is_guest":0,"slug":"ivan3vino","display_name":"Iv\u00e1n Trevi\u00f1o","avatar_url":{"url":"https:\/\/visionciudadana.com.mx\/oficial\/wp-content\/uploads\/2025\/09\/columna-ivan-Trevino.png","url2x":"https:\/\/visionciudadana.com.mx\/oficial\/wp-content\/uploads\/2025\/09\/columna-ivan-Trevino.png"},"0":null,"1":"","2":"","3":"","4":"","5":"","6":"","7":"","8":""}],"_links":{"self":[{"href":"https:\/\/visionciudadana.com.mx\/oficial\/wp-json\/wp\/v2\/posts\/14947","targetHints":{"allow":["GET"]}}],"collection":[{"href":"https:\/\/visionciudadana.com.mx\/oficial\/wp-json\/wp\/v2\/posts"}],"about":[{"href":"https:\/\/visionciudadana.com.mx\/oficial\/wp-json\/wp\/v2\/types\/post"}],"author":[{"embeddable":true,"href":"https:\/\/visionciudadana.com.mx\/oficial\/wp-json\/wp\/v2\/users\/1"}],"replies":[{"embeddable":true,"href":"https:\/\/visionciudadana.com.mx\/oficial\/wp-json\/wp\/v2\/comments?post=14947"}],"version-history":[{"count":1,"href":"https:\/\/visionciudadana.com.mx\/oficial\/wp-json\/wp\/v2\/posts\/14947\/revisions"}],"predecessor-version":[{"id":31383,"href":"https:\/\/visionciudadana.com.mx\/oficial\/wp-json\/wp\/v2\/posts\/14947\/revisions\/31383"}],"wp:featuredmedia":[{"embeddable":true,"href":"https:\/\/visionciudadana.com.mx\/oficial\/wp-json\/wp\/v2\/posts\/6791"}],"wp:attachment":[{"href":"https:\/\/visionciudadana.com.mx\/oficial\/wp-json\/wp\/v2\/media?parent=14947"}],"wp:term":[{"taxonomy":"category","embeddable":true,"href":"https:\/\/visionciudadana.com.mx\/oficial\/wp-json\/wp\/v2\/categories?post=14947"},{"taxonomy":"post_tag","embeddable":true,"href":"https:\/\/visionciudadana.com.mx\/oficial\/wp-json\/wp\/v2\/tags?post=14947"},{"taxonomy":"author","embeddable":true,"href":"https:\/\/visionciudadana.com.mx\/oficial\/wp-json\/wp\/v2\/ppma_author?post=14947"}],"curies":[{"name":"wp","href":"https:\/\/api.w.org\/{rel}","templated":true}]}}