{"id":14946,"date":"2021-02-23T22:02:17","date_gmt":"2021-02-23T22:02:17","guid":{"rendered":"https:\/\/visionciudadana.com.mx\/prueba\/2021\/02\/23\/la-disponibilidad-de-vacunas-da-confianza-en-el-sistema-de-salud-y-viceversa-paola-garate\/"},"modified":"2025-06-25T00:32:23","modified_gmt":"2025-06-25T00:32:23","slug":"la-disponibilidad-de-vacunas-da-confianza-en-el-sistema-de-salud-y-viceversa-paola-garate","status":"publish","type":"post","link":"https:\/\/visionciudadana.com.mx\/oficial\/2021\/02\/23\/la-disponibilidad-de-vacunas-da-confianza-en-el-sistema-de-salud-y-viceversa-paola-garate\/","title":{"rendered":"La disponibilidad de Vacunas da confianza en el sistema de salud y viceversa: Paola G\u00e1rate"},"content":{"rendered":"<p>&nbsp;<\/p>\n<p><img fetchpriority=\"high\" decoding=\"async\" src=\"images\/Feb21\/paos_garat.PNG\" alt=\"paos garat\" width=\"328\" height=\"210\" style=\"display: block; margin-left: auto; margin-right: auto;\" \/><\/p>\n<p class=\"x_MsoNormal\" style=\"text-align: justify;\"><span lang=\"ES-MX\" style=\"font-size: 14pt; font-family: arial, helvetica, sans-serif;\">Despu\u00e9s del evidente tropiezo que ha tenido en M\u00e9xico la puesta en marcha del plan nacional de vacunaci\u00f3n contra COVID19, varias han sido las voces que han puesto en duda la capacidad de las autoridades sanitarias federales para enfrentar esta segunda etapa de la pandemia, misma que han considerado como \u201ccrucial\u201d para recuperar la estabilidad econ\u00f3mica del pa\u00eds.<\/span><\/p>\n<p class=\"x_MsoNormal\" style=\"text-align: justify;\"><span lang=\"ES-MX\" style=\"font-size: 14pt; font-family: arial, helvetica, sans-serif;\"><\/span><\/p>\n<p class=\"x_MsoNormal\" style=\"text-align: justify;\"><span lang=\"ES-MX\" style=\"font-size: 14pt; font-family: arial, helvetica, sans-serif;\">En ese sentido, Paola G\u00e1rate Valenzuela, actual directora del CEPREVSIN en Sinaloa, calific\u00f3 como desafortunado el hecho de haber lanzado una metodolog\u00eda nueva para el registro de vacunaci\u00f3n nacional cuando tenemos un sistema de vacunaci\u00f3n calificado como los mejores del mundo.<\/span><\/p>\n<p class=\"x_MsoNormal\" style=\"text-align: justify;\"><span lang=\"ES-MX\" style=\"font-size: 14pt; font-family: arial, helvetica, sans-serif;\"><\/span><\/p>\n<p class=\"x_MsoNormal\" style=\"text-align: justify;\"><span lang=\"ES-MX\" style=\"font-size: 14pt; font-family: arial, helvetica, sans-serif;\">\u201cSi tenemos un sistema eficiente de vacunaci\u00f3n dentro de un sistema de salud con tantas deficiencias, considero que es un error cambiar el esquema, andar haciendo experimentos en estos momentos creo que puede ser muy costoso\u201d agreg\u00f3.<\/span><\/p>\n<p class=\"x_MsoNormal\" style=\"text-align: justify;\"><span lang=\"ES-MX\" style=\"font-size: 14pt; font-family: arial, helvetica, sans-serif;\"><\/span><\/p>\n<p class=\"x_MsoNormal\" style=\"text-align: justify;\"><span lang=\"ES-MX\" style=\"font-size: 14pt; font-family: arial, helvetica, sans-serif;\">\u201cIndudablemente la apuesta debe ser para la adquisici\u00f3n de vacunas. Lamentablemente no se design\u00f3 una partida presupuestal para la compra de las mismas pero existen herramientas que pueden ayudar al gobierno con los recursos necesarios para abastecerlas.<\/span><\/p>\n<p class=\"x_MsoNormal\" style=\"text-align: justify;\"><span lang=\"ES-MX\" style=\"font-size: 14pt; font-family: arial, helvetica, sans-serif;\"><\/span><\/p>\n<p class=\"x_MsoNormal\" style=\"text-align: justify;\"><span lang=\"ES-MX\" style=\"font-size: 14pt; font-family: arial, helvetica, sans-serif;\">La disponibilidad de vacunas da confianza en el sistema de salud, pero si la situaci\u00f3n sigue como hasta ahorita, ser\u00e1 una decepci\u00f3n m\u00e1s\u201d se\u00f1alo finalmente la funcionaria.<\/span><\/p>\n<p style=\"text-align: justify;\">&nbsp;<\/p>\n<p style=\"text-align: justify;\">&nbsp;<\/p>\n<p style=\"text-align: justify;\"><span style=\"font-size: 14pt; font-family: arial, helvetica, sans-serif;\">REDACCI\u00d3N\/VISI\u00d3N CIUDADANA.<\/span><\/p>\n<p class=\"x_MsoNormal\"><span lang=\"ES-MX\"><\/span><\/p>\n","protected":false},"excerpt":{"rendered":"<p>&nbsp; Despu\u00e9s del evidente tropiezo que ha tenido en M\u00e9xico la puesta en marcha del plan nacional de vacunaci\u00f3n contra COVID19, varias han sido las voces que han puesto en duda la capacidad de las autoridades sanitarias federales para enfrentar esta segunda etapa de la pandemia, misma que han considerado como \u201ccrucial\u201d para recuperar la [&hellip;]<\/p>\n","protected":false},"author":1,"featured_media":6789,"comment_status":"closed","ping_status":"closed","sticky":false,"template":"","format":"standard","meta":{"footnotes":""},"categories":[24],"tags":[],"ppma_author":[31],"class_list":["post-14946","post","type-post","status-publish","format-standard","has-post-thumbnail","hentry","category-relevantes"],"aioseo_notices":[],"authors":[{"term_id":31,"user_id":1,"is_guest":0,"slug":"ivan3vino","display_name":"Iv\u00e1n Trevi\u00f1o","avatar_url":{"url":"https:\/\/visionciudadana.com.mx\/oficial\/wp-content\/uploads\/2025\/09\/columna-ivan-Trevino.png","url2x":"https:\/\/visionciudadana.com.mx\/oficial\/wp-content\/uploads\/2025\/09\/columna-ivan-Trevino.png"},"0":null,"1":"","2":"","3":"","4":"","5":"","6":"","7":"","8":""}],"_links":{"self":[{"href":"https:\/\/visionciudadana.com.mx\/oficial\/wp-json\/wp\/v2\/posts\/14946","targetHints":{"allow":["GET"]}}],"collection":[{"href":"https:\/\/visionciudadana.com.mx\/oficial\/wp-json\/wp\/v2\/posts"}],"about":[{"href":"https:\/\/visionciudadana.com.mx\/oficial\/wp-json\/wp\/v2\/types\/post"}],"author":[{"embeddable":true,"href":"https:\/\/visionciudadana.com.mx\/oficial\/wp-json\/wp\/v2\/users\/1"}],"replies":[{"embeddable":true,"href":"https:\/\/visionciudadana.com.mx\/oficial\/wp-json\/wp\/v2\/comments?post=14946"}],"version-history":[{"count":1,"href":"https:\/\/visionciudadana.com.mx\/oficial\/wp-json\/wp\/v2\/posts\/14946\/revisions"}],"predecessor-version":[{"id":31384,"href":"https:\/\/visionciudadana.com.mx\/oficial\/wp-json\/wp\/v2\/posts\/14946\/revisions\/31384"}],"wp:featuredmedia":[{"embeddable":true,"href":"https:\/\/visionciudadana.com.mx\/oficial\/wp-json\/wp\/v2\/posts\/6789"}],"wp:attachment":[{"href":"https:\/\/visionciudadana.com.mx\/oficial\/wp-json\/wp\/v2\/media?parent=14946"}],"wp:term":[{"taxonomy":"category","embeddable":true,"href":"https:\/\/visionciudadana.com.mx\/oficial\/wp-json\/wp\/v2\/categories?post=14946"},{"taxonomy":"post_tag","embeddable":true,"href":"https:\/\/visionciudadana.com.mx\/oficial\/wp-json\/wp\/v2\/tags?post=14946"},{"taxonomy":"author","embeddable":true,"href":"https:\/\/visionciudadana.com.mx\/oficial\/wp-json\/wp\/v2\/ppma_author?post=14946"}],"curies":[{"name":"wp","href":"https:\/\/api.w.org\/{rel}","templated":true}]}}