{"id":14945,"date":"2021-02-23T21:57:40","date_gmt":"2021-02-23T21:57:40","guid":{"rendered":"https:\/\/visionciudadana.com.mx\/prueba\/2021\/02\/23\/fortalecer-prevencion-para-frenar-violencia-contra-las-mujeres-faustino-hernandez\/"},"modified":"2025-06-25T00:32:23","modified_gmt":"2025-06-25T00:32:23","slug":"fortalecer-prevencion-para-frenar-violencia-contra-las-mujeres-faustino-hernandez","status":"publish","type":"post","link":"https:\/\/visionciudadana.com.mx\/oficial\/2021\/02\/23\/fortalecer-prevencion-para-frenar-violencia-contra-las-mujeres-faustino-hernandez\/","title":{"rendered":"Fortalecer Prevenci\u00f3n para frenar violencia contra las mujeres: Faustino Hern\u00e1ndez"},"content":{"rendered":"<p><img fetchpriority=\"high\" decoding=\"async\" src=\"images\/Feb21\/fortalecer_prevenc.PNG\" alt=\"fortalecer prevenc\" width=\"378\" height=\"219\" style=\"display: block; margin-left: auto; margin-right: auto;\" \/><\/p>\n<p class=\"x_MsoNormal\" style=\"text-align: justify;\" align=\"right\"><span style=\"font-size: 14pt; font-family: arial, helvetica, sans-serif;\">Con el principal objetivo de lograr fortalecer el combate a&nbsp; la violencia contra las mujeres, el diputado local Faustino Hern\u00e1ndez \u00c1lvarez present\u00f3 nueva reforma a la Ley del Gobierno Municipal y otra a la de Acceso de las Mujeres a una Vida Libre de Violencia, a fin de obligar a los Ayuntamientos a dise\u00f1ar y aplicar programas enfocados a la prevenci\u00f3n de la violencia de g\u00e9nero.<\/span><\/p>\n<p style=\"text-align: justify;\">&nbsp;<\/p>\n<p class=\"x_MsoNormal\" style=\"text-align: justify;\"><span style=\"font-size: 14pt; font-family: arial, helvetica, sans-serif;\">Faustino Hern\u00e1ndez, consider\u00f3 que todav\u00eda faltan muchas demandas de las mujeres por atender, pero la principal es la que tiene que ver con el respeto a la vida, seguridad, integridad f\u00edsica, dignidad y los derechos humanos de las mujeres.<\/span><\/p>\n<p style=\"text-align: justify;\">&nbsp;<\/p>\n<p class=\"x_MsoNormal\" style=\"text-align: justify;\"><span style=\"font-size: 14pt; font-family: arial, helvetica, sans-serif;\">\u201cEl esp\u00edritu que anima estas dos Iniciativas, es el de la prevenci\u00f3n. Se trata de adecuar estas dos leyes, para mejorar su efectividad en la protecci\u00f3n de los derechos de las mujeres. Hay que castigar con todo el peso de la ley, las agresiones y la violencia contra las mujeres. Pero siempre ser\u00e1 mejor, evitar que se presentan este tipo de hechos tan reprobables\u00bb.<\/span><\/p>\n<p style=\"text-align: justify;\">&nbsp;<\/p>\n<p class=\"x_MsoNormal\" style=\"text-align: justify;\"><span style=\"font-size: 14pt; font-family: arial, helvetica, sans-serif;\">\u201cYo soy un convencido que debemos trabajar mucho en el aspecto preventivo, en la reconstrucci\u00f3n del tejido social y en el fortalecimiento de los valores\u201d.<\/span><\/p>\n<p style=\"text-align: justify;\">&nbsp;<\/p>\n<p class=\"x_MsoNormal\" style=\"text-align: justify;\"><span style=\"font-size: 14pt; font-family: arial, helvetica, sans-serif;\">En su intervenci\u00f3n durante la Sesi\u00f3n de la Diputaci\u00f3n Permanente el legislador local&nbsp; del PRI&nbsp; se\u00f1al\u00f3 que lamentablemente&nbsp; a los rezagos hist\u00f3ricos que padecen las mujeres, como son la falta de oportunidad de empleo, educaci\u00f3n, salud y desigualdad laboral, ahora tambi\u00e9n hay que sumarle el recrudecimiento de la&nbsp; violencia en su contra.<\/span><\/p>\n<p style=\"text-align: justify;\">&nbsp;<\/p>\n<p class=\"x_MsoNormal\" style=\"text-align: justify;\"><span style=\"font-size: 14pt; font-family: arial, helvetica, sans-serif;\">En especial, destac\u00f3 que la pandemia del COVID- 19 se ha traducido en un incremento de la violencia intrafamiliar y de g\u00e9nero, cuyas expresiones m\u00e1s extremas son las agresiones directas, los golpes, el acoso, las violaciones y los feminicidios.<\/span><\/p>\n<p style=\"text-align: justify;\">&nbsp;<\/p>\n<p class=\"x_MsoNormal\" style=\"text-align: justify;\"><span style=\"font-size: 14pt; font-family: arial, helvetica, sans-serif;\">Ante esta situaci\u00f3n, el diputado Faustino Hern\u00e1ndez \u00c1lvarez lament\u00f3 que el gobierno federal ha manifestado una gran insensibilidad y desd\u00e9n, por lo que a nivel estatal no se puede seguir guardando silencio.<\/span><\/p>\n<p style=\"text-align: justify;\">&nbsp;<\/p>\n<p class=\"x_MsoNormal\" style=\"text-align: justify;\"><span style=\"font-size: 14pt; font-family: arial, helvetica, sans-serif;\">\u201cSon muchas, y muy leg\u00edtimas, las demandas de las mujeres sinaloenses. Pero yo creo, que hay un reclamo que en estos momentos es primordial, y es el que tiene que ver con el respeto a la vida, a la seguridad, a la integridad f\u00edsica, a la dignidad y a los derechos humanos de las mujeres\u00bb.<\/span><\/p>\n<p style=\"text-align: justify;\">&nbsp;<\/p>\n<p class=\"x_MsoNormal\" style=\"text-align: justify;\"><span style=\"font-size: 14pt; font-family: arial, helvetica, sans-serif;\">\u201cRespetuosamente, los convoco a que seamos sensibles al clamor de nuestro tiempo, y brindemos una respuesta a las mujeres que demandan, que exigen, poner un alto a la violencia de g\u00e9nero. Tenemos la oportunidad de construir juntos un marco jur\u00eddico que contribuya a prevenir todo tipo de agresiones y violencia en contra de las mujeres\u201d, puntualiz\u00f3.<\/span><\/p>\n<p style=\"text-align: justify;\">&nbsp;<\/p>\n<p style=\"text-align: justify;\">&nbsp;<\/p>\n<p style=\"text-align: justify;\"><span style=\"font-size: 14pt; font-family: arial, helvetica, sans-serif;\">REDACCI\u00d3N\/VISI\u00d3N CIUDADANA.<\/span><\/p>\n","protected":false},"excerpt":{"rendered":"<p>Con el principal objetivo de lograr fortalecer el combate a&nbsp; la violencia contra las mujeres, el diputado local Faustino Hern\u00e1ndez \u00c1lvarez present\u00f3 nueva reforma a la Ley del Gobierno Municipal y otra a la de Acceso de las Mujeres a una Vida Libre de Violencia, a fin de obligar a los Ayuntamientos a dise\u00f1ar y [&hellip;]<\/p>\n","protected":false},"author":1,"featured_media":6787,"comment_status":"closed","ping_status":"closed","sticky":false,"template":"","format":"standard","meta":{"footnotes":""},"categories":[24],"tags":[],"ppma_author":[31],"class_list":["post-14945","post","type-post","status-publish","format-standard","has-post-thumbnail","hentry","category-relevantes"],"aioseo_notices":[],"authors":[{"term_id":31,"user_id":1,"is_guest":0,"slug":"ivan3vino","display_name":"Iv\u00e1n Trevi\u00f1o","avatar_url":{"url":"https:\/\/visionciudadana.com.mx\/oficial\/wp-content\/uploads\/2025\/09\/columna-ivan-Trevino.png","url2x":"https:\/\/visionciudadana.com.mx\/oficial\/wp-content\/uploads\/2025\/09\/columna-ivan-Trevino.png"},"0":null,"1":"","2":"","3":"","4":"","5":"","6":"","7":"","8":""}],"_links":{"self":[{"href":"https:\/\/visionciudadana.com.mx\/oficial\/wp-json\/wp\/v2\/posts\/14945","targetHints":{"allow":["GET"]}}],"collection":[{"href":"https:\/\/visionciudadana.com.mx\/oficial\/wp-json\/wp\/v2\/posts"}],"about":[{"href":"https:\/\/visionciudadana.com.mx\/oficial\/wp-json\/wp\/v2\/types\/post"}],"author":[{"embeddable":true,"href":"https:\/\/visionciudadana.com.mx\/oficial\/wp-json\/wp\/v2\/users\/1"}],"replies":[{"embeddable":true,"href":"https:\/\/visionciudadana.com.mx\/oficial\/wp-json\/wp\/v2\/comments?post=14945"}],"version-history":[{"count":1,"href":"https:\/\/visionciudadana.com.mx\/oficial\/wp-json\/wp\/v2\/posts\/14945\/revisions"}],"predecessor-version":[{"id":31385,"href":"https:\/\/visionciudadana.com.mx\/oficial\/wp-json\/wp\/v2\/posts\/14945\/revisions\/31385"}],"wp:featuredmedia":[{"embeddable":true,"href":"https:\/\/visionciudadana.com.mx\/oficial\/wp-json\/wp\/v2\/media\/6787"}],"wp:attachment":[{"href":"https:\/\/visionciudadana.com.mx\/oficial\/wp-json\/wp\/v2\/media?parent=14945"}],"wp:term":[{"taxonomy":"category","embeddable":true,"href":"https:\/\/visionciudadana.com.mx\/oficial\/wp-json\/wp\/v2\/categories?post=14945"},{"taxonomy":"post_tag","embeddable":true,"href":"https:\/\/visionciudadana.com.mx\/oficial\/wp-json\/wp\/v2\/tags?post=14945"},{"taxonomy":"author","embeddable":true,"href":"https:\/\/visionciudadana.com.mx\/oficial\/wp-json\/wp\/v2\/ppma_author?post=14945"}],"curies":[{"name":"wp","href":"https:\/\/api.w.org\/{rel}","templated":true}]}}