{"id":14944,"date":"2021-02-23T21:52:17","date_gmt":"2021-02-23T21:52:17","guid":{"rendered":"https:\/\/visionciudadana.com.mx\/prueba\/2021\/02\/23\/dif-sinaloa-se-sumara-a-las-jornadas-de-vacunacion-por-covid\/"},"modified":"2025-06-25T00:32:23","modified_gmt":"2025-06-25T00:32:23","slug":"dif-sinaloa-se-sumara-a-las-jornadas-de-vacunacion-por-covid","status":"publish","type":"post","link":"https:\/\/visionciudadana.com.mx\/oficial\/2021\/02\/23\/dif-sinaloa-se-sumara-a-las-jornadas-de-vacunacion-por-covid\/","title":{"rendered":"DIF Sinaloa se sumar\u00e1 a las jornadas de vacunaci\u00f3n por Covid"},"content":{"rendered":"<p><img fetchpriority=\"high\" decoding=\"async\" src=\"images\/Feb21\/dif_se_sumar\u00e1.PNG\" alt=\"dif se sumar\u00e1\" width=\"335\" height=\"220\" style=\"display: block; margin-left: auto; margin-right: auto;\" \/><\/p>\n<p class=\"x_MsoNormal\" style=\"text-align: justify;\" align=\"center\"><span style=\"font-size: 14pt; font-family: arial, helvetica, sans-serif;\">Ante la convocatoria emitida por el Sistema Nacional DIF, para participar durante las jornadas de vacunaci\u00f3n contra el Covid-19 emprendida por el Gobierno de la Rep\u00fablica, el Sistema DIF Sinaloa presidido por Rosy Fuentes de Ordaz, en coordinaci\u00f3n con los Sistemas DIF Municipales sumar\u00e1n a 83 personas para apoyar durante estas brigadas.<\/span><\/p>\n<p style=\"text-align: justify;\">&nbsp;<\/p>\n<p style=\"text-align: justify;\"><span style=\"font-size: 14pt; font-family: arial, helvetica, sans-serif;\">La invitaci\u00f3n se extendi\u00f3 a los Sistemas DIF Municipales, de los cuales participar\u00e1n: Culiac\u00e1n, Choix, Angostura, Elota, Guasave, Escuinapa, San Ignacio, Ahome, Rosario, Cosal\u00e1, Sinaloa municipio, Concordia, El Fuerte y Salvador Alvarado.<\/span><\/p>\n<p style=\"text-align: justify;\">&nbsp;<\/p>\n<p style=\"text-align: justify;\"><span style=\"font-size: 14pt; font-family: arial, helvetica, sans-serif;\">Como parte de este proceso, DIF Nacional convoc\u00f3 a una capacitaci\u00f3n que fue encabezada por la directora general de DIF Sinaloa, Connie Zazueta Castro, y donde participaron las y los voluntarios que se mantendr\u00e1n activos durante esta jornada.<\/span><\/p>\n<p style=\"text-align: justify;\">&nbsp;<\/p>\n<p style=\"text-align: justify;\"><span style=\"font-size: 14pt; font-family: arial, helvetica, sans-serif;\">Es importante mencionar que todo el personal contar\u00e1 con los elementos de seguridad necesarios para cuidar de su salud mientras realizan el trabajo.<\/span><\/p>\n<p style=\"text-align: justify;\">&nbsp;<\/p>\n<p style=\"text-align: justify;\"><span style=\"font-size: 14pt; font-family: arial, helvetica, sans-serif;\">Destacar que, ser\u00e1 el Sistema DIF Nacional el encargado de definir la fecha de arranque y la operatividad de dichas jornadas.<\/span><\/p>\n<p style=\"text-align: justify;\">&nbsp;<\/p>\n<p style=\"text-align: justify;\">&nbsp;<\/p>\n<p style=\"text-align: justify;\"><span style=\"font-size: 14pt; font-family: arial, helvetica, sans-serif;\">REDACCI\u00d3N\/VISI\u00d3N CIUDADANA.<\/span><\/p>\n","protected":false},"excerpt":{"rendered":"<p>Ante la convocatoria emitida por el Sistema Nacional DIF, para participar durante las jornadas de vacunaci\u00f3n contra el Covid-19 emprendida por el Gobierno de la Rep\u00fablica, el Sistema DIF Sinaloa presidido por Rosy Fuentes de Ordaz, en coordinaci\u00f3n con los Sistemas DIF Municipales sumar\u00e1n a 83 personas para apoyar durante estas brigadas. &nbsp; La invitaci\u00f3n [&hellip;]<\/p>\n","protected":false},"author":1,"featured_media":6785,"comment_status":"closed","ping_status":"closed","sticky":false,"template":"","format":"standard","meta":{"footnotes":""},"categories":[24],"tags":[],"ppma_author":[31],"class_list":["post-14944","post","type-post","status-publish","format-standard","has-post-thumbnail","hentry","category-relevantes"],"aioseo_notices":[],"authors":[{"term_id":31,"user_id":1,"is_guest":0,"slug":"ivan3vino","display_name":"Iv\u00e1n Trevi\u00f1o","avatar_url":{"url":"https:\/\/visionciudadana.com.mx\/oficial\/wp-content\/uploads\/2025\/09\/columna-ivan-Trevino.png","url2x":"https:\/\/visionciudadana.com.mx\/oficial\/wp-content\/uploads\/2025\/09\/columna-ivan-Trevino.png"},"0":null,"1":"","2":"","3":"","4":"","5":"","6":"","7":"","8":""}],"_links":{"self":[{"href":"https:\/\/visionciudadana.com.mx\/oficial\/wp-json\/wp\/v2\/posts\/14944","targetHints":{"allow":["GET"]}}],"collection":[{"href":"https:\/\/visionciudadana.com.mx\/oficial\/wp-json\/wp\/v2\/posts"}],"about":[{"href":"https:\/\/visionciudadana.com.mx\/oficial\/wp-json\/wp\/v2\/types\/post"}],"author":[{"embeddable":true,"href":"https:\/\/visionciudadana.com.mx\/oficial\/wp-json\/wp\/v2\/users\/1"}],"replies":[{"embeddable":true,"href":"https:\/\/visionciudadana.com.mx\/oficial\/wp-json\/wp\/v2\/comments?post=14944"}],"version-history":[{"count":1,"href":"https:\/\/visionciudadana.com.mx\/oficial\/wp-json\/wp\/v2\/posts\/14944\/revisions"}],"predecessor-version":[{"id":31386,"href":"https:\/\/visionciudadana.com.mx\/oficial\/wp-json\/wp\/v2\/posts\/14944\/revisions\/31386"}],"wp:featuredmedia":[{"embeddable":true,"href":"https:\/\/visionciudadana.com.mx\/oficial\/wp-json\/wp\/v2\/media\/6785"}],"wp:attachment":[{"href":"https:\/\/visionciudadana.com.mx\/oficial\/wp-json\/wp\/v2\/media?parent=14944"}],"wp:term":[{"taxonomy":"category","embeddable":true,"href":"https:\/\/visionciudadana.com.mx\/oficial\/wp-json\/wp\/v2\/categories?post=14944"},{"taxonomy":"post_tag","embeddable":true,"href":"https:\/\/visionciudadana.com.mx\/oficial\/wp-json\/wp\/v2\/tags?post=14944"},{"taxonomy":"author","embeddable":true,"href":"https:\/\/visionciudadana.com.mx\/oficial\/wp-json\/wp\/v2\/ppma_author?post=14944"}],"curies":[{"name":"wp","href":"https:\/\/api.w.org\/{rel}","templated":true}]}}