{"id":14943,"date":"2021-02-23T21:47:17","date_gmt":"2021-02-23T21:47:17","guid":{"rendered":"https:\/\/visionciudadana.com.mx\/prueba\/2021\/02\/23\/la-vacuna-una-herramienta-mas-que-no-desplaza-en-su-totalidad-acciones-de-prevencion\/"},"modified":"2025-06-25T00:32:23","modified_gmt":"2025-06-25T00:32:23","slug":"la-vacuna-una-herramienta-mas-que-no-desplaza-en-su-totalidad-acciones-de-prevencion","status":"publish","type":"post","link":"https:\/\/visionciudadana.com.mx\/oficial\/2021\/02\/23\/la-vacuna-una-herramienta-mas-que-no-desplaza-en-su-totalidad-acciones-de-prevencion\/","title":{"rendered":"La Vacuna, una herramienta m\u00e1s que no desplaza en su totalidad acciones de prevenci\u00f3n"},"content":{"rendered":"<p class=\"x_MsoNormal\">.<img fetchpriority=\"high\" decoding=\"async\" src=\"images\/Feb21\/la_vacuna_es_una.PNG\" alt=\"la vacuna es una\" width=\"396\" height=\"220\" style=\"display: block; margin-left: auto; margin-right: auto;\" \/><\/p>\n<p class=\"x_MsoNormal\" style=\"text-align: justify;\"><span style=\"font-size: 14pt; font-family: arial, helvetica, sans-serif;\">En el Estado de Sinaloa ya se est\u00e1 realizando la aplicaci\u00f3n de la vacuna contra el virus SARS- CoV-2 a personal del sector salud y adultos mayores, siguiendo el esquema de vacunaci\u00f3n de acuerdo a los protocolos planteados por el gobierno federal y las personas que se inscribieron a trav\u00e9s de la plataforma&nbsp;<a href=\"http:\/\/mivacuna.gob.mx\/\" target=\"_blank\" rel=\"noopener noreferrer\" id=\"LPlnk937199\" data-auth=\"NotApplicable\">mivacuna.gob.mx<\/a>&nbsp;pero no por eso debemos bajar la guardia.<\/span><\/p>\n<p style=\"text-align: justify;\">&nbsp;<\/p>\n<p class=\"x_MsoNormal\" style=\"text-align: justify;\"><span style=\"font-size: 14pt; font-family: arial, helvetica, sans-serif;\">El Secretario de Salud en Sinaloa, Dr. Efr\u00e9n Encinas Torres, explic\u00f3 que el hecho de aplicarse la vacuna contra el COVID-19 no significa una completa inmunidad ante este virus, por lo tanto, las acciones de protecci\u00f3n se deben continuar implementando de manera permanente entre toda la poblaci\u00f3n, la exigencia contin\u00faa siendo la misma, si no es necesario no exponerse a lugares con mucho flujo de personas estemos en el color que sea del sem\u00e1foro epidemiol\u00f3gico.<\/span><\/p>\n<p style=\"text-align: justify;\">&nbsp;<\/p>\n<p class=\"x_MsoNormal\" style=\"text-align: justify;\"><span style=\"font-size: 14pt; font-family: arial, helvetica, sans-serif;\">\u201cEfectivamente, la vacuna es una herramienta m\u00e1s indudablemente pero no desplaza en su totalidad a las acciones de prevenci\u00f3n, aun te apliques la vacuna hay que seguir con las medidas del uso de cubrebocas, la sana distancia, lavado de manos, gel alcoholado, etc., recordemos que estamos en una fase todav\u00eda de ensayos cl\u00ednicos en las que ya son miles en la fase 3 donde han demostrado la seguridad de la vacuna y la eficacia pr\u00e1cticamente arriba del 90 por ciento en la gran mayor\u00eda, de tal manera que no podemos decir ya me vacun\u00e9, no va a pasar nada, hay que continuar cuid\u00e1ndonos, desde luego es una protecci\u00f3n mucho muy importante pero no debemos de confiarnos, hay que seguir con todas las medidas de prevenci\u00f3n\u201d, declar\u00f3.<\/span><\/p>\n<p style=\"text-align: justify;\">&nbsp;<\/p>\n<p class=\"x_MsoNormal\" style=\"text-align: justify;\"><span style=\"font-size: 14pt; font-family: arial, helvetica, sans-serif;\">Reiter\u00f3 como cada ocasi\u00f3n el hecho de que no hay que bajar la guardia, la vacuna es una herramienta m\u00e1s y el tri\u00e1ngulo de la vida tenemos que utilizarlo siempre, llevarlo por delante: lavado de manos con agua y jab\u00f3n al menos durante 20 segundos, o gel alcoholado no menos de 70% de alcohol, el uso del cubrebocas, no hay duda de la utilidad que tiene bien aplicado por que te cuida y cuidamos a los dem\u00e1s e indudablemente en lo posible cuidar la sana distancia, son medidas que est\u00e1n a la mano de nosotros y que no cuestan mucho mas que la responsabilidad de hacerlo.<\/span><\/p>\n<p style=\"text-align: justify;\">&nbsp;<\/p>\n<p class=\"x_MsoNormal\" style=\"text-align: justify;\"><span style=\"font-size: 14pt; font-family: arial, helvetica, sans-serif;\">Si bien es cierto al vacunarse tarda un periodo aproximado de 15 d\u00edas para hacer efecto en el organismo de las personas, asimismo, en la mayor\u00eda de los casos es necesario aplicarse una segunda dosis para reforzar la protecci\u00f3n en las personas, dicho lo anterior se pide a la poblaci\u00f3n actuar con responsabilidad para alcanzar el mejor de los resultados frente a la actual pandemia.<\/span><\/p>\n<p style=\"text-align: justify;\">&nbsp;<\/p>\n<p class=\"x_MsoNormal\" style=\"text-align: justify;\"><span style=\"font-size: 14pt; font-family: arial, helvetica, sans-serif;\">Actualmente en Sinaloa se est\u00e1 vacunando a adultos mayores de las zonas de la periferia, aproximadamente en dos semanas llegar\u00e1n las dosis suficientes para continuar con este proceso en las zonas urbanas, se estima que para el mes de abril culmine con la vacunaci\u00f3n de los adultos mayores y dar paso a la vacunaci\u00f3n de la poblaci\u00f3n en general. Paralelamente seguir\u00e1n llegando las dosis para continuar vacunando al personal de todo el sector salud.<\/span><\/p>\n<p style=\"text-align: justify;\">&nbsp;<\/p>\n<p style=\"text-align: justify;\">&nbsp;<\/p>\n<p style=\"text-align: justify;\"><span style=\"font-size: 14pt; font-family: arial, helvetica, sans-serif;\">REDACCI\u00d3N\/VISI\u00d3N CIUDADANA.<\/span><\/p>\n","protected":false},"excerpt":{"rendered":"<p>. En el Estado de Sinaloa ya se est\u00e1 realizando la aplicaci\u00f3n de la vacuna contra el virus SARS- CoV-2 a personal del sector salud y adultos mayores, siguiendo el esquema de vacunaci\u00f3n de acuerdo a los protocolos planteados por el gobierno federal y las personas que se inscribieron a trav\u00e9s de la plataforma&nbsp;mivacuna.gob.mx&nbsp;pero no [&hellip;]<\/p>\n","protected":false},"author":1,"featured_media":6783,"comment_status":"closed","ping_status":"closed","sticky":false,"template":"","format":"standard","meta":{"footnotes":""},"categories":[24],"tags":[],"ppma_author":[31],"class_list":["post-14943","post","type-post","status-publish","format-standard","has-post-thumbnail","hentry","category-relevantes"],"aioseo_notices":[],"authors":[{"term_id":31,"user_id":1,"is_guest":0,"slug":"ivan3vino","display_name":"Iv\u00e1n Trevi\u00f1o","avatar_url":{"url":"https:\/\/visionciudadana.com.mx\/oficial\/wp-content\/uploads\/2025\/09\/columna-ivan-Trevino.png","url2x":"https:\/\/visionciudadana.com.mx\/oficial\/wp-content\/uploads\/2025\/09\/columna-ivan-Trevino.png"},"0":null,"1":"","2":"","3":"","4":"","5":"","6":"","7":"","8":""}],"_links":{"self":[{"href":"https:\/\/visionciudadana.com.mx\/oficial\/wp-json\/wp\/v2\/posts\/14943","targetHints":{"allow":["GET"]}}],"collection":[{"href":"https:\/\/visionciudadana.com.mx\/oficial\/wp-json\/wp\/v2\/posts"}],"about":[{"href":"https:\/\/visionciudadana.com.mx\/oficial\/wp-json\/wp\/v2\/types\/post"}],"author":[{"embeddable":true,"href":"https:\/\/visionciudadana.com.mx\/oficial\/wp-json\/wp\/v2\/users\/1"}],"replies":[{"embeddable":true,"href":"https:\/\/visionciudadana.com.mx\/oficial\/wp-json\/wp\/v2\/comments?post=14943"}],"version-history":[{"count":1,"href":"https:\/\/visionciudadana.com.mx\/oficial\/wp-json\/wp\/v2\/posts\/14943\/revisions"}],"predecessor-version":[{"id":31387,"href":"https:\/\/visionciudadana.com.mx\/oficial\/wp-json\/wp\/v2\/posts\/14943\/revisions\/31387"}],"wp:featuredmedia":[{"embeddable":true,"href":"https:\/\/visionciudadana.com.mx\/oficial\/wp-json\/wp\/v2\/media\/6783"}],"wp:attachment":[{"href":"https:\/\/visionciudadana.com.mx\/oficial\/wp-json\/wp\/v2\/media?parent=14943"}],"wp:term":[{"taxonomy":"category","embeddable":true,"href":"https:\/\/visionciudadana.com.mx\/oficial\/wp-json\/wp\/v2\/categories?post=14943"},{"taxonomy":"post_tag","embeddable":true,"href":"https:\/\/visionciudadana.com.mx\/oficial\/wp-json\/wp\/v2\/tags?post=14943"},{"taxonomy":"author","embeddable":true,"href":"https:\/\/visionciudadana.com.mx\/oficial\/wp-json\/wp\/v2\/ppma_author?post=14943"}],"curies":[{"name":"wp","href":"https:\/\/api.w.org\/{rel}","templated":true}]}}