{"id":14942,"date":"2021-02-23T21:40:24","date_gmt":"2021-02-23T21:40:24","guid":{"rendered":"https:\/\/visionciudadana.com.mx\/prueba\/2021\/02\/23\/los-gobiernos-obligados-a-ser-mas-eficientes-en-la-vacunacion-contra-covid-19\/"},"modified":"2025-06-25T00:32:24","modified_gmt":"2025-06-25T00:32:24","slug":"los-gobiernos-obligados-a-ser-mas-eficientes-en-la-vacunacion-contra-covid-19","status":"publish","type":"post","link":"https:\/\/visionciudadana.com.mx\/oficial\/2021\/02\/23\/los-gobiernos-obligados-a-ser-mas-eficientes-en-la-vacunacion-contra-covid-19\/","title":{"rendered":"Los gobiernos obligados a ser m\u00e1s eficientes en la vacunaci\u00f3n contra COVID 19"},"content":{"rendered":"<div style=\"text-align: justify;\"><img fetchpriority=\"high\" decoding=\"async\" src=\"images\/Feb21\/los_gobiernos_pas.PNG\" alt=\"los gobiernos pas\" width=\"360\" height=\"224\" style=\"display: block; margin-left: auto; margin-right: auto;\" \/><\/p>\n<p><span style=\"font-size: 14pt; font-family: arial, helvetica, sans-serif;\">En EUA se est\u00e1n aplicando hasta 2 millones de personas al d\u00eda, lamentablemente en M\u00e9xico hasta el momento solo se han inoculado alrededor de 1 mill\u00f3n 700 mil mexicanos, lo cual marca una diferencia abismal, coment\u00f3 H\u00e9ctor Melesio Cu\u00e9n Ojeda.<\/span><\/div>\n<div style=\"text-align: justify;\">\n<p><span style=\"font-size: 14pt; font-family: arial, helvetica, sans-serif;\">Ciertamente, en este momento la limitaci\u00f3n es que no contamos con las vacunas suficientes, pero tambi\u00e9n influye la deficiencia de los gobiernos, dado que le dan m\u00e1s importancia al manejo medi\u00e1tico, espec\u00edficamente el tomarse fotos cuando llegan lotes de vacunas.<\/span><\/div>\n<div style=\"text-align: justify;\">\n<p><span style=\"font-size: 14pt; font-family: arial, helvetica, sans-serif;\">Cu\u00e9n Ojeda reconoci\u00f3 la medida tomada por Joe Biden, presidente de los EUA en nombrar como su brazo derecho a Anthony Fauci, inmun\u00f3logo reconocido a nivel mundial, para la definici\u00f3n de medidas ante la pandemia del COVID 19, eso es lo que deber\u00eda de hacerse aqu\u00ed en M\u00e9xico y en Sinaloa, tomar en cuenta a los especialistas de la salud en pandemias, para que las decisiones que se tomen sean sobre la base cient\u00edfica y no con criterios pol\u00edticos.<\/span><\/div>\n<div style=\"text-align: justify;\">\n<p><span style=\"font-size: 14pt; font-family: arial, helvetica, sans-serif;\">Es necesario reconocer que el gobierno federal ya conveni\u00f3 la compra de 232 millones de dosis de vacuna con diferentes pa\u00edses que la producen, d\u00f3nde est\u00e1 la rusa, la china y otras m\u00e1s. Estas dosis llegar\u00e1n en los siguientes meses y ser\u00e1n suficientes para inmunizar a los 126 millones de mexicanos que arroj\u00f3 el \u00faltimo censo aplicado por el INEGI, pero para asegurar lo anterior es obligado contar con una estrategia adecuada del plan de vacunaci\u00f3n, ah\u00ed tenemos el ejemplo de la Universidad Aut\u00f3noma de Sinaloa que ya tiene dispuestos alrededor de 2 mil 700 voluntarios que son aproximadamente el 90 % de las brigadas.<\/span><\/div>\n<div style=\"text-align: justify;\">\n<p><span style=\"font-size: 14pt; font-family: arial, helvetica, sans-serif;\">Cu\u00e9n Ojeda proyecto que en M\u00e9xico pasar\u00e1 todo el a\u00f1o 2021 y no alcanzaremos inmunizar al 100 % de los mexicanos, sobre todo por la experiencia que tenemos de la forma en que nos est\u00e1n llegando los lotes de vacunas, sin embargo, tambi\u00e9n asever\u00f3 que en los pr\u00f3ximos 3-4 meses habr\u00e1 una sobre oferta de vacunas dado la carrera que se est\u00e1 dando a nivel mundial en la producci\u00f3n de ellas. Por ejemplo, en Cuba se est\u00e1 trabajando en la tercera etapa de la elaboraci\u00f3n de este f\u00e1rmaco y se habla de que con la aplicaci\u00f3n de 3 dosis se adquirir\u00e1 inmunidad permanente contra el COVID.<\/span><\/div>\n<div style=\"text-align: justify;\">\n<p><span style=\"font-size: 14pt; font-family: arial, helvetica, sans-serif;\">Finalmente, Cu\u00e9n Ojeda exhort\u00f3 a las autoridades a que no le apuesten todo a las vacunas, hay otro tipo de medidas precautorias que tienen que llevarse a cabo como lo es el uso del cubrebocas, la sana distancia y una comunicaci\u00f3n fluida entre los gobiernos y los gobernados.<\/span><\/div>\n<div style=\"text-align: justify;\">&nbsp;<\/div>\n<div style=\"text-align: justify;\">&nbsp;<\/div>\n<div style=\"text-align: justify;\">&nbsp;<\/div>\n<div style=\"text-align: justify;\"><span style=\"font-size: 14pt; font-family: arial, helvetica, sans-serif;\">REDACCI\u00d3N\/VISI\u00d3N CIUDADANA.<\/span><\/div>\n","protected":false},"excerpt":{"rendered":"<p>En EUA se est\u00e1n aplicando hasta 2 millones de personas al d\u00eda, lamentablemente en M\u00e9xico hasta el momento solo se han inoculado alrededor de 1 mill\u00f3n 700 mil mexicanos, lo cual marca una diferencia abismal, coment\u00f3 H\u00e9ctor Melesio Cu\u00e9n Ojeda. Ciertamente, en este momento la limitaci\u00f3n es que no contamos con las vacunas suficientes, pero [&hellip;]<\/p>\n","protected":false},"author":1,"featured_media":6781,"comment_status":"closed","ping_status":"closed","sticky":false,"template":"","format":"standard","meta":{"footnotes":""},"categories":[24],"tags":[],"ppma_author":[31],"class_list":["post-14942","post","type-post","status-publish","format-standard","has-post-thumbnail","hentry","category-relevantes"],"aioseo_notices":[],"authors":[{"term_id":31,"user_id":1,"is_guest":0,"slug":"ivan3vino","display_name":"Iv\u00e1n Trevi\u00f1o","avatar_url":{"url":"https:\/\/visionciudadana.com.mx\/oficial\/wp-content\/uploads\/2025\/09\/columna-ivan-Trevino.png","url2x":"https:\/\/visionciudadana.com.mx\/oficial\/wp-content\/uploads\/2025\/09\/columna-ivan-Trevino.png"},"0":null,"1":"","2":"","3":"","4":"","5":"","6":"","7":"","8":""}],"_links":{"self":[{"href":"https:\/\/visionciudadana.com.mx\/oficial\/wp-json\/wp\/v2\/posts\/14942","targetHints":{"allow":["GET"]}}],"collection":[{"href":"https:\/\/visionciudadana.com.mx\/oficial\/wp-json\/wp\/v2\/posts"}],"about":[{"href":"https:\/\/visionciudadana.com.mx\/oficial\/wp-json\/wp\/v2\/types\/post"}],"author":[{"embeddable":true,"href":"https:\/\/visionciudadana.com.mx\/oficial\/wp-json\/wp\/v2\/users\/1"}],"replies":[{"embeddable":true,"href":"https:\/\/visionciudadana.com.mx\/oficial\/wp-json\/wp\/v2\/comments?post=14942"}],"version-history":[{"count":1,"href":"https:\/\/visionciudadana.com.mx\/oficial\/wp-json\/wp\/v2\/posts\/14942\/revisions"}],"predecessor-version":[{"id":31388,"href":"https:\/\/visionciudadana.com.mx\/oficial\/wp-json\/wp\/v2\/posts\/14942\/revisions\/31388"}],"wp:featuredmedia":[{"embeddable":true,"href":"https:\/\/visionciudadana.com.mx\/oficial\/wp-json\/wp\/v2\/media\/6781"}],"wp:attachment":[{"href":"https:\/\/visionciudadana.com.mx\/oficial\/wp-json\/wp\/v2\/media?parent=14942"}],"wp:term":[{"taxonomy":"category","embeddable":true,"href":"https:\/\/visionciudadana.com.mx\/oficial\/wp-json\/wp\/v2\/categories?post=14942"},{"taxonomy":"post_tag","embeddable":true,"href":"https:\/\/visionciudadana.com.mx\/oficial\/wp-json\/wp\/v2\/tags?post=14942"},{"taxonomy":"author","embeddable":true,"href":"https:\/\/visionciudadana.com.mx\/oficial\/wp-json\/wp\/v2\/ppma_author?post=14942"}],"curies":[{"name":"wp","href":"https:\/\/api.w.org\/{rel}","templated":true}]}}