{"id":14916,"date":"2021-02-18T02:47:25","date_gmt":"2021-02-18T02:47:25","guid":{"rendered":"https:\/\/visionciudadana.com.mx\/prueba\/2021\/02\/18\/toman-protesta-presidencias-de-los-consejos-distritales-y-municipales-electorales\/"},"modified":"2025-06-25T00:32:24","modified_gmt":"2025-06-25T00:32:24","slug":"toman-protesta-presidencias-de-los-consejos-distritales-y-municipales-electorales","status":"publish","type":"post","link":"https:\/\/visionciudadana.com.mx\/oficial\/2021\/02\/18\/toman-protesta-presidencias-de-los-consejos-distritales-y-municipales-electorales\/","title":{"rendered":"Toman protesta presidencias de los consejos distritales y municipales electorales"},"content":{"rendered":"<p><img fetchpriority=\"high\" decoding=\"async\" src=\"images\/Feb21\/toman_protest_consejos.PNG\" alt=\"toman protest consejos\" width=\"372\" height=\"200\" style=\"display: block; margin-left: auto; margin-right: auto;\" \/><\/p>\n<p style=\"text-align: justify;\"><span style=\"font-size: 14pt; font-family: arial, helvetica, sans-serif;\">La Consejera Presidenta del Instituto Electoral del Estado de Sinaloa (IEES), Karla Gabriela Peraza Zazueta les tom\u00f3 protesta de manera virtual a las y los integrantes que presidir\u00e1n los Consejos Distritales y Municipales Electorales que fungir\u00e1n durante el Proceso Electoral Local 2020-2021.<\/span><\/p>\n<p style=\"text-align: justify;\">&nbsp;<\/p>\n<p style=\"text-align: justify;\"><span style=\"font-size: 14pt; font-family: arial, helvetica, sans-serif;\">Al darles la bienvenida, Peraza Zazueta ponder\u00f3 que hoy comienza una parte fundamental en donde la ciudadan\u00eda se integra para participar en la legalidad, vigilancia y operatividad de las distintas etapas del proceso, en aras de brindar una mayor credibilidad en las acciones que realiza el Instituto.<\/span><\/p>\n<p style=\"text-align: justify;\">&nbsp;<\/p>\n<p style=\"text-align: justify;\"><span style=\"font-size: 14pt; font-family: arial, helvetica, sans-serif;\">Subray\u00f3 que actualmente, como organismo electoral se enfrentan a un gran reto, ya que adem\u00e1s de lo que habitualmente representa cada proceso electoral, en esta ocasi\u00f3n se tiene un contexto de pandemia, lo que obliga a cambiar la modalidad de trabajo, privilegiando el cuidado de la salud, pero de igual forma, sacando adelante las tareas esenciales de manera virtual y con las medidas sanitarias pertinentes.<\/span><\/p>\n<p style=\"text-align: justify;\">&nbsp;<\/p>\n<p style=\"text-align: justify;\"><span style=\"font-size: 14pt; font-family: arial, helvetica, sans-serif;\">Fue por medio de una plataforma de videoconferencia y organizados en tres bloques a partir de las 10 de la ma\u00f1ana, en que las y los Consejeros Electorales del IEES presidieron la asunci\u00f3n al cargo de 18 hombres y 18 mujeres, atendiendo con ello el cumplimiento del principio de paridad de g\u00e9nero.<\/span><\/p>\n<p style=\"text-align: justify;\">&nbsp;<\/p>\n<p style=\"text-align: justify;\"><span style=\"font-size: 14pt; font-family: arial, helvetica, sans-serif;\">El primer grupo fue presentado por los Consejeros \u00d3scar S\u00e1nchez F\u00e9lix y Jorge Alberto de la Herr\u00e1n Garc\u00eda; mientras que el siguiente bloque fue atendido por la Consejera Perla Lyzette Bueno Torres y el Consejero Mart\u00edn Alfonso Inzunza Guti\u00e9rrez; finalmente el \u00faltimo segmento estuvo a cargo de la Consejera Gloria Icela Garc\u00eda Cuadras y el Consejero Rafael Berm\u00fadez Soto.<\/span><\/p>\n<p style=\"text-align: justify;\">&nbsp;<\/p>\n<p style=\"text-align: justify;\"><span style=\"font-size: 14pt; font-family: arial, helvetica, sans-serif;\">Cabe destacar que en el periodo establecido para esta convocatoria fue del 17 de septiembre al 09 de octubre de 2020, con una ampliaci\u00f3n del 12 al 16 del mismo mes, para los municipios de Sinaloa, Badiraguato, Mocorito, Elota y Concordia; resultando en total una recepci\u00f3n de 757 solicitudes, en el que 377 correspondieron a hombres y 380 a mujeres, con lo que se cumpli\u00f3 satisfactoriamente la intenci\u00f3n de registros en cada uno de los municipios.<\/span><\/p>\n<p style=\"text-align: justify;\">&nbsp;<\/p>\n<p style=\"text-align: justify;\"><span style=\"font-size: 14pt; font-family: arial, helvetica, sans-serif;\">Posteriormente la Comisi\u00f3n de Organizaci\u00f3n, realiz\u00f3 entre los d\u00edas 19 y 29 de octubre la verificaci\u00f3n del cumplimiento de los requisitos legales y aprob\u00f3 la relaci\u00f3n de 737 aspirantes que cumplieron con la normatividad y que pasaron a la etapa de valoraci\u00f3n curricular y la entrevista, las cuales estuvieron a cargo de las Consejer\u00edas Electorales del IEES. Finalmente entre el 7 y el 23 de diciembre se realiz\u00f3 la lista de propuestas y su posterior integraci\u00f3n y aprobaci\u00f3n.<\/span><\/p>\n<p style=\"text-align: justify;\">&nbsp;<\/p>\n<p style=\"text-align: justify;\"><span style=\"font-size: 14pt; font-family: arial, helvetica, sans-serif;\">Cabe destacar que en todo el proceso para integrar los Consejos Distritales y Municipales Electorales, desde la recepci\u00f3n de documentos, pasando por el examen y las entrevistas, se aplicaron los protocolos sanitarios para evitar contagios de la Covid-19, y en su caso, tambi\u00e9n se emplearon las plataformas digitales para realizar las pl\u00e1ticas virtuales y las evaluaciones de conocimientos.<\/span><\/p>\n<p style=\"text-align: justify;\">&nbsp;<\/p>\n<p style=\"text-align: justify;\">&nbsp;<\/p>\n<p style=\"text-align: justify;\"><span style=\"font-size: 14pt; font-family: arial, helvetica, sans-serif;\">REDACCI\u00d3N\/VISI\u00d3N CIUDADANA.<\/span><\/p>\n","protected":false},"excerpt":{"rendered":"<p>La Consejera Presidenta del Instituto Electoral del Estado de Sinaloa (IEES), Karla Gabriela Peraza Zazueta les tom\u00f3 protesta de manera virtual a las y los integrantes que presidir\u00e1n los Consejos Distritales y Municipales Electorales que fungir\u00e1n durante el Proceso Electoral Local 2020-2021. &nbsp; Al darles la bienvenida, Peraza Zazueta ponder\u00f3 que hoy comienza una parte [&hellip;]<\/p>\n","protected":false},"author":1,"featured_media":6748,"comment_status":"closed","ping_status":"closed","sticky":false,"template":"","format":"standard","meta":{"footnotes":""},"categories":[13],"tags":[],"ppma_author":[31],"class_list":["post-14916","post","type-post","status-publish","format-standard","has-post-thumbnail","hentry","category-locales"],"aioseo_notices":[],"authors":[{"term_id":31,"user_id":1,"is_guest":0,"slug":"ivan3vino","display_name":"Iv\u00e1n Trevi\u00f1o","avatar_url":{"url":"https:\/\/visionciudadana.com.mx\/oficial\/wp-content\/uploads\/2025\/09\/columna-ivan-Trevino.png","url2x":"https:\/\/visionciudadana.com.mx\/oficial\/wp-content\/uploads\/2025\/09\/columna-ivan-Trevino.png"},"0":null,"1":"","2":"","3":"","4":"","5":"","6":"","7":"","8":""}],"_links":{"self":[{"href":"https:\/\/visionciudadana.com.mx\/oficial\/wp-json\/wp\/v2\/posts\/14916","targetHints":{"allow":["GET"]}}],"collection":[{"href":"https:\/\/visionciudadana.com.mx\/oficial\/wp-json\/wp\/v2\/posts"}],"about":[{"href":"https:\/\/visionciudadana.com.mx\/oficial\/wp-json\/wp\/v2\/types\/post"}],"author":[{"embeddable":true,"href":"https:\/\/visionciudadana.com.mx\/oficial\/wp-json\/wp\/v2\/users\/1"}],"replies":[{"embeddable":true,"href":"https:\/\/visionciudadana.com.mx\/oficial\/wp-json\/wp\/v2\/comments?post=14916"}],"version-history":[{"count":1,"href":"https:\/\/visionciudadana.com.mx\/oficial\/wp-json\/wp\/v2\/posts\/14916\/revisions"}],"predecessor-version":[{"id":31395,"href":"https:\/\/visionciudadana.com.mx\/oficial\/wp-json\/wp\/v2\/posts\/14916\/revisions\/31395"}],"wp:featuredmedia":[{"embeddable":true,"href":"https:\/\/visionciudadana.com.mx\/oficial\/wp-json\/wp\/v2\/posts\/6748"}],"wp:attachment":[{"href":"https:\/\/visionciudadana.com.mx\/oficial\/wp-json\/wp\/v2\/media?parent=14916"}],"wp:term":[{"taxonomy":"category","embeddable":true,"href":"https:\/\/visionciudadana.com.mx\/oficial\/wp-json\/wp\/v2\/categories?post=14916"},{"taxonomy":"post_tag","embeddable":true,"href":"https:\/\/visionciudadana.com.mx\/oficial\/wp-json\/wp\/v2\/tags?post=14916"},{"taxonomy":"author","embeddable":true,"href":"https:\/\/visionciudadana.com.mx\/oficial\/wp-json\/wp\/v2\/ppma_author?post=14916"}],"curies":[{"name":"wp","href":"https:\/\/api.w.org\/{rel}","templated":true}]}}