{"id":14915,"date":"2021-02-18T02:41:19","date_gmt":"2021-02-18T02:41:19","guid":{"rendered":"https:\/\/visionciudadana.com.mx\/prueba\/2021\/02\/18\/coepriss-alerta-sobre-la-comercializacion-ilegal-de-vacunas-contra-el-covid\/"},"modified":"2025-06-25T00:32:25","modified_gmt":"2025-06-25T00:32:25","slug":"coepriss-alerta-sobre-la-comercializacion-ilegal-de-vacunas-contra-el-covid","status":"publish","type":"post","link":"https:\/\/visionciudadana.com.mx\/oficial\/2021\/02\/18\/coepriss-alerta-sobre-la-comercializacion-ilegal-de-vacunas-contra-el-covid\/","title":{"rendered":"Coepriss alerta sobre la comercializaci\u00f3n ilegal de vacunas contra el COVID"},"content":{"rendered":"<p>&nbsp;<\/p>\n<p class=\"x_MsoNormal\"><b><span style=\"font-family: verdana, sans-serif; font-size: large;\">&nbsp;<img fetchpriority=\"high\" decoding=\"async\" src=\"images\/Feb21\/alertan_sobre.PNG\" alt=\"alertan sobre\" width=\"424\" height=\"216\" style=\"display: block; margin-left: auto; margin-right: auto;\" \/><\/span><\/b><\/p>\n<p class=\"x_MsoNormal\" style=\"text-align: justify;\"><span style=\"font-family: arial, helvetica, sans-serif; font-size: 14pt;\">A la fecha ninguna empresa o laboratorio privado cuenta con autorizaci\u00f3n para la importaci\u00f3n y comercializaci\u00f3n en territorio nacional de la vacuna contra la COVID-19, por tal motivo la Coepriss alerta a la poblaci\u00f3n no solo para que no se deje enga\u00f1ar con el comercio ilegal sino que no ponga en riesgo su salud al adquirir productos de dudosa procedencia.<\/span><\/p>\n<p style=\"text-align: justify;\">&nbsp;<\/p>\n<p class=\"x_MsoNormal\" style=\"text-align: justify;\"><span style=\"font-family: arial, helvetica, sans-serif; font-size: 14pt;\">Jorge Alan Urbina Vidales, comisionado estatal para la Protecci\u00f3n contra Riesgos Sanitarios de Sinaloa (Coepriss), inform\u00f3 que la Secretar\u00eda de Salud en la entidad, a trav\u00e9s del \u00f3rgano sanitario, ha replicado las alertas sanitarias emitidas por la Comisi\u00f3n Federal para la Protecci\u00f3n contra Riesgos Sanitarios (Cofepris) sobre la comercializaci\u00f3n ilegal de vacunas.<\/span><\/p>\n<p style=\"text-align: justify;\">&nbsp;<\/p>\n<p class=\"x_MsoNormal\" style=\"text-align: justify;\"><span style=\"font-family: arial, helvetica, sans-serif; font-size: 14pt;\">\u201cEn M\u00e9xico, la aplicaci\u00f3n de la vacuna contra el COVID-19 es gratuita y universal, adem\u00e1s se mantiene la vigilancia sanitaria para evitar que los productos no representen riesgos para la salud humana\u201d, advirti\u00f3.<\/span><\/p>\n<p style=\"text-align: justify;\">&nbsp;<\/p>\n<p class=\"x_MsoNormal\" style=\"text-align: justify;\"><span style=\"font-family: arial, helvetica, sans-serif; font-size: 14pt;\">Sostuvo que en la informaci\u00f3n m\u00e1s reciente sobre el tema la Comisi\u00f3n Federal para la Protecci\u00f3n contra Riesgos Sanitarios (Cofepris), recibi\u00f3 informaci\u00f3n sobre la comercializaci\u00f3n ilegal de la vacuna contra la COVID-19 de Pfizer, S.A. de C.V., a trav\u00e9s de p\u00e1ginas web falsas atribuidas al Laboratorio M\u00e9dico El Chopo. Sin embargo, lament\u00f3 que se han reportado m\u00e1s casos anteriormente sobre comercializaci\u00f3n ilegal e incluso falsificaci\u00f3n de vacunas.<\/span><\/p>\n<p style=\"text-align: justify;\">&nbsp;<\/p>\n<p class=\"x_MsoNormal\" style=\"text-align: justify;\"><span style=\"font-family: arial, helvetica, sans-serif; font-size: 14pt;\">Jorge Alan Urbina Vidales insisti\u00f3 al subrayar que la aplicaci\u00f3n de la vacuna preventiva es gratuita y solo se suministra de acuerdo con la Pol\u00edtica Nacional de Vacunaci\u00f3n contra el Virus SARS-CoV-2 para la Prevenci\u00f3n del COVID-19 en M\u00e9xico, establecida por la Secretar\u00eda de Salud.<\/span><\/p>\n<p style=\"text-align: justify;\">&nbsp;<\/p>\n<p class=\"x_MsoNormal\" style=\"text-align: justify;\"><span style=\"font-family: arial, helvetica, sans-serif; font-size: 14pt;\">\u201cCualquier vacuna contra el COVID-19 que est\u00e9 a la venta a trav\u00e9s de p\u00e1ginas de internet, redes sociales, v\u00eda telef\u00f3nica, farmacias, hospitales y puntos de venta, constituye un fraude y un riesgo a la salud por ser de dudosa procedencia\u201d, enfatiz\u00f3.<\/span><\/p>\n<p style=\"text-align: justify;\">&nbsp;<\/p>\n<p class=\"x_MsoNormal\" style=\"text-align: justify;\"><span style=\"font-family: arial, helvetica, sans-serif; font-size: 14pt;\">La Coepriss recomienda no comprar sustancia alguna que se anuncie como supuesta vacuna de la empresa Pfizer, S.A. de C.V., ni de ninguna otra marca, ya que, por el momento en M\u00e9xico no est\u00e1 autorizada su venta a trav\u00e9s del sector privado.<\/span><\/p>\n<p style=\"text-align: justify;\">&nbsp;<\/p>\n<p class=\"x_MsoNormal\" style=\"text-align: justify;\"><span style=\"font-family: arial, helvetica, sans-serif; font-size: 14pt;\">Advirti\u00f3 que las personas que pudiesen haber sido v\u00edctimas de fraude al comprar y aplicarse la vacuna deber\u00e1n denunciar ante las autoridades sanitarias al establecimiento, hospital, consultorio m\u00e9dico, farmacia o cualquier otro punto de venta que ofrezca esta vacuna, en la p\u00e1gina de internet sobre Denuncias sanitarias de la Cofepris.<\/span><\/p>\n<p style=\"text-align: justify;\">&nbsp;<\/p>\n<p class=\"x_MsoNormal\" style=\"text-align: justify;\"><span style=\"font-family: arial, helvetica, sans-serif; font-size: 14pt;\">Precis\u00f3 que en el caso de que haya comprado la sustancia y \u00e9sta haya sido aplicada, puede hacer el reporte de reacciones adversas o malestares relacionados, en eReporting, o enviando un correo electr\u00f3nico a&nbsp;<a href=\"mailto:farmacovigilancia@cofepris.gob.mx\" target=\"_blank\" rel=\"noopener noreferrer\" id=\"LPlnk219645\" data-auth=\"NotApplicable\"><\/a><a href=\"mailto:farmacovigilancia@cofepris.gob.mx\">farmacovigilancia@cofepris.gob.mx<\/a>.<\/span><\/p>\n<p style=\"text-align: justify;\">&nbsp;<\/p>\n<p class=\"x_MsoNormal\" style=\"text-align: justify;\"><span style=\"font-family: arial, helvetica, sans-serif; font-size: 14pt;\">\u201cLa mejor vacuna es cuidarnos mutuamente\u201d, dijo Jorge Alan Urbina Vidales al destacar que la Coepriss continuar\u00e1 con las acciones de vigilancia para evitar que los productos, empresas o establecimientos incumplan con la legislaci\u00f3n sanitaria vigente y no representen un riesgo a la salud de la poblaci\u00f3n.<\/span><\/p>\n<p style=\"text-align: justify;\">&nbsp;<\/p>\n<p style=\"text-align: justify;\">&nbsp;<\/p>\n<p style=\"text-align: justify;\"><span style=\"font-size: 14pt; font-family: arial, helvetica, sans-serif;\">REDACCI\u00d3N\/VISI\u00d3N CIUDADANA.<\/span><\/p>\n<p class=\"x_MsoNormal\" style=\"text-align: justify;\"><span style=\"font-family: arial, helvetica, sans-serif; font-size: 14pt;\"><\/span><\/p>\n<p>&nbsp;<\/p>\n","protected":false},"excerpt":{"rendered":"<p>&nbsp; &nbsp; A la fecha ninguna empresa o laboratorio privado cuenta con autorizaci\u00f3n para la importaci\u00f3n y comercializaci\u00f3n en territorio nacional de la vacuna contra la COVID-19, por tal motivo la Coepriss alerta a la poblaci\u00f3n no solo para que no se deje enga\u00f1ar con el comercio ilegal sino que no ponga en riesgo su [&hellip;]<\/p>\n","protected":false},"author":1,"featured_media":6746,"comment_status":"closed","ping_status":"closed","sticky":false,"template":"","format":"standard","meta":{"footnotes":""},"categories":[13],"tags":[],"ppma_author":[31],"class_list":["post-14915","post","type-post","status-publish","format-standard","has-post-thumbnail","hentry","category-locales"],"aioseo_notices":[],"authors":[{"term_id":31,"user_id":1,"is_guest":0,"slug":"ivan3vino","display_name":"Iv\u00e1n Trevi\u00f1o","avatar_url":{"url":"https:\/\/visionciudadana.com.mx\/oficial\/wp-content\/uploads\/2025\/09\/columna-ivan-Trevino.png","url2x":"https:\/\/visionciudadana.com.mx\/oficial\/wp-content\/uploads\/2025\/09\/columna-ivan-Trevino.png"},"0":null,"1":"","2":"","3":"","4":"","5":"","6":"","7":"","8":""}],"_links":{"self":[{"href":"https:\/\/visionciudadana.com.mx\/oficial\/wp-json\/wp\/v2\/posts\/14915","targetHints":{"allow":["GET"]}}],"collection":[{"href":"https:\/\/visionciudadana.com.mx\/oficial\/wp-json\/wp\/v2\/posts"}],"about":[{"href":"https:\/\/visionciudadana.com.mx\/oficial\/wp-json\/wp\/v2\/types\/post"}],"author":[{"embeddable":true,"href":"https:\/\/visionciudadana.com.mx\/oficial\/wp-json\/wp\/v2\/users\/1"}],"replies":[{"embeddable":true,"href":"https:\/\/visionciudadana.com.mx\/oficial\/wp-json\/wp\/v2\/comments?post=14915"}],"version-history":[{"count":1,"href":"https:\/\/visionciudadana.com.mx\/oficial\/wp-json\/wp\/v2\/posts\/14915\/revisions"}],"predecessor-version":[{"id":31396,"href":"https:\/\/visionciudadana.com.mx\/oficial\/wp-json\/wp\/v2\/posts\/14915\/revisions\/31396"}],"wp:featuredmedia":[{"embeddable":true,"href":"https:\/\/visionciudadana.com.mx\/oficial\/wp-json\/wp\/v2\/posts\/6746"}],"wp:attachment":[{"href":"https:\/\/visionciudadana.com.mx\/oficial\/wp-json\/wp\/v2\/media?parent=14915"}],"wp:term":[{"taxonomy":"category","embeddable":true,"href":"https:\/\/visionciudadana.com.mx\/oficial\/wp-json\/wp\/v2\/categories?post=14915"},{"taxonomy":"post_tag","embeddable":true,"href":"https:\/\/visionciudadana.com.mx\/oficial\/wp-json\/wp\/v2\/tags?post=14915"},{"taxonomy":"author","embeddable":true,"href":"https:\/\/visionciudadana.com.mx\/oficial\/wp-json\/wp\/v2\/ppma_author?post=14915"}],"curies":[{"name":"wp","href":"https:\/\/api.w.org\/{rel}","templated":true}]}}