{"id":14914,"date":"2021-02-18T02:20:42","date_gmt":"2021-02-18T02:20:42","guid":{"rendered":"https:\/\/visionciudadana.com.mx\/prueba\/2021\/02\/18\/rehabilitara-y-equipara-dif-sinaloa-el-area-medica-del-centro-gerontologico-integral\/"},"modified":"2025-06-25T00:32:25","modified_gmt":"2025-06-25T00:32:25","slug":"rehabilitara-y-equipara-dif-sinaloa-el-area-medica-del-centro-gerontologico-integral","status":"publish","type":"post","link":"https:\/\/visionciudadana.com.mx\/oficial\/2021\/02\/18\/rehabilitara-y-equipara-dif-sinaloa-el-area-medica-del-centro-gerontologico-integral\/","title":{"rendered":"Rehabilitar\u00e1 y equipar\u00e1 DIF Sinaloa el \u00e1rea m\u00e9dica del Centro Gerontol\u00f3gico integral"},"content":{"rendered":"<p><img fetchpriority=\"high\" decoding=\"async\" src=\"images\/Feb21\/DIF_Sin._rehab.PNG\" alt=\"DIF Sin. rehab\" width=\"356\" height=\"232\" style=\"display: block; margin-left: auto; margin-right: auto;\" \/><\/p>\n<p class=\"x_MsoNormal\" align=\"center\"><b><span lang=\"ES-TRAD\"><\/span><\/b><\/p>\n<p style=\"text-align: justify;\"><span style=\"font-size: 14pt; font-family: arial, helvetica, sans-serif;\">Como parte del fortalecimiento al Centro Gerontol\u00f3gico Integral (CGI) y a la entrega de un valioso donativo de la empresa Triguideal, la presidenta del Sistema DIF Sinaloa, Rosy Fuentes de Ordaz, arranc\u00f3 los trabajos de mejora al \u00e1rea m\u00e9dica, en la cual se brindar\u00e1 mejor atenci\u00f3n a los adultos mayores que viven en este espacio.<\/span><\/p>\n<p style=\"text-align: justify;\">&nbsp;<\/p>\n<p style=\"text-align: justify;\"><span style=\"font-size: 14pt; font-family: arial, helvetica, sans-serif;\">La presidenta de DIF Sinaloa, en compa\u00f1\u00eda de Gontran Mendoza Vargas, propietario de Triguideal y de Connie Zazueta Castro, directora general de DIF Estatal, expres\u00f3 que el hacer estas mejoras es una manera de dignificar su espacio, su \u00e1rea de atenci\u00f3n, en la cual&nbsp;<span lang=\"X-NONE\">se invertir\u00e1n un poco m\u00e1s de 600 mil pesos en equipamiento e infraestructura.<\/span><\/span><\/p>\n<p style=\"text-align: justify;\">&nbsp;<\/p>\n<p style=\"text-align: justify;\"><span style=\"font-size: 14pt; font-family: arial, helvetica, sans-serif;\">\u201cAs\u00ed que con este donativo vamos a equipar un \u00e1rea muy sentida, que es la sala cl\u00ednica, ellos podr\u00e1n ser atendidos de cosas cotidianas de la edad, pero sin necesidad de llevarlos a un hospital donde se pueden exponer m\u00e1s y m\u00e1s ahora con el COVID\u201d.<\/span><\/p>\n<p style=\"text-align: justify;\">&nbsp;<\/p>\n<p style=\"text-align: justify;\"><span style=\"font-size: 14pt; font-family: arial, helvetica, sans-serif;\">Destac\u00f3 que en este centro se atiende a adultos mayores, muchos de ellos en abandono total, sin embargo, el personal es muy comprometido, con mucho sentido humano, esa es la encomienda que se reitera a quienes laboran en este espacio, coment\u00f3 Fuentes de Ordaz.<\/span><\/p>\n<p style=\"text-align: justify;\">&nbsp;<\/p>\n<p style=\"text-align: justify;\"><span style=\"font-size: 14pt; font-family: arial, helvetica, sans-serif;\">Agradeci\u00f3 de manera muy especial al donante por la confianza, pues dijo, sin duda representa mucho para la instituci\u00f3n. Tambi\u00e9n agradeci\u00f3 de manera especial a todas las enfermeras que han ayudado a los adultos mayores a reactivarse y que ahora muchos de ellos son funcionales.<\/span><\/p>\n<p class=\"x_MsoNormal\" style=\"text-align: justify;\"><span lang=\"ES-TRAD\" style=\"font-size: 14pt; font-family: arial, helvetica, sans-serif;\"><\/span><\/p>\n<p class=\"x_MsoNormal\" style=\"text-align: justify;\"><span style=\"font-size: 14pt; font-family: arial, helvetica, sans-serif;\"><span lang=\"ES-TRAD\">Por su parte,&nbsp;<\/span>Gontran Mendoza Vargas, propietario de Triguideal, expres\u00f3:&nbsp;<span lang=\"ES-TRAD\">\u201cCon mucho gusto ponemos nuestro granito de arena dentro de nuestras posibilidades, y ahora que vemos la obra que est\u00e1n haciendo se magnifica la labor de todos ustedes, felicidades s\u00e9 que es mucho el trabajo que hacen, es de 24 horas, siete d\u00edas a la semana y no para. Esperemos que estas herramientas les&nbsp;ayuden a realizar su trabajo de la mejor manera en beneficio de los residentes, gracias al DIF por apoyarnos en participar en estos eventos\u201d finaliz\u00f3.<\/span><\/span><\/p>\n<p style=\"text-align: justify;\">&nbsp;<\/p>\n<p class=\"x_MsoNormal\" style=\"text-align: justify;\"><span lang=\"ES-TRAD\" style=\"font-size: 14pt; font-family: arial, helvetica, sans-serif;\">Connie Zazueta Castro, directora general de DIF Sinaloa, detall\u00f3 que se fortalecer\u00e1 esta \u00e1rea: se renovar\u00e1n todas las camas de hospital; se adquirir\u00e1 1 monitor de signos vitales, se instalar\u00e1n equipos para aumentar el almacenamiento de ox\u00edgeno m\u00e9dico, un esterilizador de material de curaci\u00f3n y un refrigerador de insulina para pacientes diab\u00e9ticos.<\/span><\/p>\n<p style=\"text-align: justify;\">&nbsp;<\/p>\n<p style=\"text-align: justify;\"><span lang=\"ES-TRAD\" style=\"font-size: 14pt; font-family: arial, helvetica, sans-serif;\">Adem\u00e1s, muebles para el \u00e1rea de enfermer\u00eda&nbsp;y consultorio m\u00e9dico. Mientras que en materia de infraestructura se har\u00e1n mejores generales.<\/span><\/p>\n<p style=\"text-align: justify;\"><span style=\"font-size: 14pt; font-family: arial, helvetica, sans-serif;\"><\/span><\/p>\n<p style=\"text-align: justify;\"><span lang=\"ES-TRAD\" style=\"font-size: 14pt; font-family: arial, helvetica, sans-serif;\">Durante el evento tambi\u00e9n estuvieron presentes Lizbeth Castro S\u00e1nchez, directora de Adulto Mayor y el Dr. Walter Antonio F\u00e9lix Perea, director del Centro Gerontol\u00f3gico Integral.<\/span><\/p>\n<p style=\"text-align: justify;\">&nbsp;<\/p>\n<p style=\"text-align: justify;\">&nbsp;<\/p>\n<p style=\"text-align: justify;\"><span style=\"font-size: 14pt; font-family: arial, helvetica, sans-serif;\">REDACCI\u00d3N\/VISI\u00d3N CIUDADANA.<\/span><\/p>\n","protected":false},"excerpt":{"rendered":"<p>Como parte del fortalecimiento al Centro Gerontol\u00f3gico Integral (CGI) y a la entrega de un valioso donativo de la empresa Triguideal, la presidenta del Sistema DIF Sinaloa, Rosy Fuentes de Ordaz, arranc\u00f3 los trabajos de mejora al \u00e1rea m\u00e9dica, en la cual se brindar\u00e1 mejor atenci\u00f3n a los adultos mayores que viven en este espacio. [&hellip;]<\/p>\n","protected":false},"author":1,"featured_media":6744,"comment_status":"closed","ping_status":"closed","sticky":false,"template":"","format":"standard","meta":{"footnotes":""},"categories":[24],"tags":[],"ppma_author":[31],"class_list":["post-14914","post","type-post","status-publish","format-standard","has-post-thumbnail","hentry","category-relevantes"],"aioseo_notices":[],"authors":[{"term_id":31,"user_id":1,"is_guest":0,"slug":"ivan3vino","display_name":"Iv\u00e1n Trevi\u00f1o","avatar_url":{"url":"https:\/\/visionciudadana.com.mx\/oficial\/wp-content\/uploads\/2025\/09\/columna-ivan-Trevino.png","url2x":"https:\/\/visionciudadana.com.mx\/oficial\/wp-content\/uploads\/2025\/09\/columna-ivan-Trevino.png"},"0":null,"1":"","2":"","3":"","4":"","5":"","6":"","7":"","8":""}],"_links":{"self":[{"href":"https:\/\/visionciudadana.com.mx\/oficial\/wp-json\/wp\/v2\/posts\/14914","targetHints":{"allow":["GET"]}}],"collection":[{"href":"https:\/\/visionciudadana.com.mx\/oficial\/wp-json\/wp\/v2\/posts"}],"about":[{"href":"https:\/\/visionciudadana.com.mx\/oficial\/wp-json\/wp\/v2\/types\/post"}],"author":[{"embeddable":true,"href":"https:\/\/visionciudadana.com.mx\/oficial\/wp-json\/wp\/v2\/users\/1"}],"replies":[{"embeddable":true,"href":"https:\/\/visionciudadana.com.mx\/oficial\/wp-json\/wp\/v2\/comments?post=14914"}],"version-history":[{"count":1,"href":"https:\/\/visionciudadana.com.mx\/oficial\/wp-json\/wp\/v2\/posts\/14914\/revisions"}],"predecessor-version":[{"id":31397,"href":"https:\/\/visionciudadana.com.mx\/oficial\/wp-json\/wp\/v2\/posts\/14914\/revisions\/31397"}],"wp:featuredmedia":[{"embeddable":true,"href":"https:\/\/visionciudadana.com.mx\/oficial\/wp-json\/wp\/v2\/posts\/6744"}],"wp:attachment":[{"href":"https:\/\/visionciudadana.com.mx\/oficial\/wp-json\/wp\/v2\/media?parent=14914"}],"wp:term":[{"taxonomy":"category","embeddable":true,"href":"https:\/\/visionciudadana.com.mx\/oficial\/wp-json\/wp\/v2\/categories?post=14914"},{"taxonomy":"post_tag","embeddable":true,"href":"https:\/\/visionciudadana.com.mx\/oficial\/wp-json\/wp\/v2\/tags?post=14914"},{"taxonomy":"author","embeddable":true,"href":"https:\/\/visionciudadana.com.mx\/oficial\/wp-json\/wp\/v2\/ppma_author?post=14914"}],"curies":[{"name":"wp","href":"https:\/\/api.w.org\/{rel}","templated":true}]}}