{"id":14913,"date":"2021-02-18T02:14:40","date_gmt":"2021-02-18T02:14:40","guid":{"rendered":"https:\/\/visionciudadana.com.mx\/prueba\/2021\/02\/18\/llega-a-sinaloa-vacuna-pfizer-para-segunda-dosis-de-personal-de-salud\/"},"modified":"2025-06-25T00:32:25","modified_gmt":"2025-06-25T00:32:25","slug":"llega-a-sinaloa-vacuna-pfizer-para-segunda-dosis-de-personal-de-salud","status":"publish","type":"post","link":"https:\/\/visionciudadana.com.mx\/oficial\/2021\/02\/18\/llega-a-sinaloa-vacuna-pfizer-para-segunda-dosis-de-personal-de-salud\/","title":{"rendered":"Llega a Sinaloa vacuna Pfizer para segunda dosis de personal de salud"},"content":{"rendered":"<p style=\"text-align: justify;\"><img fetchpriority=\"high\" decoding=\"async\" src=\"images\/Feb21\/llega_2da._dosis_vacuna.PNG\" alt=\"llega 2da. dosis vacuna\" width=\"385\" height=\"215\" style=\"display: block; margin-left: auto; margin-right: auto;\" \/><\/p>\n<p><span style=\"font-size: 14pt; font-family: arial, helvetica, sans-serif;\">El Secretario de Salud de Sinaloa, Dr. Efr\u00e9n Encinas Torres, dio a conocer la llegada de la tercera remesa de vacunas Pfizer para complementar las segundas dosis a aquellos compa\u00f1eros del sector salud que se aplicaron en la primera remesa, los cuales se encuentran en unidades m\u00e9dicas y hospitales COVID en la primera l\u00ednea de batalla.<\/span><\/p>\n<p style=\"text-align: justify;\">\n<p><span style=\"font-size: 14pt; font-family: arial, helvetica, sans-serif;\">El titular de la salud en Sinaloa, detall\u00f3 que, se trata de un total de 10 mil 725 dosis que llegaron para aplicar a todo el gremio del sector salud del personal que estuvieron en la primera l\u00ednea, esto en base a los padrones y el censo que cada director de las unidades m\u00e9dicas y hospitales COVID integraron atendiendo a la primera l\u00ednea de contacto de la enfermedad, estas vienen a reforzar m\u00e1s la protecci\u00f3n en salud.<\/span><\/p>\n<p style=\"text-align: justify;\">\n<p><span style=\"font-size: 14pt; font-family: arial, helvetica, sans-serif;\">\u201cVendr\u00e1 desde luego semanalmente las siguientes dosis para aplic\u00e1rsela a quienes ya se las aplicamos en la segunda remesa, y as\u00ed de manera paulatina cubri\u00e9ndose el resto del sector salud de las diferentes \u00e1reas, m\u00e9dicos, enfermeras, qu\u00edmicos, odont\u00f3logos, t\u00e9cnicos radi\u00f3logos, nutri\u00f3logos, etc. y as\u00ed tambi\u00e9n hospitales p\u00fablicos y privados que est\u00e1n inscritos en los padrones correspondientes y tambi\u00e9n cubriendo los primeros niveles de atenci\u00f3n y colegios de profesionistas afines a la salud\u201d, inform\u00f3.<\/span><\/p>\n<p style=\"text-align: justify;\">\n<p><span style=\"font-size: 14pt; font-family: arial, helvetica, sans-serif;\">Agreg\u00f3 que, aunado a esto tambi\u00e9n va un avance importante cerca del 40% en la aplicaci\u00f3n de la vacuna de Astrazeneca para los adultos mayores, en conjunto y dirigidos por el Gobierno Federal, Sinaloa est\u00e1 siendo receptor de este beneficio para toda la poblaci\u00f3n.<\/span><\/p>\n<p style=\"text-align: justify;\">\n<p><span style=\"font-size: 14pt; font-family: arial, helvetica, sans-serif;\">Asimismo, inst\u00f3 a la poblaci\u00f3n sinaloense a mantener siempre los cuidados posibles, pues reiter\u00f3 que, si bien la vacuna es una herramienta m\u00e1s y una luz esperanzadora, no debemos bajar la guardia y deberemos cuidarnos mucho como siempre se ha se\u00f1alado; uso de cubre boca, sana distancia y lavado continuo de manos.<\/span><\/p>\n<div style=\"text-align: justify;\"><span style=\"font-size: 14pt; font-family: arial, helvetica, sans-serif;\"><\/span><\/div>\n<div style=\"text-align: justify;\">&nbsp;<\/div>\n<div style=\"text-align: justify;\"><span style=\"font-size: 14pt; font-family: arial, helvetica, sans-serif;\">REDACCI\u00d3N\/VISI\u00d3N CIUDADANA.<\/span><\/div>\n","protected":false},"excerpt":{"rendered":"<p>El Secretario de Salud de Sinaloa, Dr. Efr\u00e9n Encinas Torres, dio a conocer la llegada de la tercera remesa de vacunas Pfizer para complementar las segundas dosis a aquellos compa\u00f1eros del sector salud que se aplicaron en la primera remesa, los cuales se encuentran en unidades m\u00e9dicas y hospitales COVID en la primera l\u00ednea de [&hellip;]<\/p>\n","protected":false},"author":1,"featured_media":6742,"comment_status":"closed","ping_status":"closed","sticky":false,"template":"","format":"standard","meta":{"footnotes":""},"categories":[24],"tags":[],"ppma_author":[31],"class_list":["post-14913","post","type-post","status-publish","format-standard","has-post-thumbnail","hentry","category-relevantes"],"aioseo_notices":[],"authors":[{"term_id":31,"user_id":1,"is_guest":0,"slug":"ivan3vino","display_name":"Iv\u00e1n Trevi\u00f1o","avatar_url":{"url":"https:\/\/visionciudadana.com.mx\/oficial\/wp-content\/uploads\/2025\/09\/columna-ivan-Trevino.png","url2x":"https:\/\/visionciudadana.com.mx\/oficial\/wp-content\/uploads\/2025\/09\/columna-ivan-Trevino.png"},"0":null,"1":"","2":"","3":"","4":"","5":"","6":"","7":"","8":""}],"_links":{"self":[{"href":"https:\/\/visionciudadana.com.mx\/oficial\/wp-json\/wp\/v2\/posts\/14913","targetHints":{"allow":["GET"]}}],"collection":[{"href":"https:\/\/visionciudadana.com.mx\/oficial\/wp-json\/wp\/v2\/posts"}],"about":[{"href":"https:\/\/visionciudadana.com.mx\/oficial\/wp-json\/wp\/v2\/types\/post"}],"author":[{"embeddable":true,"href":"https:\/\/visionciudadana.com.mx\/oficial\/wp-json\/wp\/v2\/users\/1"}],"replies":[{"embeddable":true,"href":"https:\/\/visionciudadana.com.mx\/oficial\/wp-json\/wp\/v2\/comments?post=14913"}],"version-history":[{"count":1,"href":"https:\/\/visionciudadana.com.mx\/oficial\/wp-json\/wp\/v2\/posts\/14913\/revisions"}],"predecessor-version":[{"id":31398,"href":"https:\/\/visionciudadana.com.mx\/oficial\/wp-json\/wp\/v2\/posts\/14913\/revisions\/31398"}],"wp:featuredmedia":[{"embeddable":true,"href":"https:\/\/visionciudadana.com.mx\/oficial\/wp-json\/wp\/v2\/posts\/6742"}],"wp:attachment":[{"href":"https:\/\/visionciudadana.com.mx\/oficial\/wp-json\/wp\/v2\/media?parent=14913"}],"wp:term":[{"taxonomy":"category","embeddable":true,"href":"https:\/\/visionciudadana.com.mx\/oficial\/wp-json\/wp\/v2\/categories?post=14913"},{"taxonomy":"post_tag","embeddable":true,"href":"https:\/\/visionciudadana.com.mx\/oficial\/wp-json\/wp\/v2\/tags?post=14913"},{"taxonomy":"author","embeddable":true,"href":"https:\/\/visionciudadana.com.mx\/oficial\/wp-json\/wp\/v2\/ppma_author?post=14913"}],"curies":[{"name":"wp","href":"https:\/\/api.w.org\/{rel}","templated":true}]}}