{"id":14912,"date":"2021-02-18T02:07:04","date_gmt":"2021-02-18T02:07:04","guid":{"rendered":"https:\/\/visionciudadana.com.mx\/prueba\/2021\/02\/18\/ante-reglamentacion-de-actos-de-campana-la-ss-mostro-que-son-ineficientes\/"},"modified":"2025-06-25T00:32:25","modified_gmt":"2025-06-25T00:32:25","slug":"ante-reglamentacion-de-actos-de-campana-la-ss-mostro-que-son-ineficientes","status":"publish","type":"post","link":"https:\/\/visionciudadana.com.mx\/oficial\/2021\/02\/18\/ante-reglamentacion-de-actos-de-campana-la-ss-mostro-que-son-ineficientes\/","title":{"rendered":"Ante reglamentaci\u00f3n de actos de campa\u00f1a la SS mostr\u00f3 que son ineficientes"},"content":{"rendered":"<div style=\"text-align: justify;\"><img fetchpriority=\"high\" decoding=\"async\" src=\"images\/Feb21\/ante_la_reglamen.PNG\" alt=\"ante la reglamen\" width=\"386\" height=\"217\" style=\"display: block; margin-left: auto; margin-right: auto;\" \/><br \/>&nbsp;<br \/><span style=\"font-size: 14pt; font-family: arial, helvetica, sans-serif;\">Desde el 30 de enero exhort\u00e9 al Instituto Estatal Electoral de Sinaloa (IEES) de que era necesario normar, reglamentar los actos de campa\u00f1a a realizar en este proceso electoral que ya vivimos, lo anterior para evitar conglomeraciones de gente y as\u00ed evitar m\u00e1s contagios y fallecimientos por la pandemia del COVID 19, coment\u00f3 H\u00e9ctor Melesio Cu\u00e9n Ojeda.<\/span><\/div>\n<div style=\"text-align: justify;\"><span style=\"font-size: 14pt; font-family: arial, helvetica, sans-serif;\"><\/span><br \/><span style=\"font-size: 14pt; font-family: arial, helvetica, sans-serif;\">Sin embargo, el IEES se deslinda de tal responsabilidad y le echa la bolita a la Secretar\u00eda de Salud. Con esta actitud Cu\u00e9n Ojeda \u00abacus\u00f3 que no les interesa mucho la salud de los ciudadanos y le dan m\u00e1s peso a lo material permitiendo que se lleven varios actos y con la apertura de actividades no esenciales donde el gobierno ha permitido estas acciones\u201d. Tambi\u00e9n Cu\u00e9n Ojeda exigi\u00f3 que el IEES nos informe a los partidos pol\u00edticos cu\u00e1les son las reglas que debemos seguir para que no haya tanto contacto y tantos muertos por COVID 19 en el marco de este proceso electoral.<\/span><\/div>\n<div style=\"text-align: justify;\"><span style=\"font-size: 14pt; font-family: arial, helvetica, sans-serif;\"><\/span><br \/><span style=\"font-size: 14pt; font-family: arial, helvetica, sans-serif;\">Es necesario que se pongan las reglas de c\u00f3mo se van a realizar los eventos pol\u00edticos, pero para ello se tiene que consultar a los especialistas de la salud para hacerlo sobre bases cient\u00edficas, me refiero a neum\u00f3logos, infectologos, epidemi\u00f3logos, psic\u00f3logos y microbi\u00f3logos, es decir que no se reglamente sobre criterios pol\u00edticos y si tomando en cuenta el Consejo de Salud Estatal.<\/span><\/div>\n<div style=\"text-align: justify;\"><span style=\"font-size: 14pt; font-family: arial, helvetica, sans-serif;\"><\/span><br \/><span style=\"font-size: 14pt; font-family: arial, helvetica, sans-serif;\">Cu\u00e9n Ojeda desde hace 18 d\u00edas exigi\u00f3 lo siguiente; \u201cPor ello he insistido al Instituto Nacional Electoral y desde luego al Instituto Estatal Electoral para que marquen los lineamientos y caracter\u00edsticas que debe tener esta campa\u00f1a sino se les va a salir de control, de las manos y esto es un gran peligro para la gente que inocentemente va a un mitin y es ah\u00ed donde se encuentra con el agente infeccioso y lamentablemente ocurre lo que ya conocemos.<\/span><\/div>\n<div style=\"text-align: justify;\"><span style=\"font-size: 14pt; font-family: arial, helvetica, sans-serif;\"><\/span><br \/><span style=\"font-size: 14pt; font-family: arial, helvetica, sans-serif;\">El IEES est\u00e1 obligado a marcar los lineamientos sobre este tema, es inadmisible que responda que no es su responsabilidad y la traslade a la Secretar\u00eda de Salud. As\u00ed resumi\u00f3 Cu\u00e9n Ojeda su propuesta de que sea el IEES el \u00f3rgano electoral quien intervenga en la reglamentaci\u00f3n de los pr\u00f3ximos eventos de&nbsp; campa\u00f1a electoral.<\/span><\/div>\n<div style=\"text-align: justify;\">&nbsp;<\/div>\n<div style=\"text-align: justify;\">&nbsp;<\/div>\n<div style=\"text-align: justify;\"><span style=\"font-size: 14pt; font-family: arial, helvetica, sans-serif;\">REDACCI\u00d3N\/VISI\u00d3N CIUDADANA.<\/span><\/div>\n","protected":false},"excerpt":{"rendered":"<p>&nbsp;Desde el 30 de enero exhort\u00e9 al Instituto Estatal Electoral de Sinaloa (IEES) de que era necesario normar, reglamentar los actos de campa\u00f1a a realizar en este proceso electoral que ya vivimos, lo anterior para evitar conglomeraciones de gente y as\u00ed evitar m\u00e1s contagios y fallecimientos por la pandemia del COVID 19, coment\u00f3 H\u00e9ctor Melesio [&hellip;]<\/p>\n","protected":false},"author":1,"featured_media":6740,"comment_status":"closed","ping_status":"closed","sticky":false,"template":"","format":"standard","meta":{"footnotes":""},"categories":[24],"tags":[],"ppma_author":[31],"class_list":["post-14912","post","type-post","status-publish","format-standard","has-post-thumbnail","hentry","category-relevantes"],"aioseo_notices":[],"authors":[{"term_id":31,"user_id":1,"is_guest":0,"slug":"ivan3vino","display_name":"Iv\u00e1n Trevi\u00f1o","avatar_url":{"url":"https:\/\/visionciudadana.com.mx\/oficial\/wp-content\/uploads\/2025\/09\/columna-ivan-Trevino.png","url2x":"https:\/\/visionciudadana.com.mx\/oficial\/wp-content\/uploads\/2025\/09\/columna-ivan-Trevino.png"},"0":null,"1":"","2":"","3":"","4":"","5":"","6":"","7":"","8":""}],"_links":{"self":[{"href":"https:\/\/visionciudadana.com.mx\/oficial\/wp-json\/wp\/v2\/posts\/14912","targetHints":{"allow":["GET"]}}],"collection":[{"href":"https:\/\/visionciudadana.com.mx\/oficial\/wp-json\/wp\/v2\/posts"}],"about":[{"href":"https:\/\/visionciudadana.com.mx\/oficial\/wp-json\/wp\/v2\/types\/post"}],"author":[{"embeddable":true,"href":"https:\/\/visionciudadana.com.mx\/oficial\/wp-json\/wp\/v2\/users\/1"}],"replies":[{"embeddable":true,"href":"https:\/\/visionciudadana.com.mx\/oficial\/wp-json\/wp\/v2\/comments?post=14912"}],"version-history":[{"count":1,"href":"https:\/\/visionciudadana.com.mx\/oficial\/wp-json\/wp\/v2\/posts\/14912\/revisions"}],"predecessor-version":[{"id":31399,"href":"https:\/\/visionciudadana.com.mx\/oficial\/wp-json\/wp\/v2\/posts\/14912\/revisions\/31399"}],"wp:featuredmedia":[{"embeddable":true,"href":"https:\/\/visionciudadana.com.mx\/oficial\/wp-json\/wp\/v2\/posts\/6740"}],"wp:attachment":[{"href":"https:\/\/visionciudadana.com.mx\/oficial\/wp-json\/wp\/v2\/media?parent=14912"}],"wp:term":[{"taxonomy":"category","embeddable":true,"href":"https:\/\/visionciudadana.com.mx\/oficial\/wp-json\/wp\/v2\/categories?post=14912"},{"taxonomy":"post_tag","embeddable":true,"href":"https:\/\/visionciudadana.com.mx\/oficial\/wp-json\/wp\/v2\/tags?post=14912"},{"taxonomy":"author","embeddable":true,"href":"https:\/\/visionciudadana.com.mx\/oficial\/wp-json\/wp\/v2\/ppma_author?post=14912"}],"curies":[{"name":"wp","href":"https:\/\/api.w.org\/{rel}","templated":true}]}}