{"id":14911,"date":"2021-02-18T02:02:00","date_gmt":"2021-02-18T02:02:00","guid":{"rendered":"https:\/\/visionciudadana.com.mx\/prueba\/2021\/02\/18\/entrega-gobierno-de-culiacan-uniformes-y-patrullas-a-la-sspytm\/"},"modified":"2025-06-25T00:32:25","modified_gmt":"2025-06-25T00:32:25","slug":"entrega-gobierno-de-culiacan-uniformes-y-patrullas-a-la-sspytm","status":"publish","type":"post","link":"https:\/\/visionciudadana.com.mx\/oficial\/2021\/02\/18\/entrega-gobierno-de-culiacan-uniformes-y-patrullas-a-la-sspytm\/","title":{"rendered":"Entrega Gobierno de Culiac\u00e1n uniformes y patrullas a la SSPyTM"},"content":{"rendered":"<p>&nbsp;<\/p>\n<p><img fetchpriority=\"high\" decoding=\"async\" src=\"images\/Feb21\/uniformes_policia_cln.PNG\" alt=\"uniformes policia cln\" width=\"347\" height=\"195\" style=\"display: block; margin-left: auto; margin-right: auto;\" \/><\/p>\n<p class=\"x_MsoNormal\" style=\"text-align: justify;\"><span style=\"font-size: 14pt; font-family: arial, helvetica, sans-serif;\">El alcalde Lic. Jes\u00fas Estrada Ferreiro, hizo entrega de un total de 1,343 uniformes completos y 3 unidades Pick <\/span><span style=\"font-size: 14pt; font-family: arial, helvetica, sans-serif;\">Up equipadas como patrullas a elementos de la Secretar\u00eda de Seguridad P\u00fablica y Tr\u00e1nsito Municipal con una inversi\u00f3n aproximada a los 9.5 millones de pesos con recursos provenientes del proyecto de Fortaseg 2020.<\/span><\/p>\n<p style=\"text-align: justify;\">&nbsp;<\/p>\n<p class=\"x_MsoNormal\" style=\"text-align: justify;\"><span style=\"font-size: 14pt; font-family: arial, helvetica, sans-serif;\">Durante la ceremonia, llevada a cabo al interior del Parque 87, el presidente municipal mencion\u00f3 que estas acciones van encaminadas a fortalecer las labores de prevenci\u00f3n y seguridad que los polic\u00edas realizan de manera cotidiana a favor del bienestar de la poblaci\u00f3n.<\/span><\/p>\n<p style=\"text-align: justify;\">&nbsp;<\/p>\n<p class=\"x_MsoNormal\" style=\"text-align: justify;\"><span style=\"font-size: 14pt; font-family: arial, helvetica, sans-serif;\">A pesar de seguir padeciendo limitaciones financieras a causa de la complicada situaci\u00f3n que se vive por la actual contingencia sanitaria, se logr\u00f3 sacar adelante este esfuerzo extraordinario para mejorar las condiciones laborales de los agentes.<\/span><\/p>\n<p style=\"text-align: justify;\">&nbsp;<\/p>\n<p class=\"x_MsoNormal\" style=\"text-align: justify;\"><span style=\"font-size: 14pt; font-family: arial, helvetica, sans-serif;\">Los uniformes entregados constan de vestimenta completa y calzado, de los cuales la polic\u00eda municipal recibi\u00f3 910 y la unidad de tr\u00e1nsito 433.<\/span><\/p>\n<p style=\"text-align: justify;\">&nbsp;<\/p>\n<p class=\"x_MsoNormal\" style=\"text-align: justify;\"><span style=\"font-size: 14pt; font-family: arial, helvetica, sans-serif;\">\u00d3scar Guinto Marmolejo, titular de la SSPyTM, resalt\u00f3 la importancia de contar con este tipo de apoyos para reconocer y dignificar las funciones de los polic\u00edas, pues son indispensables para el \u00f3ptimo desarrollo y operatividad en la labor de salvaguardar la integridad f\u00edsica y el patrimonio de la sociedad.<\/span><\/p>\n<p style=\"text-align: justify;\">&nbsp;<\/p>\n<p class=\"x_MsoNormal\" style=\"text-align: justify;\"><span style=\"font-size: 14pt; font-family: arial, helvetica, sans-serif;\">Por tal motivo, reiter\u00f3 el compromiso de la corporaci\u00f3n de portar el uniforme con lealtad y orgullo, velando por el bienestar de los culiacanenses.<\/span><\/p>\n<p style=\"text-align: justify;\">&nbsp;<\/p>\n<p style=\"text-align: justify;\"><span style=\"font-size: 14pt; font-family: arial, helvetica, sans-serif;\">REDACCI\u00d3N\/VISI\u00d3N CIUDADANA.<\/span><\/p>\n","protected":false},"excerpt":{"rendered":"<p>&nbsp; El alcalde Lic. Jes\u00fas Estrada Ferreiro, hizo entrega de un total de 1,343 uniformes completos y 3 unidades Pick Up equipadas como patrullas a elementos de la Secretar\u00eda de Seguridad P\u00fablica y Tr\u00e1nsito Municipal con una inversi\u00f3n aproximada a los 9.5 millones de pesos con recursos provenientes del proyecto de Fortaseg 2020. &nbsp; Durante [&hellip;]<\/p>\n","protected":false},"author":1,"featured_media":6738,"comment_status":"closed","ping_status":"closed","sticky":false,"template":"","format":"standard","meta":{"footnotes":""},"categories":[13],"tags":[],"ppma_author":[31],"class_list":["post-14911","post","type-post","status-publish","format-standard","has-post-thumbnail","hentry","category-locales"],"aioseo_notices":[],"authors":[{"term_id":31,"user_id":1,"is_guest":0,"slug":"ivan3vino","display_name":"Iv\u00e1n Trevi\u00f1o","avatar_url":{"url":"https:\/\/visionciudadana.com.mx\/oficial\/wp-content\/uploads\/2025\/09\/columna-ivan-Trevino.png","url2x":"https:\/\/visionciudadana.com.mx\/oficial\/wp-content\/uploads\/2025\/09\/columna-ivan-Trevino.png"},"0":null,"1":"","2":"","3":"","4":"","5":"","6":"","7":"","8":""}],"_links":{"self":[{"href":"https:\/\/visionciudadana.com.mx\/oficial\/wp-json\/wp\/v2\/posts\/14911","targetHints":{"allow":["GET"]}}],"collection":[{"href":"https:\/\/visionciudadana.com.mx\/oficial\/wp-json\/wp\/v2\/posts"}],"about":[{"href":"https:\/\/visionciudadana.com.mx\/oficial\/wp-json\/wp\/v2\/types\/post"}],"author":[{"embeddable":true,"href":"https:\/\/visionciudadana.com.mx\/oficial\/wp-json\/wp\/v2\/users\/1"}],"replies":[{"embeddable":true,"href":"https:\/\/visionciudadana.com.mx\/oficial\/wp-json\/wp\/v2\/comments?post=14911"}],"version-history":[{"count":1,"href":"https:\/\/visionciudadana.com.mx\/oficial\/wp-json\/wp\/v2\/posts\/14911\/revisions"}],"predecessor-version":[{"id":31400,"href":"https:\/\/visionciudadana.com.mx\/oficial\/wp-json\/wp\/v2\/posts\/14911\/revisions\/31400"}],"wp:featuredmedia":[{"embeddable":true,"href":"https:\/\/visionciudadana.com.mx\/oficial\/wp-json\/wp\/v2\/posts\/6738"}],"wp:attachment":[{"href":"https:\/\/visionciudadana.com.mx\/oficial\/wp-json\/wp\/v2\/media?parent=14911"}],"wp:term":[{"taxonomy":"category","embeddable":true,"href":"https:\/\/visionciudadana.com.mx\/oficial\/wp-json\/wp\/v2\/categories?post=14911"},{"taxonomy":"post_tag","embeddable":true,"href":"https:\/\/visionciudadana.com.mx\/oficial\/wp-json\/wp\/v2\/tags?post=14911"},{"taxonomy":"author","embeddable":true,"href":"https:\/\/visionciudadana.com.mx\/oficial\/wp-json\/wp\/v2\/ppma_author?post=14911"}],"curies":[{"name":"wp","href":"https:\/\/api.w.org\/{rel}","templated":true}]}}