{"id":14910,"date":"2021-02-18T01:50:33","date_gmt":"2021-02-18T01:50:33","guid":{"rendered":"https:\/\/visionciudadana.com.mx\/prueba\/2021\/02\/18\/anuncia-rosy-fuentes-proyectos-productivos-para-la-zona-centro-del-estado\/"},"modified":"2025-06-25T00:32:25","modified_gmt":"2025-06-25T00:32:25","slug":"anuncia-rosy-fuentes-proyectos-productivos-para-la-zona-centro-del-estado","status":"publish","type":"post","link":"https:\/\/visionciudadana.com.mx\/oficial\/2021\/02\/18\/anuncia-rosy-fuentes-proyectos-productivos-para-la-zona-centro-del-estado\/","title":{"rendered":"Anuncia Rosy Fuentes proyectos productivos para la zona centro del Estado"},"content":{"rendered":"<p style=\"text-align: justify;\"><b><span lang=\"ES-TRAD\"><br \/><span style=\"font-size: 14pt; font-family: arial, helvetica, sans-serif;\"><\/span><\/span><\/b><\/p>\n<p class=\"x_gmail-x_MsoNormal\" style=\"text-align: justify;\" align=\"center\"><span style=\"font-size: 14pt; font-family: arial, helvetica, sans-serif;\"><b><span lang=\"ES-TRAD\">&nbsp;<img fetchpriority=\"high\" decoding=\"async\" src=\"images\/Feb21\/dif_proyect_productiv.PNG\" alt=\"dif proyect productiv\" width=\"348\" height=\"218\" style=\"display: block; margin-left: auto; margin-right: auto;\" \/><\/span><\/b><\/span><\/p>\n<p style=\"text-align: justify;\"><span style=\"font-size: 14pt; font-family: arial, helvetica, sans-serif;\">Con el prop\u00f3sito de continuar impulsando el desarrollo de las comunidades, la presidenta del Sistema DIF Sinaloa, Rosy Fuentes de Ordaz, anunci\u00f3 desde la sindicatura de El Tamarindo el arranque de 33 Proyectos Productivos para la zona centro del estado y entreg\u00f3 en coordinaci\u00f3n con Cobaes bicicletas del programa \u201cAy\u00fadame a llegar\u201d.<\/span><\/p>\n<p style=\"text-align: justify;\"><span lang=\"ES-TRAD\" style=\"font-size: 14pt; font-family: arial, helvetica, sans-serif;\"><\/span><\/p>\n<p style=\"text-align: justify;\"><span lang=\"ES-TRAD\" style=\"font-size: 14pt; font-family: arial, helvetica, sans-serif;\">Rosy Fuentes explic\u00f3 que el equipo de DIF Sinaloa estudi\u00f3 la vulnerabilidad de las comunidades para poder llevar proyectos productivos eficaces, mismos que representan un gran beneficio para la comunidad, pues dijo, son empleos que se crean y son de gran ayuda econ\u00f3mica para las familias que lo atienden.<\/span><\/p>\n<p style=\"text-align: justify;\"><span lang=\"ES-TRAD\" style=\"font-size: 14pt; font-family: arial, helvetica, sans-serif;\"><\/span><\/p>\n<p style=\"text-align: justify;\"><span lang=\"ES-TRAD\" style=\"font-size: 14pt; font-family: arial, helvetica, sans-serif;\">Destac\u00f3: \u201cLa mayor\u00eda de quienes emprenden estos proyectos son mujeres que se comprometen; ser\u00e1n panader\u00edas, tamaler\u00edas y tortiller\u00edas las que se van a entregar y ahora las granjas av\u00edcolas que es un nuevo programa y que se cre\u00f3 precisamente de escuchar a la gente, siendo esa la indicaci\u00f3n de mi esposo, Quirino Ordaz, estar en la comunidad y por eso nacieron las Granjas Av\u00edcolas\u201d.<\/span><\/p>\n<p style=\"text-align: justify;\"><span lang=\"ES-TRAD\" style=\"font-size: 14pt; font-family: arial, helvetica, sans-serif;\"><\/span><\/p>\n<p style=\"text-align: justify;\"><span lang=\"ES-TRAD\" style=\"font-size: 14pt; font-family: arial, helvetica, sans-serif;\">Al d\u00eda de hoy, las granjas han producido m\u00e1s de 700 mil huevos org\u00e1nicos en las comunidades y que han servido para autoconsumo de las familias que lo manejan, pero tambi\u00e9n han vendido a la comunidad y esto hace una cadena de beneficios para su regi\u00f3n.<\/span><\/p>\n<p style=\"text-align: justify;\"><span lang=\"ES-TRAD\" style=\"font-size: 14pt; font-family: arial, helvetica, sans-serif;\"><\/span><\/p>\n<p style=\"text-align: justify;\"><span style=\"font-size: 14pt; font-family: arial, helvetica, sans-serif;\"><b><span lang=\"ES-TRAD\">*Entrega de bicicletas \u201cAy\u00fadame a llegar\u201d<\/span><\/b><\/span><\/p>\n<p style=\"text-align: justify;\"><span style=\"font-size: 14pt; font-family: arial, helvetica, sans-serif;\">Tambi\u00e9n, durante la gira se entregaron bicicletas del Programa de \u201cAy\u00fadame a llegar\u201d a estudiantes de Cobaes de diversas sindicaturas de Culiac\u00e1n, donde en esta ocasi\u00f3n la presidenta de DIF Sinaloa, en compa\u00f1\u00eda de Sergio Mario Arredondo, director general de Cobaes entreg\u00f3 200 bicicletas.<\/span><\/p>\n<p style=\"text-align: justify;\"><span style=\"font-size: 14pt; font-family: arial, helvetica, sans-serif;\">Al dirigirse a los estudiantes les dijo: \u201cCon el programa de ay\u00fadame a llegar facilitamos su traslado a sus escuelas, sabemos de la gran dificultad de muchos de ustedes para llegar, pero estamos convencidos que tienen mucho que dar y a trav\u00e9s de la escuela pueden alcanzar las metas que se propongan y nosotros les brindaremos herramientas como estas para que los lleven a cabo\u201d.<\/span><\/p>\n<p style=\"text-align: justify;\"><span style=\"font-size: 14pt; font-family: arial, helvetica, sans-serif;\">Tambi\u00e9n agradeci\u00f3 al gobernador del Estado, Quirino Ordaz Coppel por el respaldo permanente y a Fundaci\u00f3n Telmex, por trabajar en equipo y confiar en el trabajo de DIF Sinaloa: \u201cAhora podemos seguir entregando estos apoyos a alumnos que tienen que recorrer largas distancias y con esta bicicleta los ayudamos m\u00e1s all\u00e1 de llegar a la escuela, a alcanzar sus sue\u00f1os\u201d, finaliz\u00f3.<\/span><\/p>\n<p style=\"text-align: justify;\"><span lang=\"X-NONE\" style=\"font-size: 14pt; font-family: arial, helvetica, sans-serif;\"><\/span><\/p>\n<p style=\"text-align: justify;\"><span lang=\"ES-TRAD\" style=\"font-size: 14pt; font-family: arial, helvetica, sans-serif;\">El director general de Cobaes, Sergio Mario Arredondo record\u00f3 cuando inici\u00f3 la operaci\u00f3n de este programa: \u201cCreo que lo vi nacer, fue en Charco Hondo, Rosario, donde Rosy Fuentes de Ordaz estuvo presente, en la inauguraci\u00f3n de un comedor comunitario y padres y madres de familia la abordaron y le plantearon la situaci\u00f3n sobre las distancias que tienen que recorrer sus hijos para llegar a sus planteles, en un esfuerzo muy expedito se logr\u00f3 una alianza con la Fundaci\u00f3n Carlos Slim y el apoyo siempre importante del gobernador, Quirino Ordaz, para hacer posible este esfuerzo de entrega de bicicletas a los j\u00f3venes que lo necesitan para llegar a sus planteles\u201d.<\/span><\/p>\n<p style=\"text-align: justify;\"><span lang=\"ES-TRAD\" style=\"font-size: 14pt; font-family: arial, helvetica, sans-serif;\"><\/span><\/p>\n<p style=\"text-align: justify;\"><span lang=\"ES-TRAD\" style=\"font-size: 14pt; font-family: arial, helvetica, sans-serif;\">Destacar que en 4 a\u00f1os se han entregado 5 mil 200 bicicletas gratuitas a estudiantes de zonas vulnerables. Durante el evento tambi\u00e9n se entregaron 200 despensas y apoyos invernales.<\/span><\/p>\n<p style=\"text-align: justify;\"><span lang=\"ES-TRAD\" style=\"font-size: 14pt; font-family: arial, helvetica, sans-serif;\"><\/span><\/p>\n<p style=\"text-align: justify;\"><span lang=\"ES-TRAD\" style=\"font-size: 14pt; font-family: arial, helvetica, sans-serif;\">Importante precisar que ser\u00e1 el Colegio de Bachilleres el encargado de la distribuci\u00f3n de las bicicletas.<\/span><\/p>\n<p style=\"text-align: justify;\"><span lang=\"ES-TRAD\" style=\"font-size: 14pt; font-family: arial, helvetica, sans-serif;\"><\/span><\/p>\n<p style=\"text-align: justify;\"><span lang=\"ES-TRAD\" style=\"font-size: 14pt; font-family: arial, helvetica, sans-serif;\">En el acto tambi\u00e9n estuvieron presentes Sandra Yudith Lara D\u00edaz, coordinadora ejecutiva de la zona 04; Ulises Medrano, director de Asistencia Alimentaria; Alfonso Zevada Bio, director de Desarrollo Comunitario; Mar\u00eda Guadalupe Campa\u00f1a Ram\u00edrez, directora general de Cobaes 28 de El Tamarindo y Juana Guadalupe V\u00e1zquez Medina, sindica municipal.<\/span><\/p>\n<p style=\"text-align: justify;\">&nbsp;<\/p>\n<p style=\"text-align: justify;\">&nbsp;<\/p>\n<p style=\"text-align: justify;\"><span style=\"font-size: 14pt; font-family: arial, helvetica, sans-serif;\">REDACCI\u00d3N\/VISI\u00d3N CIUDADANA.<\/span><\/p>\n","protected":false},"excerpt":{"rendered":"<p>&nbsp; Con el prop\u00f3sito de continuar impulsando el desarrollo de las comunidades, la presidenta del Sistema DIF Sinaloa, Rosy Fuentes de Ordaz, anunci\u00f3 desde la sindicatura de El Tamarindo el arranque de 33 Proyectos Productivos para la zona centro del estado y entreg\u00f3 en coordinaci\u00f3n con Cobaes bicicletas del programa \u201cAy\u00fadame a llegar\u201d. Rosy Fuentes [&hellip;]<\/p>\n","protected":false},"author":1,"featured_media":6736,"comment_status":"closed","ping_status":"closed","sticky":false,"template":"","format":"standard","meta":{"footnotes":""},"categories":[24],"tags":[],"ppma_author":[31],"class_list":["post-14910","post","type-post","status-publish","format-standard","has-post-thumbnail","hentry","category-relevantes"],"aioseo_notices":[],"authors":[{"term_id":31,"user_id":1,"is_guest":0,"slug":"ivan3vino","display_name":"Iv\u00e1n Trevi\u00f1o","avatar_url":{"url":"https:\/\/visionciudadana.com.mx\/oficial\/wp-content\/uploads\/2025\/09\/columna-ivan-Trevino.png","url2x":"https:\/\/visionciudadana.com.mx\/oficial\/wp-content\/uploads\/2025\/09\/columna-ivan-Trevino.png"},"0":null,"1":"","2":"","3":"","4":"","5":"","6":"","7":"","8":""}],"_links":{"self":[{"href":"https:\/\/visionciudadana.com.mx\/oficial\/wp-json\/wp\/v2\/posts\/14910","targetHints":{"allow":["GET"]}}],"collection":[{"href":"https:\/\/visionciudadana.com.mx\/oficial\/wp-json\/wp\/v2\/posts"}],"about":[{"href":"https:\/\/visionciudadana.com.mx\/oficial\/wp-json\/wp\/v2\/types\/post"}],"author":[{"embeddable":true,"href":"https:\/\/visionciudadana.com.mx\/oficial\/wp-json\/wp\/v2\/users\/1"}],"replies":[{"embeddable":true,"href":"https:\/\/visionciudadana.com.mx\/oficial\/wp-json\/wp\/v2\/comments?post=14910"}],"version-history":[{"count":1,"href":"https:\/\/visionciudadana.com.mx\/oficial\/wp-json\/wp\/v2\/posts\/14910\/revisions"}],"predecessor-version":[{"id":31401,"href":"https:\/\/visionciudadana.com.mx\/oficial\/wp-json\/wp\/v2\/posts\/14910\/revisions\/31401"}],"wp:featuredmedia":[{"embeddable":true,"href":"https:\/\/visionciudadana.com.mx\/oficial\/wp-json\/wp\/v2\/posts\/6736"}],"wp:attachment":[{"href":"https:\/\/visionciudadana.com.mx\/oficial\/wp-json\/wp\/v2\/media?parent=14910"}],"wp:term":[{"taxonomy":"category","embeddable":true,"href":"https:\/\/visionciudadana.com.mx\/oficial\/wp-json\/wp\/v2\/categories?post=14910"},{"taxonomy":"post_tag","embeddable":true,"href":"https:\/\/visionciudadana.com.mx\/oficial\/wp-json\/wp\/v2\/tags?post=14910"},{"taxonomy":"author","embeddable":true,"href":"https:\/\/visionciudadana.com.mx\/oficial\/wp-json\/wp\/v2\/ppma_author?post=14910"}],"curies":[{"name":"wp","href":"https:\/\/api.w.org\/{rel}","templated":true}]}}