{"id":14908,"date":"2021-02-18T01:28:55","date_gmt":"2021-02-18T01:28:55","guid":{"rendered":"https:\/\/visionciudadana.com.mx\/prueba\/2021\/02\/18\/otorgara-la-uas-el-doctorado-honoris-causa-al-escritor-elmer-mendoza\/"},"modified":"2025-06-25T00:32:26","modified_gmt":"2025-06-25T00:32:26","slug":"otorgara-la-uas-el-doctorado-honoris-causa-al-escritor-elmer-mendoza","status":"publish","type":"post","link":"https:\/\/visionciudadana.com.mx\/oficial\/2021\/02\/18\/otorgara-la-uas-el-doctorado-honoris-causa-al-escritor-elmer-mendoza\/","title":{"rendered":"Otorgar\u00e1 la UAS el doctorado Honoris Causa al escritor Elmer Mendoza"},"content":{"rendered":"<p><img fetchpriority=\"high\" decoding=\"async\" src=\"images\/Feb21\/elmer_mend.PNG\" alt=\"elmer mend\" width=\"331\" height=\"176\" style=\"display: block; margin-left: auto; margin-right: auto;\" \/><\/p>\n<p class=\"x_MsoNormal\" align=\"right\">&nbsp;<\/p>\n<p class=\"x_MsoNormal\" style=\"text-align: justify;\"><span style=\"font-size: 14pt; font-family: arial, helvetica, sans-serif;\">El nacional e internacionalmente reconocido escritor \u00c9lmer Mendoza, tambi\u00e9n catedr\u00e1tico de la Universidad Aut\u00f3noma de Sinaloa (UAS) ser\u00e1 galardonado con la m\u00e1xima distinci\u00f3n que confiere la Casa Rosalina: el Doctorado Honoris Causa, como una forma de honrar su trabajo y su trayectoria.<\/span><\/p>\n<p style=\"text-align: justify;\">&nbsp;<\/p>\n<p class=\"x_MsoNormal\" style=\"text-align: justify;\"><span style=\"font-size: 14pt; font-family: arial, helvetica, sans-serif;\">El Rector, doctor Juan Eulogio Guerra Liera, hizo la propuesta correspondiente al H. Consejo Universitario en su \u00faltima Sesi\u00f3n Ordinaria y fue avalada por los consejeros para otorgar al escritor de grandes obras este reconocimiento.<\/span><\/p>\n<p style=\"text-align: justify;\">&nbsp;<\/p>\n<p class=\"x_MsoNormal\" style=\"text-align: justify;\"><span style=\"font-size: 14pt; font-family: arial, helvetica, sans-serif;\"><b>\u201c<\/b>Su nombre es sin\u00f3nimo de excelencia, perseverancia y trabajo, representando un patrimonio cultural vivo de nuestra universidad y de nuestro pa\u00eds, cuya obra es una de las m\u00e1s vers\u00e1tiles e impactantes de los \u00faltimos 50 a\u00f1os de la literatura mexicana, subrayando que a trav\u00e9s de sus novelas ha dado a conocer el nombre de Sinaloa en diferentes naciones\u201d, enfatiz\u00f3 el Rector.<\/span><\/p>\n<p style=\"text-align: justify;\">&nbsp;<\/p>\n<p class=\"x_MsoNormal\" style=\"text-align: justify;\"><span style=\"font-size: 14pt; font-family: arial, helvetica, sans-serif;\">Guerra Liera, antes de la propuesta, felicit\u00f3 a \u00c9lmer Mendoza por haber obtenido recientemente el Premio a la Trayectoria del Festival de Literatura Tenerife, en Espa\u00f1a, y se refiri\u00f3 a \u00e9l como distinguido maestro de preparatoria de esta universidad y de la Escuela de Filosof\u00eda y Letras.<\/span><\/p>\n<p style=\"text-align: justify;\">&nbsp;<\/p>\n<p class=\"x_MsoNormal\" style=\"text-align: justify;\"><span style=\"font-size: 14pt; font-family: arial, helvetica, sans-serif;\">\u201c\u00c9lmer Mendoza Valenzuela naci\u00f3 en Culiac\u00e1n Sinaloa en 1949 (\u2026) curs\u00f3 estudios en Ingenier\u00eda en Electr\u00f3nica en el Instituto Polit\u00e9cnico Nacional de 1970 a 1975, as\u00ed como Letras Hisp\u00e1nicas en la UNAM de 1979 a 1982; de 1982 a 1996 se desempe\u00f1\u00f3 como maestro de Lectura y Redacci\u00f3n en la la Preparatoria Hermanos Flores Mag\u00f3n, desde 1996 es catedr\u00e1tico en la Escuela de Filosof\u00eda y Letras de la UAS; durante m\u00e1s de 30 a\u00f1os ha impartido un taller te\u00f3rico y pr\u00e1ctico para la formaci\u00f3n de narradores con alumnos tanto de M\u00e9xico como de otros pa\u00edses\u201d, expuso el Rector.<\/span><\/p>\n<p style=\"text-align: justify;\">&nbsp;<\/p>\n<p class=\"x_MsoNormal\" style=\"text-align: justify;\"><span style=\"font-size: 14pt; font-family: arial, helvetica, sans-serif;\">Se\u00f1al\u00f3 que es un incansable promotor de la lectura y del libro, ha organizado centenas de cursos y talleres y ha dado m\u00e1s de 200 conferencias sobre el tema, convirti\u00e9ndose en un referente cultural de Sinaloa.<\/span><\/p>\n<p style=\"text-align: justify;\">&nbsp;<\/p>\n<p class=\"x_MsoNormal\" style=\"text-align: justify;\"><span style=\"font-size: 14pt; font-family: arial, helvetica, sans-serif;\">\u201cSu obra narrativa es un parteaguas en la tradici\u00f3n literaria de M\u00e9xico, particularmente en la historia de la novela negra escrita en espa\u00f1ol, con 12 novelas publicadas desde Un Asesino Solitario en 1999, El Amante de Janis Joplin, El efecto Tequila, C\u00f3braselo Caro, Balas de Plata, La prueba de \u00e1cido, Nombre de Perro, El misterio de la orqu\u00eddea calavera, Besar al detective, Asesinato en el Parque Sinaloa, No todos los besos son iguales, Hasta la cuarta pregunta; su obra representa uno de los cortos narrativos en castellano de mayor impacto internacional, pues algunas de sus novelas han sido traducidas al alem\u00e1n, franc\u00e9s, portugu\u00e9s, italiano, ruso y griego\u201d, manifest\u00f3.<\/span><\/p>\n<p style=\"text-align: justify;\">&nbsp;<\/p>\n<p class=\"x_MsoNormal\" style=\"text-align: justify;\"><span style=\"font-size: 14pt; font-family: arial, helvetica, sans-serif;\">El escritor sinaloense tambi\u00e9n ha publicado libros de cuentos y obras de teatro, sin omitir que tiene una extensa trayectoria dentro del periodismo cultural nacional e internacional, siendo colaborador de diarios y revistas de M\u00e9xico, Espa\u00f1a, Estados Unidos e Italia.<\/span><\/p>\n<p style=\"text-align: justify;\">&nbsp;<\/p>\n<p class=\"x_MsoNormal\" style=\"text-align: justify;\"><span style=\"font-size: 14pt; font-family: arial, helvetica, sans-serif;\">\u201cPor su obra narrativa, as\u00ed como por su labor human\u00edstica, ha recibido una gran cantidad de distinciones tanto en esta Casa de Estudios como en diversas naciones, destacan el Premio de Novela Tusquets 2007, Premio Nacional de Literatura Jos\u00e9 Fuentes Mares 2002 y el m\u00e1s reciente Premio a la Trayectoria Tenerife recibido en diciembre de 2020\u201d, sostuvo el Rector.<\/span><\/p>\n<p style=\"text-align: justify;\">&nbsp;<\/p>\n<p class=\"x_MsoNormal\" style=\"text-align: justify;\"><span style=\"font-size: 14pt; font-family: arial, helvetica, sans-serif;\">Desde agosto de 2011 Mendoza Valenzuela es Miembro Correspondiente de la Academia Mexicana de la Lengua, miembro del Colegio Sinaloa desde 2008 y del Sistema Nacional de Creadores 2000-2006 y 2006-2010, adem\u00e1s de representar con la mayor dignidad a las letras mexicanas en diferentes escenarios culturales internacionales, la labor cultural de \u00c9lmer Mendoza llega tambi\u00e9n a todos los municipios de Sinaloa, lo cual corrobora el compromiso \u00e9tico y social de este protagonista de las artes.<\/span><\/p>\n<p style=\"text-align: justify;\">&nbsp;<\/p>\n<p class=\"x_MsoNormal\" style=\"text-align: justify;\"><span style=\"font-size: 14pt; font-family: arial, helvetica, sans-serif;\">\u201cPor estos y otros motivos m\u00e1s (\u2026) me permito proponer a este H. Consejo Universitario le sea otorgada la m\u00e1xima distinci\u00f3n que confiere nuestra instituci\u00f3n como es el Doctorado Honoris Causa a \u00c9lmer Mendoza Valenzuela (\u2026) estaremos reconociendo a un gran sinaloense y universitario, pero sobre todo a alguien que es reconocido por el trabajo que realiza, estaremos probablemente teniendo a diferencia de los otros eventos (\u2026) un evento virtual sin ese calor humano presencial, pero lo vamos hacer extensivo a todas las universidades del pa\u00eds, a todos los universitarios para que \u00c9lmer Mendoza sea y quede entronizado de manera permanente como Doctor Honoris Causa de la Universidad Aut\u00f3noma de Sinaloa\u201d, puntualiz\u00f3 el Rector.<\/span><\/p>\n<p style=\"text-align: justify;\">&nbsp;<\/p>\n<p style=\"text-align: justify;\">&nbsp;<\/p>\n<p class=\"x_MsoNormal\" style=\"text-align: justify;\"><span style=\"font-size: 14pt; font-family: arial, helvetica, sans-serif;\">REDACCI\u00d3N\/VISI\u00d3N CIUDADANA.&nbsp;<\/span><\/p>\n<div>&nbsp;<\/div>\n","protected":false},"excerpt":{"rendered":"<p>&nbsp; El nacional e internacionalmente reconocido escritor \u00c9lmer Mendoza, tambi\u00e9n catedr\u00e1tico de la Universidad Aut\u00f3noma de Sinaloa (UAS) ser\u00e1 galardonado con la m\u00e1xima distinci\u00f3n que confiere la Casa Rosalina: el Doctorado Honoris Causa, como una forma de honrar su trabajo y su trayectoria. &nbsp; El Rector, doctor Juan Eulogio Guerra Liera, hizo la propuesta correspondiente [&hellip;]<\/p>\n","protected":false},"author":1,"featured_media":6732,"comment_status":"closed","ping_status":"closed","sticky":false,"template":"","format":"standard","meta":{"footnotes":""},"categories":[13],"tags":[],"ppma_author":[31],"class_list":["post-14908","post","type-post","status-publish","format-standard","has-post-thumbnail","hentry","category-locales"],"aioseo_notices":[],"authors":[{"term_id":31,"user_id":1,"is_guest":0,"slug":"ivan3vino","display_name":"Iv\u00e1n Trevi\u00f1o","avatar_url":{"url":"https:\/\/visionciudadana.com.mx\/oficial\/wp-content\/uploads\/2025\/09\/columna-ivan-Trevino.png","url2x":"https:\/\/visionciudadana.com.mx\/oficial\/wp-content\/uploads\/2025\/09\/columna-ivan-Trevino.png"},"0":null,"1":"","2":"","3":"","4":"","5":"","6":"","7":"","8":""}],"_links":{"self":[{"href":"https:\/\/visionciudadana.com.mx\/oficial\/wp-json\/wp\/v2\/posts\/14908","targetHints":{"allow":["GET"]}}],"collection":[{"href":"https:\/\/visionciudadana.com.mx\/oficial\/wp-json\/wp\/v2\/posts"}],"about":[{"href":"https:\/\/visionciudadana.com.mx\/oficial\/wp-json\/wp\/v2\/types\/post"}],"author":[{"embeddable":true,"href":"https:\/\/visionciudadana.com.mx\/oficial\/wp-json\/wp\/v2\/users\/1"}],"replies":[{"embeddable":true,"href":"https:\/\/visionciudadana.com.mx\/oficial\/wp-json\/wp\/v2\/comments?post=14908"}],"version-history":[{"count":1,"href":"https:\/\/visionciudadana.com.mx\/oficial\/wp-json\/wp\/v2\/posts\/14908\/revisions"}],"predecessor-version":[{"id":31403,"href":"https:\/\/visionciudadana.com.mx\/oficial\/wp-json\/wp\/v2\/posts\/14908\/revisions\/31403"}],"wp:featuredmedia":[{"embeddable":true,"href":"https:\/\/visionciudadana.com.mx\/oficial\/wp-json\/wp\/v2\/posts\/6732"}],"wp:attachment":[{"href":"https:\/\/visionciudadana.com.mx\/oficial\/wp-json\/wp\/v2\/media?parent=14908"}],"wp:term":[{"taxonomy":"category","embeddable":true,"href":"https:\/\/visionciudadana.com.mx\/oficial\/wp-json\/wp\/v2\/categories?post=14908"},{"taxonomy":"post_tag","embeddable":true,"href":"https:\/\/visionciudadana.com.mx\/oficial\/wp-json\/wp\/v2\/tags?post=14908"},{"taxonomy":"author","embeddable":true,"href":"https:\/\/visionciudadana.com.mx\/oficial\/wp-json\/wp\/v2\/ppma_author?post=14908"}],"curies":[{"name":"wp","href":"https:\/\/api.w.org\/{rel}","templated":true}]}}