{"id":14907,"date":"2021-02-18T01:24:36","date_gmt":"2021-02-18T01:24:36","guid":{"rendered":"https:\/\/visionciudadana.com.mx\/prueba\/2021\/02\/18\/aprueba-comision-dictamen-para-elevar-a-rango-constitucional-parlamento-abierto\/"},"modified":"2025-06-25T00:32:26","modified_gmt":"2025-06-25T00:32:26","slug":"aprueba-comision-dictamen-para-elevar-a-rango-constitucional-parlamento-abierto","status":"publish","type":"post","link":"https:\/\/visionciudadana.com.mx\/oficial\/2021\/02\/18\/aprueba-comision-dictamen-para-elevar-a-rango-constitucional-parlamento-abierto\/","title":{"rendered":"Aprueba Comisi\u00f3n dictamen para elevar a rango constitucional parlamento abierto"},"content":{"rendered":"<p style=\"text-align: justify;\"><img fetchpriority=\"high\" decoding=\"async\" src=\"images\/Feb21\/dictamen_congr.PNG\" alt=\"dictamen congr\" width=\"314\" height=\"168\" style=\"display: block; margin-left: auto; margin-right: auto;\" \/><\/p>\n<p style=\"text-align: justify;\">&nbsp;<\/p>\n<p style=\"text-align: justify;\"><span style=\"font-size: 14pt; font-family: arial, helvetica, sans-serif;\">La Comisi\u00f3n de Puntos Constitucionales y Gobernaci\u00f3n del Congreso del Estado de Sinaloa aprob\u00f3 dictamen que reforma el art\u00edculo 22 de la Constituci\u00f3n Pol\u00edtica del Estado de Sinaloa en materia de Parlamento Abierto. <\/span><\/p>\n<p style=\"text-align: justify;\">&nbsp;<\/p>\n<p style=\"text-align: justify;\"><span style=\"font-size: 14pt; font-family: arial, helvetica, sans-serif;\">\u201cArt. 22. El Poder Legislativo del Estado de Sinaloa se deposita en una asamblea que se denomina \u00abCongreso del Estado\u00bb, y se rige bajo los principios de Parlamento Abierto, en los t\u00e9rminos de su respectiva Ley Org\u00e1nica\u201d, es la reforma constitucional que la Comisi\u00f3n propone al Pleno para su discusi\u00f3n y votaci\u00f3n. <\/span><\/p>\n<p style=\"text-align: justify;\">&nbsp;<\/p>\n<p style=\"text-align: justify;\"><span style=\"font-size: 14pt; font-family: arial, helvetica, sans-serif;\">A favor del dictamen votaron Horacio Lora Oliva, Ana Cecilia Moreno Romero, \u00c9dgar Augusto Gonzalez Zatarain, Mar\u00eda Victoria S\u00e1nchez Pe\u00f1a y Flora Isela Miranda Leal, presidente, secretaria y vocales, respectivamente de la Comisi\u00f3n dictaminadora. A la Comisi\u00f3n de Puntos Constitucionales y Gobernaci\u00f3n le fue turnada para su estudio y elaboraci\u00f3n de dictamen correspondiente, iniciativa del grupo parlamentario de Morena, que coordina la diputada Graciela Dom\u00ednguez Nava. <\/span><\/p>\n<p style=\"text-align: justify;\">&nbsp;<\/p>\n<p style=\"text-align: justify;\"><span style=\"font-size: 14pt; font-family: arial, helvetica, sans-serif;\">El objeto de la iniciativa es establecer que el Poder Legislativo del Estado se regir\u00e1 por los principios de Parlamento Abierto en los t\u00e9rminos de su Ley Org\u00e1nica. Esta Comisi\u00f3n Dictaminadora valora viable la propuesta de establecer en la Constituci\u00f3n Pol\u00edtica del Estado como principio que rija el Congreso del Estado, el Parlamento Abierto; con la finalidad de que el mismo adopte acciones y medidas que impulsen la transparencia y acceso a la informaci\u00f3n, rendici\u00f3n de cuentas y participaci\u00f3n ciudadana. Mismo que permitir\u00e1 implementar y fortalecer las acciones orientadas a habilitar espacios para escuchar a la ciudadan\u00eda respecto a las decisiones que deben ser tomadas en el Congreso. Lo anterior, fortalecer\u00e1 las medidas que se han venido implementando en la materia y les dar\u00e1 rango constitucional. <\/span><\/p>\n<p style=\"text-align: justify;\">&nbsp;<\/p>\n<p style=\"text-align: justify;\"><span style=\"font-size: 14pt; font-family: arial, helvetica, sans-serif;\">Dichas acciones permitir\u00e1n tal como lo resaltan las Diputadas y los Diputados iniciadores transformar la relaci\u00f3n entre representantes y representados, permitiendo el fortalecimiento de las pr\u00e1cticas parlamentarias del Congreso del Estado como instancia de participaci\u00f3n abierta a toda la sociedad sinaloense.<\/span><\/p>\n<p style=\"text-align: justify;\">&nbsp;<\/p>\n<p style=\"text-align: justify;\"><span style=\"font-size: 14pt; font-family: arial, helvetica, sans-serif;\"> De acuerdo con la iniciativa dictaminada, el parlamento abierto implica transparentar la informaci\u00f3n y la rendici\u00f3n de cuentas; crear mecanismos para una efectiva participaci\u00f3n ciudadana y hacer uso de tecnolog\u00edas que abonen para la construcci\u00f3n de esta nueva relaci\u00f3n social e institucional, que den como resultado parlamentos receptivos y efectivos que trabajen a favor de la gente. <\/span><\/p>\n<p style=\"text-align: justify;\">&nbsp;<\/p>\n<p style=\"text-align: justify;\"><span style=\"font-size: 14pt; font-family: arial, helvetica, sans-serif;\">La instituci\u00f3n del Parlamento Abierto representa un amplio marco de referencia, que deber\u00eda conducir a los Congresos a realizar cambios institucionales, estructurales, normativos, presupuestales y de pr\u00e1cticas para garantizar la transparencia, asegurar mecanismos que permitan la adecuada rendici\u00f3n de cuentas, que garantice la participaci\u00f3n de la ciudadan\u00eda en el proceso legislativo y que lleve a sus integrantes a conducirse bajo par\u00e1metros \u00e9ticos.<\/span><\/p>\n<p style=\"text-align: justify;\">&nbsp;<\/p>\n<p style=\"text-align: justify;\">&nbsp;<\/p>\n<p style=\"text-align: justify;\"><span style=\"font-size: 14pt; font-family: arial, helvetica, sans-serif;\">REDACCI\u00d3N\/VISI\u00d3N CIUDADANA.<\/span><\/p>\n","protected":false},"excerpt":{"rendered":"<p>&nbsp; La Comisi\u00f3n de Puntos Constitucionales y Gobernaci\u00f3n del Congreso del Estado de Sinaloa aprob\u00f3 dictamen que reforma el art\u00edculo 22 de la Constituci\u00f3n Pol\u00edtica del Estado de Sinaloa en materia de Parlamento Abierto. &nbsp; \u201cArt. 22. El Poder Legislativo del Estado de Sinaloa se deposita en una asamblea que se denomina \u00abCongreso del Estado\u00bb, [&hellip;]<\/p>\n","protected":false},"author":1,"featured_media":6730,"comment_status":"closed","ping_status":"closed","sticky":false,"template":"","format":"standard","meta":{"footnotes":""},"categories":[24],"tags":[],"ppma_author":[31],"class_list":["post-14907","post","type-post","status-publish","format-standard","has-post-thumbnail","hentry","category-relevantes"],"aioseo_notices":[],"authors":[{"term_id":31,"user_id":1,"is_guest":0,"slug":"ivan3vino","display_name":"Iv\u00e1n Trevi\u00f1o","avatar_url":{"url":"https:\/\/visionciudadana.com.mx\/oficial\/wp-content\/uploads\/2025\/09\/columna-ivan-Trevino.png","url2x":"https:\/\/visionciudadana.com.mx\/oficial\/wp-content\/uploads\/2025\/09\/columna-ivan-Trevino.png"},"0":null,"1":"","2":"","3":"","4":"","5":"","6":"","7":"","8":""}],"_links":{"self":[{"href":"https:\/\/visionciudadana.com.mx\/oficial\/wp-json\/wp\/v2\/posts\/14907","targetHints":{"allow":["GET"]}}],"collection":[{"href":"https:\/\/visionciudadana.com.mx\/oficial\/wp-json\/wp\/v2\/posts"}],"about":[{"href":"https:\/\/visionciudadana.com.mx\/oficial\/wp-json\/wp\/v2\/types\/post"}],"author":[{"embeddable":true,"href":"https:\/\/visionciudadana.com.mx\/oficial\/wp-json\/wp\/v2\/users\/1"}],"replies":[{"embeddable":true,"href":"https:\/\/visionciudadana.com.mx\/oficial\/wp-json\/wp\/v2\/comments?post=14907"}],"version-history":[{"count":1,"href":"https:\/\/visionciudadana.com.mx\/oficial\/wp-json\/wp\/v2\/posts\/14907\/revisions"}],"predecessor-version":[{"id":31404,"href":"https:\/\/visionciudadana.com.mx\/oficial\/wp-json\/wp\/v2\/posts\/14907\/revisions\/31404"}],"wp:featuredmedia":[{"embeddable":true,"href":"https:\/\/visionciudadana.com.mx\/oficial\/wp-json\/wp\/v2\/posts\/6730"}],"wp:attachment":[{"href":"https:\/\/visionciudadana.com.mx\/oficial\/wp-json\/wp\/v2\/media?parent=14907"}],"wp:term":[{"taxonomy":"category","embeddable":true,"href":"https:\/\/visionciudadana.com.mx\/oficial\/wp-json\/wp\/v2\/categories?post=14907"},{"taxonomy":"post_tag","embeddable":true,"href":"https:\/\/visionciudadana.com.mx\/oficial\/wp-json\/wp\/v2\/tags?post=14907"},{"taxonomy":"author","embeddable":true,"href":"https:\/\/visionciudadana.com.mx\/oficial\/wp-json\/wp\/v2\/ppma_author?post=14907"}],"curies":[{"name":"wp","href":"https:\/\/api.w.org\/{rel}","templated":true}]}}