{"id":14906,"date":"2021-02-18T01:15:50","date_gmt":"2021-02-18T01:15:50","guid":{"rendered":"https:\/\/visionciudadana.com.mx\/prueba\/2021\/02\/18\/mario-zamora-recibira-manana-constancia-como-candidato-del-pri\/"},"modified":"2025-06-25T00:32:26","modified_gmt":"2025-06-25T00:32:26","slug":"mario-zamora-recibira-manana-constancia-como-candidato-del-pri","status":"publish","type":"post","link":"https:\/\/visionciudadana.com.mx\/oficial\/2021\/02\/18\/mario-zamora-recibira-manana-constancia-como-candidato-del-pri\/","title":{"rendered":"Mario Zamora recibir\u00e1 ma\u00f1ana constancia como candidato del PRI"},"content":{"rendered":"<p><img fetchpriority=\"high\" decoding=\"async\" src=\"images\/Feb21\/MZ_recibir\u00e1.PNG\" alt=\"MZ recibir\u00e1\" width=\"373\" height=\"221\" style=\"display: block; margin-left: auto; margin-right: auto;\" \/><\/p>\n<p class=\"x_MsoNormal\" style=\"text-align: justify;\"><span style=\"font-size: 14pt; font-family: arial, helvetica, sans-serif;\">Este jueves, el dirigente nacional del PRI, Alejandro Moreno C\u00e1rdenas, entregar\u00e1 la constancia y le tomar\u00e1 protesta a Mario Zamora Gast\u00e9lum, como candidato de este partido al Gobierno de Sinaloa, quien ser\u00e1 el abanderado de la alianza que conformar\u00e1n los partidos PRI, PRD y PAN.<\/span><\/p>\n<p style=\"text-align: justify;\"><span style=\"font-size: 14pt; font-family: arial, helvetica, sans-serif;\"><\/span><\/p>\n<p class=\"x_MsoNormal\" style=\"text-align: justify;\"><span style=\"font-size: 14pt; font-family: arial, helvetica, sans-serif;\">En ese sentido, el senador Mario Zamora expres\u00f3 que ser\u00e1 un evento donde se cuidar\u00e1n todas las medidas recomendadas por este tema de Covid, d\u00f3nde habr\u00e1 espacio para acomodar unos 500 veh\u00edculos en el estacionamiento de la Feria Ganadera. \u201cLa gente estar\u00e1 arriba de su veh\u00edculo para evitar correr cualquier riesgo, evidentemente ir\u00e1n con las personas con las que ya convive y no tiene ning\u00fan problema y 200 sillas al frente con la sana distancia bien cuidado todo, evidentemente con el registro de la temperatura, el gel y cubrebocas\u201d.<\/span><\/p>\n<p style=\"text-align: justify;\"><span style=\"font-size: 14pt; font-family: arial, helvetica, sans-serif;\"><\/span><\/p>\n<p class=\"x_MsoNormal\" style=\"text-align: justify;\"><span style=\"font-size: 14pt; font-family: arial, helvetica, sans-serif;\">Ilustr\u00f3 que ser\u00e1 una especie de auto cinema. \u201cVa a haber pantallas, ya lo hicimos as\u00ed en mi Segundo Informe de labores hicimos un auto cinema en Mazatl\u00e1n, en Culiac\u00e1n y en Los Mochis, as\u00ed que estamos seguros que las cosas van a salir bien\u201d.<\/span><\/p>\n<p style=\"text-align: justify;\"><span style=\"font-size: 14pt; font-family: arial, helvetica, sans-serif;\"><\/span><\/p>\n<p class=\"x_MsoNormal\" style=\"text-align: justify;\"><span style=\"font-size: 14pt; font-family: arial, helvetica, sans-serif;\">Por su parte, el dirigente estatal del PRI en Sinaloa y tambi\u00e9n coordinador&nbsp; de la campa\u00f1a de Mario Zamora,&nbsp; Jes\u00fas Vald\u00e9s Palazuelos, dijo que el evento ser\u00e1 para la militancia, sectores, organizaciones y estructura formal del partido.<\/span><\/p>\n<p style=\"text-align: justify;\"><span style=\"font-size: 14pt; font-family: arial, helvetica, sans-serif;\"><\/span><\/p>\n<p class=\"x_MsoNormal\" style=\"text-align: justify;\"><span style=\"font-size: 14pt; font-family: arial, helvetica, sans-serif;\">Dicho acto tendr\u00e1 sede en el estacionamiento de las instalaciones de la Feria Ganadera en Culiac\u00e1n, en punto de las 4:00 de la tarde.<\/span><\/p>\n<p style=\"text-align: justify;\"><span style=\"font-size: 14pt; font-family: arial, helvetica, sans-serif;\"><\/span><\/p>\n<p class=\"x_MsoNormal\" style=\"text-align: justify;\"><span style=\"font-size: 14pt; font-family: arial, helvetica, sans-serif;\">\u00abEl evento se realizar\u00e1 tipo auto cinema, para cuidar todas las formas y sobre todo el protocolo de sana distancia y seguridad que requieren este tipo de actividades, teniendo un \u00e1rea para la clase pol\u00edtica del estado cerca del escenario\u00bb precis\u00f3 Vald\u00e9s Palazuelos.<\/span><\/p>\n<p style=\"text-align: justify;\"><span style=\"font-size: 14pt; font-family: arial, helvetica, sans-serif;\"><\/span><\/p>\n<p style=\"text-align: justify;\"><span style=\"font-size: 14pt; font-family: arial, helvetica, sans-serif;\"><\/span><\/p>\n<p style=\"text-align: justify;\"><span style=\"font-size: 14pt; font-family: arial, helvetica, sans-serif;\">REDACCI\u00d3N\/VISI\u00d3N CIUDADANA.<\/span><\/p>\n<div style=\"text-align: justify;\"><span style=\"font-size: 14pt; font-family: arial, helvetica, sans-serif;\"><\/span><\/div>\n","protected":false},"excerpt":{"rendered":"<p>Este jueves, el dirigente nacional del PRI, Alejandro Moreno C\u00e1rdenas, entregar\u00e1 la constancia y le tomar\u00e1 protesta a Mario Zamora Gast\u00e9lum, como candidato de este partido al Gobierno de Sinaloa, quien ser\u00e1 el abanderado de la alianza que conformar\u00e1n los partidos PRI, PRD y PAN. En ese sentido, el senador Mario Zamora expres\u00f3 que ser\u00e1 [&hellip;]<\/p>\n","protected":false},"author":1,"featured_media":6728,"comment_status":"closed","ping_status":"closed","sticky":false,"template":"","format":"standard","meta":{"footnotes":""},"categories":[24],"tags":[],"ppma_author":[31],"class_list":["post-14906","post","type-post","status-publish","format-standard","has-post-thumbnail","hentry","category-relevantes"],"aioseo_notices":[],"authors":[{"term_id":31,"user_id":1,"is_guest":0,"slug":"ivan3vino","display_name":"Iv\u00e1n Trevi\u00f1o","avatar_url":{"url":"https:\/\/visionciudadana.com.mx\/oficial\/wp-content\/uploads\/2025\/09\/columna-ivan-Trevino.png","url2x":"https:\/\/visionciudadana.com.mx\/oficial\/wp-content\/uploads\/2025\/09\/columna-ivan-Trevino.png"},"0":null,"1":"","2":"","3":"","4":"","5":"","6":"","7":"","8":""}],"_links":{"self":[{"href":"https:\/\/visionciudadana.com.mx\/oficial\/wp-json\/wp\/v2\/posts\/14906","targetHints":{"allow":["GET"]}}],"collection":[{"href":"https:\/\/visionciudadana.com.mx\/oficial\/wp-json\/wp\/v2\/posts"}],"about":[{"href":"https:\/\/visionciudadana.com.mx\/oficial\/wp-json\/wp\/v2\/types\/post"}],"author":[{"embeddable":true,"href":"https:\/\/visionciudadana.com.mx\/oficial\/wp-json\/wp\/v2\/users\/1"}],"replies":[{"embeddable":true,"href":"https:\/\/visionciudadana.com.mx\/oficial\/wp-json\/wp\/v2\/comments?post=14906"}],"version-history":[{"count":1,"href":"https:\/\/visionciudadana.com.mx\/oficial\/wp-json\/wp\/v2\/posts\/14906\/revisions"}],"predecessor-version":[{"id":31405,"href":"https:\/\/visionciudadana.com.mx\/oficial\/wp-json\/wp\/v2\/posts\/14906\/revisions\/31405"}],"wp:featuredmedia":[{"embeddable":true,"href":"https:\/\/visionciudadana.com.mx\/oficial\/wp-json\/wp\/v2\/posts\/6728"}],"wp:attachment":[{"href":"https:\/\/visionciudadana.com.mx\/oficial\/wp-json\/wp\/v2\/media?parent=14906"}],"wp:term":[{"taxonomy":"category","embeddable":true,"href":"https:\/\/visionciudadana.com.mx\/oficial\/wp-json\/wp\/v2\/categories?post=14906"},{"taxonomy":"post_tag","embeddable":true,"href":"https:\/\/visionciudadana.com.mx\/oficial\/wp-json\/wp\/v2\/tags?post=14906"},{"taxonomy":"author","embeddable":true,"href":"https:\/\/visionciudadana.com.mx\/oficial\/wp-json\/wp\/v2\/ppma_author?post=14906"}],"curies":[{"name":"wp","href":"https:\/\/api.w.org\/{rel}","templated":true}]}}