{"id":14905,"date":"2021-02-18T01:06:18","date_gmt":"2021-02-18T01:06:18","guid":{"rendered":"https:\/\/visionciudadana.com.mx\/prueba\/2021\/02\/18\/docentes-deben-adaptar-sus-competencias-a-un-mundo-digitalizado\/"},"modified":"2025-06-25T00:32:26","modified_gmt":"2025-06-25T00:32:26","slug":"docentes-deben-adaptar-sus-competencias-a-un-mundo-digitalizado","status":"publish","type":"post","link":"https:\/\/visionciudadana.com.mx\/oficial\/2021\/02\/18\/docentes-deben-adaptar-sus-competencias-a-un-mundo-digitalizado\/","title":{"rendered":"Docentes deben adaptar sus competencias a un mundo digitalizado"},"content":{"rendered":"<p><img fetchpriority=\"high\" decoding=\"async\" src=\"images\/Feb21\/docentes_deben.PNG\" alt=\"docentes deben\" width=\"369\" height=\"191\" style=\"display: block; margin-left: auto; margin-right: auto;\" \/><\/p>\n<p class=\"x_MsoNormal\" style=\"text-align: justify;\"><span style=\"font-size: 14pt; font-family: arial, helvetica, sans-serif;\">La Direcci\u00f3n General de Escuelas Preparatorias (DGEP) y la Direcci\u00f3n General de Bibliotecas, de la Universidad Aut\u00f3noma de Sinaloa (UAS), llevaron a cabo v\u00eda Zoom la conferencia \u201cDocencia en Tiempos Digitales\u201d a cargo de la especialista Silvina Casablancas de la Universidad Nacional de Luj\u00e1n, Argentina, quien enfatiz\u00f3 que hoy en d\u00eda no basta con que el docente deba adquirir competencias tecnol\u00f3gicas, sino que debe adaptar su rol.<\/span><\/p>\n<p style=\"text-align: justify;\">&nbsp;<\/p>\n<p class=\"x_MsoNormal\" style=\"text-align: justify;\"><span style=\"font-size: 14pt; font-family: arial, helvetica, sans-serif;\">Ante decenas de docentes universitarios conectados a la plataforma digital, la doctora en pedagog\u00eda con especializaci\u00f3n en Tecnolog\u00eda Educativa se\u00f1al\u00f3 que los profesores, adem\u00e1s de tener que adaptar las metodolog\u00edas de ense\u00f1anza al nuevo entorno, tienen ante s\u00ed el reto de adquirir conocimientos, habilidades y actitudes digitales que motiven al alumnado a hacer un uso cr\u00edtico de la tecnolog\u00eda no solo en el aula, sino tambi\u00e9n en casa, en su vida social y en sus entornos de ocio, ya que solo as\u00ed estar\u00e1n contribuyendo a construir una respuesta colectiva e ilusionante a los restos que hoy plantea a la educaci\u00f3n la era digital.<\/span><\/p>\n<p style=\"text-align: justify;\">&nbsp;<\/p>\n<p class=\"x_MsoNormal\" style=\"text-align: justify;\"><span style=\"font-size: 14pt; font-family: arial, helvetica, sans-serif;\">Expres\u00f3 que los docentes, al igual que el alumnado, deben aprender a ser competentes digitales, pero m\u00e1s importante a\u00fan, deben adaptar sus competencias docentes a un mundo digitalizado.<\/span><\/p>\n<p style=\"text-align: justify;\">&nbsp;<\/p>\n<p class=\"x_MsoNormal\" style=\"text-align: justify;\"><span style=\"font-size: 14pt; font-family: arial, helvetica, sans-serif;\">\u201cYo los invito a que reconfiguremos los tiempos y las secuencias, la clase ya no es solamente el punto de encuentro, por lo que debemos pensar la clase ahora dividida en distintas secuencias, por ejemplo, algo para hacer antes del encuentro virtual, algo que hagamos durante el encuentro sincr\u00f3nico virtual, algo que quede para despu\u00e9s de ese encuentro. La clase es una sola, solo que la estamos dividiendo en diferentes secuencias temporales asociadas a una determinada actividad\u201d, puntualiz\u00f3.<\/span><\/p>\n<p style=\"text-align: justify;\">&nbsp;<\/p>\n<p class=\"x_MsoNormal\" style=\"text-align: justify;\"><span style=\"font-size: 14pt; font-family: arial, helvetica, sans-serif;\">Silvina Casablancas manifest\u00f3 tambi\u00e9n que las tecnolog\u00edas digitales y la democratizaci\u00f3n en el uso de Internet han provocado que una gran parte de las actualizaciones humanas se hayan visto, de una u otra manera, digitalizadas. En este sentido, dijo, la red de redes tambi\u00e9n ha influido en la manera de aprender y, por lo tanto, en la manera de ense\u00f1ar.<\/span><\/p>\n<p style=\"text-align: justify;\">&nbsp;<\/p>\n<p class=\"x_MsoNormal\" style=\"text-align: justify;\"><span style=\"font-size: 14pt; font-family: arial, helvetica, sans-serif;\">Manifest\u00f3 que los j\u00f3venes nativos digitales deben recibir una educaci\u00f3n acorde a sus necesidades y, en un contexto desordenado, nebuloso, informal y ca\u00f3tico, se ha convertido en necesario repensar la forma en que se dise\u00f1a la ense\u00f1anza y se transforma la arquitectura de los centros educativos en espacios abiertos y transparentes, que tengan m\u00e1s forma de sala de estar que de aula con sus pupitres.<\/span><\/p>\n<p style=\"text-align: justify;\">&nbsp;<\/p>\n<p class=\"x_MsoNormal\" style=\"text-align: justify;\"><span style=\"font-size: 14pt; font-family: arial, helvetica, sans-serif;\">As\u00ed mismo la experta en tecnolog\u00eda educativa apunt\u00f3 que el alumnado se ha desarrollado en un contexto digital por lo que el profesorado debe adecuarse a su forma de actuar y de concebir el aprendizaje, por lo que el docente tambi\u00e9n debe digitalizarse y ser competente digital.<\/span><\/p>\n<p style=\"text-align: justify;\">&nbsp;<\/p>\n<p style=\"text-align: justify;\">&nbsp;<\/p>\n<p style=\"text-align: justify;\"><span style=\"font-size: 14pt; font-family: arial, helvetica, sans-serif;\">REDACCI\u00d3N\/VISI\u00d3N CIUDADANA.<\/span><\/p>\n<div style=\"text-align: justify;\"><span style=\"font-size: 14pt; font-family: arial, helvetica, sans-serif;\"><\/span><\/div>\n","protected":false},"excerpt":{"rendered":"<p>La Direcci\u00f3n General de Escuelas Preparatorias (DGEP) y la Direcci\u00f3n General de Bibliotecas, de la Universidad Aut\u00f3noma de Sinaloa (UAS), llevaron a cabo v\u00eda Zoom la conferencia \u201cDocencia en Tiempos Digitales\u201d a cargo de la especialista Silvina Casablancas de la Universidad Nacional de Luj\u00e1n, Argentina, quien enfatiz\u00f3 que hoy en d\u00eda no basta con que [&hellip;]<\/p>\n","protected":false},"author":1,"featured_media":6726,"comment_status":"closed","ping_status":"closed","sticky":false,"template":"","format":"standard","meta":{"footnotes":""},"categories":[24],"tags":[],"ppma_author":[31],"class_list":["post-14905","post","type-post","status-publish","format-standard","has-post-thumbnail","hentry","category-relevantes"],"aioseo_notices":[],"authors":[{"term_id":31,"user_id":1,"is_guest":0,"slug":"ivan3vino","display_name":"Iv\u00e1n Trevi\u00f1o","avatar_url":{"url":"https:\/\/visionciudadana.com.mx\/oficial\/wp-content\/uploads\/2025\/09\/columna-ivan-Trevino.png","url2x":"https:\/\/visionciudadana.com.mx\/oficial\/wp-content\/uploads\/2025\/09\/columna-ivan-Trevino.png"},"0":null,"1":"","2":"","3":"","4":"","5":"","6":"","7":"","8":""}],"_links":{"self":[{"href":"https:\/\/visionciudadana.com.mx\/oficial\/wp-json\/wp\/v2\/posts\/14905","targetHints":{"allow":["GET"]}}],"collection":[{"href":"https:\/\/visionciudadana.com.mx\/oficial\/wp-json\/wp\/v2\/posts"}],"about":[{"href":"https:\/\/visionciudadana.com.mx\/oficial\/wp-json\/wp\/v2\/types\/post"}],"author":[{"embeddable":true,"href":"https:\/\/visionciudadana.com.mx\/oficial\/wp-json\/wp\/v2\/users\/1"}],"replies":[{"embeddable":true,"href":"https:\/\/visionciudadana.com.mx\/oficial\/wp-json\/wp\/v2\/comments?post=14905"}],"version-history":[{"count":1,"href":"https:\/\/visionciudadana.com.mx\/oficial\/wp-json\/wp\/v2\/posts\/14905\/revisions"}],"predecessor-version":[{"id":31406,"href":"https:\/\/visionciudadana.com.mx\/oficial\/wp-json\/wp\/v2\/posts\/14905\/revisions\/31406"}],"wp:featuredmedia":[{"embeddable":true,"href":"https:\/\/visionciudadana.com.mx\/oficial\/wp-json\/wp\/v2\/posts\/6726"}],"wp:attachment":[{"href":"https:\/\/visionciudadana.com.mx\/oficial\/wp-json\/wp\/v2\/media?parent=14905"}],"wp:term":[{"taxonomy":"category","embeddable":true,"href":"https:\/\/visionciudadana.com.mx\/oficial\/wp-json\/wp\/v2\/categories?post=14905"},{"taxonomy":"post_tag","embeddable":true,"href":"https:\/\/visionciudadana.com.mx\/oficial\/wp-json\/wp\/v2\/tags?post=14905"},{"taxonomy":"author","embeddable":true,"href":"https:\/\/visionciudadana.com.mx\/oficial\/wp-json\/wp\/v2\/ppma_author?post=14905"}],"curies":[{"name":"wp","href":"https:\/\/api.w.org\/{rel}","templated":true}]}}