{"id":14891,"date":"2021-02-13T06:37:56","date_gmt":"2021-02-13T06:37:56","guid":{"rendered":"https:\/\/visionciudadana.com.mx\/prueba\/2021\/02\/13\/aprueba-consejo-universitario-dar-cobertura-al-100-de-aspirantes-a-preparatorias\/"},"modified":"2025-06-25T00:32:26","modified_gmt":"2025-06-25T00:32:26","slug":"aprueba-consejo-universitario-dar-cobertura-al-100-de-aspirantes-a-preparatorias","status":"publish","type":"post","link":"https:\/\/visionciudadana.com.mx\/oficial\/2021\/02\/13\/aprueba-consejo-universitario-dar-cobertura-al-100-de-aspirantes-a-preparatorias\/","title":{"rendered":"Aprueba Consejo Universitario dar cobertura al 100% de aspirantes  a preparatorias"},"content":{"rendered":"<p><img fetchpriority=\"high\" decoding=\"async\" src=\"images\/Feb21\/aprueba_consejo.PNG\" alt=\"aprueba consejo\" width=\"381\" height=\"202\" style=\"display: block; margin-left: auto; margin-right: auto;\" \/><\/p>\n<p class=\"x_MsoNormal\" style=\"text-align: justify;\" align=\"right\"><span style=\"font-size: 14pt; font-family: arial, helvetica, sans-serif;\">El H. Consejo Universitario, m\u00e1ximo \u00f3rgano de gobierno de la Universidad Aut\u00f3noma de Sinaloa (UAS), en Sesi\u00f3n Ordinaria declarada permanente, aprob\u00f3 dar cobertura al 100 por ciento de los aspirantes a ingresar al nivel medio superior y no aplicar el Examen CENEVAL de Admisi\u00f3n en este nivel, como se realiz\u00f3 el ciclo anterior.<\/span><\/p>\n<p style=\"text-align: justify;\">&nbsp;<\/p>\n<p class=\"x_MsoNormal\" style=\"text-align: justify;\"><span style=\"font-size: 14pt; font-family: arial, helvetica, sans-serif;\">Reunidos de manera virtual, el Rector, doctor Juan Eulogio Guerra Liera, en su car\u00e1cter de presidente del Consejo propuso que en el marco de la contingencia sanitaria que se vive y como se hizo el ciclo anterior, dispensar, es decir, no realizar el examen CENEVAL para ingreso al nivel medio superior y que se asuma la cobertura del 100 por ciento.<\/span><\/p>\n<p style=\"text-align: justify;\">&nbsp;<\/p>\n<p class=\"x_MsoNormal\" style=\"text-align: justify;\"><span style=\"font-size: 14pt; font-family: arial, helvetica, sans-serif;\">\u201cUn examen presencial en estas condiciones no podemos realizarlo, no hay condiciones, ni para el nivel medio superior ni superior (\u2026) la Universidad Aut\u00f3noma de Sinaloa se ha distinguido por tener en los \u00faltimos a\u00f1os el cien por ciento de cobertura, la propuesta es que no se realice el CENEVAL, que sobre la marcha, cuando haya condiciones podamos realizar un examen diagn\u00f3stico y que este examen nos permita ubicar en qu\u00e9 situaci\u00f3n est\u00e1n, cu\u00e1l ha sido su evoluci\u00f3n y detectar cu\u00e1les son las \u00e1reas de oportunidad de nuestros alumnos del nivel medio superior\u201d, expuso Guerra Liera.<\/span><\/p>\n<p style=\"text-align: justify;\">&nbsp;<\/p>\n<p class=\"x_MsoNormal\" style=\"text-align: justify;\"><span style=\"font-size: 14pt; font-family: arial, helvetica, sans-serif;\">Luego de la votaci\u00f3n por parte de los consejeros avalando la propuesta, el Rector reiter\u00f3 \u201cno hay examen CENEVAL ni presencial, ni virtual, para el nivel medio superior (\u2026) &nbsp;y adem\u00e1s de nuevo asumimos el ingreso del 100 por ciento del nivel medio superior en cada una de nuestras ofertas educativas de este nivel\u201d.<\/span><\/p>\n<p style=\"text-align: justify;\">&nbsp;<\/p>\n<p class=\"x_MsoNormal\" style=\"text-align: justify;\"><span style=\"font-size: 14pt; font-family: arial, helvetica, sans-serif;\">De igual forma el Consejo en pleno aprob\u00f3 modificar la fecha del examen de ingreso al nivel superior, la cual originalmente era el s\u00e1bado 22 de mayo y ahora ser\u00e1 el jueves 20 y viernes 21 de mayo y se realizar\u00e1 en la Modalidad en l\u00ednea \u201cDesde casa\u201d.&nbsp;<\/span><\/p>\n<p style=\"text-align: justify;\">&nbsp;<\/p>\n<p class=\"x_MsoNormal\" style=\"text-align: justify;\"><span style=\"font-size: 14pt; font-family: arial, helvetica, sans-serif;\">El Rector expuso que para el nuevo Ciclo Escolar 2021-2022 la Universidad liberar\u00e1 77 mil 860 fichas, de ellas 33 mil 75 para nivel bachillerato y 44 mil 785 para el nivel licenciatura, lo que representa un 5 por ciento m\u00e1s de fichas que el ciclo anterior.<\/span><\/p>\n<p style=\"text-align: justify;\">&nbsp;<\/p>\n<p class=\"x_MsoNormal\" style=\"text-align: justify;\"><span style=\"font-size: 14pt; font-family: arial, helvetica, sans-serif;\">En esta sesi\u00f3n el Rector inform\u00f3 a los consejeros del Proceso de Admisi\u00f3n 2021-2022, de la emisi\u00f3n de la convocatoria correspondiente, de los resultados del Grupo A de Medicina, as\u00ed como del Curso de Preparaci\u00f3n para el EXANI II en el \u00e1rea de la salud que est\u00e1 ofreciendo la Universidad.<\/span><\/p>\n<p style=\"text-align: justify;\">&nbsp;<\/p>\n<p class=\"x_MsoNormal\" style=\"text-align: justify;\"><span style=\"font-size: 14pt; font-family: arial, helvetica, sans-serif;\">As\u00ed mismo, detall\u00f3 que la instituci\u00f3n mantendr\u00e1 la reducci\u00f3n de cuotas hasta en un 50 por ciento llegado el momento de inscripci\u00f3n, como una forma de apoyo a la econom\u00eda de las familias sinaloenses.<\/span><\/p>\n<p style=\"text-align: justify;\">&nbsp;<\/p>\n<p class=\"x_MsoNormal\" style=\"text-align: justify;\"><span style=\"font-size: 14pt; font-family: arial, helvetica, sans-serif;\">Entre los temas expuestos por el Rector, en el punto de Asuntos Institucionales inform\u00f3 de las acciones que mantiene la Universidad en el marco de la pandemia como son los 30 ultracongeladores que puso a disposici\u00f3n de las autoridades para el resguardo de la vacuna contra COVID-19, los 2 mil 641 brigadistas universitarios que son voluntarios para aplicar la vacuna, los ocho espacios universitarios propuestos como centros de vacunaci\u00f3n, as\u00ed como de los insumos que se han seguido entregando a la comunidad universitaria, tambi\u00e9n les detall\u00f3 la intensa gesti\u00f3n para el cierre de 2020 y c\u00f3mo se logr\u00f3 el pago de las dos quincenas del mes de enero de 2021.<\/span><\/p>\n<p style=\"text-align: justify;\">&nbsp;<\/p>\n<p class=\"x_MsoNormal\" style=\"text-align: justify;\"><span style=\"font-size: 14pt; font-family: arial, helvetica, sans-serif;\">El Rector tambi\u00e9n comunic\u00f3 de los logros acad\u00e9micos y deportivos que la instituci\u00f3n ha obtenido a trav\u00e9s de sus alumnos y docentes, como son las medallas de oro, plata y bronce en las olimpiadas nacionales de Qu\u00edmica, Biolog\u00eda, F\u00edsica y Matem\u00e1ticas; la acreditaci\u00f3n de cuatro programas educativos, el ingreso de otros cuatro al PNPC de CONACyT y el refrendo de 13 programas m\u00e1s en este padr\u00f3n de calidad.<\/span><\/p>\n<p style=\"text-align: justify;\">&nbsp;<\/p>\n<p class=\"x_MsoNormal\" style=\"text-align: justify;\"><span style=\"font-size: 14pt; font-family: arial, helvetica, sans-serif;\">\u201cEstos logros del nivel medio y superior implican un gran trabajo de los docentes, estudiantes, personal administrativo y esto nos permite refrendar la calidad de la educaci\u00f3n y de los servicios y mantener a la instituci\u00f3n como una de las mejores del pa\u00eds\u201d, dijo.<\/span><\/p>\n<p style=\"text-align: justify;\">&nbsp;<\/p>\n<p class=\"x_MsoNormal\" style=\"text-align: justify;\"><span style=\"font-size: 14pt; font-family: arial, helvetica, sans-serif;\">Igualmente inform\u00f3 del nombramiento de nuevos funcionarios en las \u00e1reas de Secretar\u00eda General, Sueldos y Salarios y el Programa del Mejoramiento del Profesorado y que del 8 al 12 de febrero se llevar\u00e1 a cabo la Auditor\u00eda Externa de Renovaci\u00f3n al Sistema de Gesti\u00f3n Ambiental, adem\u00e1s reconoci\u00f3 a las \u00e1reas de Editorial UAS y Bienestar Universitario por el destacado desempe\u00f1o de sus m\u00faltiples actividades virtuales en esta pandemia.<\/span><\/p>\n<p style=\"text-align: justify;\">&nbsp;<\/p>\n<p class=\"x_MsoNormal\" style=\"text-align: justify;\"><span style=\"font-size: 14pt; font-family: arial, helvetica, sans-serif;\">El Consejo Universitario aprob\u00f3 tambi\u00e9n que la instituci\u00f3n haga un posicionamiento p\u00fablico para expresar su indignaci\u00f3n y una en\u00e9rgica condena por el feminicidio de Mariana S\u00e1nchez D\u00e1valos, pasante de la Licenciatura en Medicina de la Universidad Aut\u00f3noma de Chiapas el pasado 28 de enero en Ocosingo, Chiapas, en el cual se rechacen estas acciones que da\u00f1an a la sociedad, que se investigue y se llegue a las \u00faltimas consecuencias.<\/span><\/p>\n<p style=\"text-align: justify;\">&nbsp;<\/p>\n<p class=\"x_MsoNormal\" style=\"text-align: justify;\"><span style=\"font-size: 14pt; font-family: arial, helvetica, sans-serif;\">Otro acuerdo de los consejeros fue otorgar el Grado Doctorado Honoris Causa al maestro universitario y reconocido escritor \u00c9lmer Mendoza, distinci\u00f3n que se realizar\u00e1 de manera virtual.<\/span><\/p>\n<p style=\"text-align: justify;\">&nbsp;<\/p>\n<p class=\"x_MsoNormal\" style=\"text-align: justify;\"><span style=\"font-size: 14pt; font-family: arial, helvetica, sans-serif;\">En el punto de Asuntos Acad\u00e9micos se aprob\u00f3 la reedici\u00f3n de la Especialidad en Endodoncia; de la Maestr\u00eda en Ciencias Econ\u00f3micas y Sociales;&nbsp;y del Doctorado en Ciencias de la Nutrici\u00f3n; y se dio el nombramiento de los nuevos responsables de las comisiones de Asuntos Acad\u00e9micos,&nbsp;Comisi\u00f3n de Honor y Justicia y de Validaci\u00f3n de Estudios y Becas de este Consejo Universitario, mientras que en Asuntos Generales se aprob\u00f3 al doctor Alfredo Rubio Figueroa como encargado de la direcci\u00f3n de la Facultad de Medicina por un periodo m\u00e1ximo al que se convoc\u00f3 2021-2022.<\/span><\/p>\n<p style=\"text-align: justify;\">&nbsp;<\/p>\n<p class=\"x_MsoNormal\" style=\"text-align: justify;\"><span style=\"font-size: 14pt; font-family: arial, helvetica, sans-serif;\">Durante la clausura de la Sesi\u00f3n el Rector reiter\u00f3 el llamado a los universitarios a que reflexionen sobre el gran compromiso que hasta hoy han venido realizando, a que se cuiden en esta pandemia, a realizar las compras necesarias en horas que no haya mucha gente, a cuidarse porque la Universidad los necesita y a cuidar a sus familias.<\/span><\/p>\n<p style=\"text-align: justify;\">&nbsp;<\/p>\n<p style=\"text-align: justify;\"><span style=\"font-size: 14pt; font-family: arial, helvetica, sans-serif;\">REDACCI\u00d3N\/VISI\u00d3N CIUDADANA.<\/span><\/p>\n","protected":false},"excerpt":{"rendered":"<p>El H. Consejo Universitario, m\u00e1ximo \u00f3rgano de gobierno de la Universidad Aut\u00f3noma de Sinaloa (UAS), en Sesi\u00f3n Ordinaria declarada permanente, aprob\u00f3 dar cobertura al 100 por ciento de los aspirantes a ingresar al nivel medio superior y no aplicar el Examen CENEVAL de Admisi\u00f3n en este nivel, como se realiz\u00f3 el ciclo anterior. &nbsp; Reunidos [&hellip;]<\/p>\n","protected":false},"author":1,"featured_media":6710,"comment_status":"closed","ping_status":"closed","sticky":false,"template":"","format":"standard","meta":{"footnotes":""},"categories":[13],"tags":[],"ppma_author":[31],"class_list":["post-14891","post","type-post","status-publish","format-standard","has-post-thumbnail","hentry","category-locales"],"aioseo_notices":[],"authors":[{"term_id":31,"user_id":1,"is_guest":0,"slug":"ivan3vino","display_name":"Iv\u00e1n Trevi\u00f1o","avatar_url":{"url":"https:\/\/visionciudadana.com.mx\/oficial\/wp-content\/uploads\/2025\/09\/columna-ivan-Trevino.png","url2x":"https:\/\/visionciudadana.com.mx\/oficial\/wp-content\/uploads\/2025\/09\/columna-ivan-Trevino.png"},"0":null,"1":"","2":"","3":"","4":"","5":"","6":"","7":"","8":""}],"_links":{"self":[{"href":"https:\/\/visionciudadana.com.mx\/oficial\/wp-json\/wp\/v2\/posts\/14891","targetHints":{"allow":["GET"]}}],"collection":[{"href":"https:\/\/visionciudadana.com.mx\/oficial\/wp-json\/wp\/v2\/posts"}],"about":[{"href":"https:\/\/visionciudadana.com.mx\/oficial\/wp-json\/wp\/v2\/types\/post"}],"author":[{"embeddable":true,"href":"https:\/\/visionciudadana.com.mx\/oficial\/wp-json\/wp\/v2\/users\/1"}],"replies":[{"embeddable":true,"href":"https:\/\/visionciudadana.com.mx\/oficial\/wp-json\/wp\/v2\/comments?post=14891"}],"version-history":[{"count":1,"href":"https:\/\/visionciudadana.com.mx\/oficial\/wp-json\/wp\/v2\/posts\/14891\/revisions"}],"predecessor-version":[{"id":31408,"href":"https:\/\/visionciudadana.com.mx\/oficial\/wp-json\/wp\/v2\/posts\/14891\/revisions\/31408"}],"wp:featuredmedia":[{"embeddable":true,"href":"https:\/\/visionciudadana.com.mx\/oficial\/wp-json\/wp\/v2\/posts\/6710"}],"wp:attachment":[{"href":"https:\/\/visionciudadana.com.mx\/oficial\/wp-json\/wp\/v2\/media?parent=14891"}],"wp:term":[{"taxonomy":"category","embeddable":true,"href":"https:\/\/visionciudadana.com.mx\/oficial\/wp-json\/wp\/v2\/categories?post=14891"},{"taxonomy":"post_tag","embeddable":true,"href":"https:\/\/visionciudadana.com.mx\/oficial\/wp-json\/wp\/v2\/tags?post=14891"},{"taxonomy":"author","embeddable":true,"href":"https:\/\/visionciudadana.com.mx\/oficial\/wp-json\/wp\/v2\/ppma_author?post=14891"}],"curies":[{"name":"wp","href":"https:\/\/api.w.org\/{rel}","templated":true}]}}