{"id":14889,"date":"2021-02-13T06:32:55","date_gmt":"2021-02-13T06:32:55","guid":{"rendered":"https:\/\/visionciudadana.com.mx\/prueba\/2021\/02\/13\/legislamos-con-activa-participacion-ciudadana-graciela-dominguez\/"},"modified":"2025-06-25T00:32:27","modified_gmt":"2025-06-25T00:32:27","slug":"legislamos-con-activa-participacion-ciudadana-graciela-dominguez","status":"publish","type":"post","link":"https:\/\/visionciudadana.com.mx\/oficial\/2021\/02\/13\/legislamos-con-activa-participacion-ciudadana-graciela-dominguez\/","title":{"rendered":"Legislamos con activa participaci\u00f3n ciudadana: Graciela Dom\u00ednguez"},"content":{"rendered":"<p>&nbsp;<\/p>\n<div>&nbsp;<img fetchpriority=\"high\" decoding=\"async\" src=\"images\/Feb21\/graxiela_d.PNG\" alt=\"graxiela d\" width=\"415\" height=\"226\" style=\"display: block; margin-left: auto; margin-right: auto;\" \/><\/div>\n<div>&nbsp;<\/div>\n<div style=\"text-align: justify;\"><span style=\"font-size: 14pt; font-family: arial, helvetica, sans-serif;\">La Sesenta y Tres Legislatura le ha apostado a escuchar e incluir las opiniones de los diversos sectores sociales en la elaboraci\u00f3n de reformas y nuevas leyes, y a resolver las problem\u00e1ticas de pensionados y jubilados, personal m\u00e9dico y qu\u00edmicos con precarios salarios y de quienes son desplazados por violencia, asegur\u00f3 la diputada Graciela Dom\u00ednguez Nava.<\/span><\/div>\n<div style=\"text-align: justify;\">&nbsp;<\/div>\n<div style=\"text-align: justify;\">&nbsp;<\/div>\n<div style=\"text-align: justify;\"><span style=\"font-size: 14pt; font-family: arial, helvetica, sans-serif;\">En entrevista, la presidenta de la Junta de Coordinaci\u00f3n Pol\u00edtica del Congreso del Estado de Sinaloa, puntualiz\u00f3 que las diputadas y diputados de la actual Legislatura no le han apostado a la tradicional forma de evaluar num\u00e9ricamente a los Congresos, en el sentido de sumar cu\u00e1ntas nuevas leyes y reformas se aprueban.<\/span><\/div>\n<div style=\"text-align: justify;\">&nbsp;<\/div>\n<div style=\"text-align: justify;\">&nbsp;<\/div>\n<div style=\"text-align: justify;\"><span style=\"font-size: 14pt; font-family: arial, helvetica, sans-serif;\">\u201cLe apostamos dedicarle m\u00e1s tiempo a construir nuevas leyes y nuevas reformas con el consenso m\u00e1s amplio de los sectores involucrados\u201d, afirm\u00f3 la tambi\u00e9n coordinadora del grupo parlamentario de Morena.<\/span><\/div>\n<div style=\"text-align: justify;\">&nbsp;<\/div>\n<div style=\"text-align: justify;\">&nbsp;<\/div>\n<div style=\"text-align: justify;\"><span style=\"font-size: 14pt; font-family: arial, helvetica, sans-serif;\">Incluso calific\u00f3 como algo hist\u00f3rico el consenso logrado entre los distintos Grupos Parlamentarios para definir una agenda com\u00fan y as\u00ed sacar adelante nuevas leyes e importantes reformas.<\/span><\/div>\n<div style=\"text-align: justify;\">&nbsp;<\/div>\n<div style=\"text-align: justify;\">&nbsp;<\/div>\n<div style=\"text-align: justify;\"><span style=\"font-size: 14pt; font-family: arial, helvetica, sans-serif;\">Como ejemplo de ello cit\u00f3 la reforma a la Ley de Pensiones del Estado de Sinaloa, que se hizo con la participaci\u00f3n no s\u00f3lo de los trabajadores al servicio del estado, sino del mismo Ejecutivo estatal.<\/span><\/div>\n<div style=\"text-align: justify;\">&nbsp;<\/div>\n<div style=\"text-align: justify;\">&nbsp;<\/div>\n<div style=\"text-align: justify;\"><span style=\"font-size: 14pt; font-family: arial, helvetica, sans-serif;\">De igual manera resalt\u00f3 la aprobaci\u00f3n de los tres \u00faltimos presupuestos estatales, ya que se les dio una reorientaci\u00f3n para atender problem\u00e1ticas de sectores vulnerables y para resolver rezagos de derechos laborales.<\/span><\/div>\n<div style=\"text-align: justify;\">&nbsp;<\/div>\n<div style=\"text-align: justify;\">&nbsp;<\/div>\n<div style=\"text-align: justify;\"><span style=\"font-size: 14pt; font-family: arial, helvetica, sans-serif;\">Entre estos logros cit\u00f3 la asignaci\u00f3n de una partida presupuestal que permite a los qu\u00edmicos del sector salud tener un mejor ingreso, acorde a la funci\u00f3n que desempe\u00f1an, pues se les ven\u00eda pagando como t\u00e9cnicos.<\/span><\/div>\n<div style=\"text-align: justify;\">&nbsp;<\/div>\n<div style=\"text-align: justify;\">&nbsp;<\/div>\n<div style=\"text-align: justify;\"><span style=\"font-size: 14pt; font-family: arial, helvetica, sans-serif;\">Del mismo sector Salud agreg\u00f3 que se destin\u00f3 otra partida presupuestal para incrementar los sueldos de personal que se conoce como precario, precisamente por los bajos ingresos que perciben.<\/span><\/div>\n<div style=\"text-align: justify;\">&nbsp;<\/div>\n<div style=\"text-align: justify;\">&nbsp;<\/div>\n<div style=\"text-align: justify;\"><span style=\"font-size: 14pt; font-family: arial, helvetica, sans-serif;\">A\u00f1adi\u00f3 a los jubilados y pensionados del sector educativo federalizado que recib\u00edan un aguinaldo menor a los trabajadores en activo y ahora reciben la misma cantidad de d\u00edas que contempla esta prestaci\u00f3n laboral.<\/span><\/div>\n<div style=\"text-align: justify;\">&nbsp;<\/div>\n<div style=\"text-align: justify;\">&nbsp;<\/div>\n<div style=\"text-align: justify;\"><span style=\"font-size: 14pt; font-family: arial, helvetica, sans-serif;\">Pero tambi\u00e9n, aclar\u00f3, se ha atendido a los sectores desprotegidos por causas de la violencia, que han sido desplazados de sus hogares, y con lo cual se sent\u00f3 un precedente, pues no s\u00f3lo se ha asignado presupuesto para atenderles, sino que se elabor\u00f3 una ley para garantizar su atenci\u00f3n.<\/span><\/div>\n<div style=\"text-align: justify;\">&nbsp;<\/div>\n<div style=\"text-align: justify;\">&nbsp;<\/div>\n<div style=\"text-align: justify;\">&nbsp;<\/div>\n<div style=\"text-align: justify;\"><span style=\"font-size: 14pt; font-family: arial, helvetica, sans-serif;\">De las muchas reformas que se han aprobado por consenso y con las opiniones y propuestas de los sectores sociales involucrados, la diputada Graciela Dom\u00ednguez cit\u00f3 las modificaciones a distintas leyes y al C\u00f3digo Penal para castigar el maltrato a los animales.<\/span><\/div>\n<div style=\"text-align: justify;\">&nbsp;<\/div>\n<div style=\"text-align: justify;\">&nbsp;<\/div>\n<div style=\"text-align: justify;\"><span style=\"font-size: 14pt; font-family: arial, helvetica, sans-serif;\">\u201cSe manejaron temas muy importantes para que se aumenten las penas, sanciones, tanto administrativas como penales; se puedan sancionar las peleas de perros\u2026 queremos que haya una ley que le d\u00e9 las condiciones a la autoridad, en este caso la Fiscal\u00eda, para actuar\u201d.<\/span><\/div>\n<div style=\"text-align: justify;\">&nbsp;<\/div>\n<div style=\"text-align: justify;\">&nbsp;<\/div>\n<div style=\"text-align: justify;\"><span style=\"font-size: 14pt; font-family: arial, helvetica, sans-serif;\">Asimismo, dijo, se avanza en la elaboraci\u00f3n de una nueva y moderna ley para el propio Congreso del Estado, que ya no tenga los vac\u00edos jur\u00eddicos de la Ley Org\u00e1nica vigente.<\/span><\/div>\n<div style=\"text-align: justify;\">&nbsp;<\/div>\n<div style=\"text-align: justify;\">&nbsp;<\/div>\n<div style=\"text-align: justify;\"><span style=\"font-size: 14pt; font-family: arial, helvetica, sans-serif;\">La diputada tambi\u00e9n destac\u00f3 la Ley de Fomento Ap\u00edcola aprobada este jueves 11 de febrero, la cual surgi\u00f3 con el consenso de todos los diputados y diputadas y con el de los sectores productivos involucrados en la materia.<\/span><\/div>\n<div style=\"text-align: justify;\">&nbsp;<\/div>\n<div style=\"text-align: justify;\">&nbsp;<\/div>\n<div style=\"text-align: justify;\"><span style=\"font-size: 14pt; font-family: arial, helvetica, sans-serif;\">Esta ley de es de gran relevancia porque nos estamos colocando a nivel nacional con una legislaci\u00f3n de vanguardia porque se est\u00e1n protegiendo a las abejas, las cuales tienen una gran importancia en el equilibrio de los ecosistemas, enfatiz\u00f3 la diputada.&nbsp;<\/span><\/div>\n<div style=\"text-align: justify;\">&nbsp;<\/div>\n<div style=\"text-align: justify;\">&nbsp;<\/div>\n<div style=\"text-align: justify;\"><span style=\"font-size: 14pt; font-family: arial, helvetica, sans-serif;\">Entre los temas importantes aprobados, la diputada tambi\u00e9n destac\u00f3 la de la Ley de Amnist\u00eda del Estado de Sinaloa, que beneficiar\u00e1 a personas vulnerables.<\/span><\/div>\n<div style=\"text-align: justify;\">&nbsp;<\/div>\n<div style=\"text-align: justify;\">&nbsp;<\/div>\n<div style=\"text-align: justify;\"><span style=\"font-size: 14pt; font-family: arial, helvetica, sans-serif;\">REDACCI\u00d3N\/VISI\u00d3N CIUDADANA.<\/span><\/div>\n","protected":false},"excerpt":{"rendered":"<p>&nbsp; &nbsp; &nbsp; La Sesenta y Tres Legislatura le ha apostado a escuchar e incluir las opiniones de los diversos sectores sociales en la elaboraci\u00f3n de reformas y nuevas leyes, y a resolver las problem\u00e1ticas de pensionados y jubilados, personal m\u00e9dico y qu\u00edmicos con precarios salarios y de quienes son desplazados por violencia, asegur\u00f3 la [&hellip;]<\/p>\n","protected":false},"author":1,"featured_media":6706,"comment_status":"closed","ping_status":"closed","sticky":false,"template":"","format":"standard","meta":{"footnotes":""},"categories":[24],"tags":[],"ppma_author":[31],"class_list":["post-14889","post","type-post","status-publish","format-standard","has-post-thumbnail","hentry","category-relevantes"],"aioseo_notices":[],"authors":[{"term_id":31,"user_id":1,"is_guest":0,"slug":"ivan3vino","display_name":"Iv\u00e1n Trevi\u00f1o","avatar_url":{"url":"https:\/\/visionciudadana.com.mx\/oficial\/wp-content\/uploads\/2025\/09\/columna-ivan-Trevino.png","url2x":"https:\/\/visionciudadana.com.mx\/oficial\/wp-content\/uploads\/2025\/09\/columna-ivan-Trevino.png"},"0":null,"1":"","2":"","3":"","4":"","5":"","6":"","7":"","8":""}],"_links":{"self":[{"href":"https:\/\/visionciudadana.com.mx\/oficial\/wp-json\/wp\/v2\/posts\/14889","targetHints":{"allow":["GET"]}}],"collection":[{"href":"https:\/\/visionciudadana.com.mx\/oficial\/wp-json\/wp\/v2\/posts"}],"about":[{"href":"https:\/\/visionciudadana.com.mx\/oficial\/wp-json\/wp\/v2\/types\/post"}],"author":[{"embeddable":true,"href":"https:\/\/visionciudadana.com.mx\/oficial\/wp-json\/wp\/v2\/users\/1"}],"replies":[{"embeddable":true,"href":"https:\/\/visionciudadana.com.mx\/oficial\/wp-json\/wp\/v2\/comments?post=14889"}],"version-history":[{"count":1,"href":"https:\/\/visionciudadana.com.mx\/oficial\/wp-json\/wp\/v2\/posts\/14889\/revisions"}],"predecessor-version":[{"id":31410,"href":"https:\/\/visionciudadana.com.mx\/oficial\/wp-json\/wp\/v2\/posts\/14889\/revisions\/31410"}],"wp:featuredmedia":[{"embeddable":true,"href":"https:\/\/visionciudadana.com.mx\/oficial\/wp-json\/wp\/v2\/posts\/6706"}],"wp:attachment":[{"href":"https:\/\/visionciudadana.com.mx\/oficial\/wp-json\/wp\/v2\/media?parent=14889"}],"wp:term":[{"taxonomy":"category","embeddable":true,"href":"https:\/\/visionciudadana.com.mx\/oficial\/wp-json\/wp\/v2\/categories?post=14889"},{"taxonomy":"post_tag","embeddable":true,"href":"https:\/\/visionciudadana.com.mx\/oficial\/wp-json\/wp\/v2\/tags?post=14889"},{"taxonomy":"author","embeddable":true,"href":"https:\/\/visionciudadana.com.mx\/oficial\/wp-json\/wp\/v2\/ppma_author?post=14889"}],"curies":[{"name":"wp","href":"https:\/\/api.w.org\/{rel}","templated":true}]}}