{"id":14881,"date":"2021-02-13T06:04:19","date_gmt":"2021-02-13T06:04:19","guid":{"rendered":"https:\/\/visionciudadana.com.mx\/prueba\/2021\/02\/13\/llama-cg-cesp-a-reforzar-prevencion-para-mantener-avances-en-seguridad\/"},"modified":"2025-06-25T00:32:27","modified_gmt":"2025-06-25T00:32:27","slug":"llama-cg-cesp-a-reforzar-prevencion-para-mantener-avances-en-seguridad","status":"publish","type":"post","link":"https:\/\/visionciudadana.com.mx\/oficial\/2021\/02\/13\/llama-cg-cesp-a-reforzar-prevencion-para-mantener-avances-en-seguridad\/","title":{"rendered":"Llama CG CESP a reforzar prevenci\u00f3n para mantener avances en seguridad"},"content":{"rendered":"<p><img fetchpriority=\"high\" decoding=\"async\" src=\"images\/vision_46.PNG\" alt=\"vision 46\" width=\"410\" height=\"234\" style=\"display: block; margin-left: auto; margin-right: auto;\" \/><\/p>\n<p style=\"text-align: justify;\"><span style=\"font-family: arial, helvetica, sans-serif; font-size: 12pt;\">El balance general en materia de incidencia delictiva de 2020 muestra que, en comparaci\u00f3n con 2019, Sinaloa registr\u00f3 avances en la disminuci\u00f3n de delitos de alto impacto, como el robo a banco que registr\u00f3 64% casos menos, el homicidio doloso 13% menos, el feminicidio 33% menos y el robo de veh\u00edculo disminuy\u00f3 18%.<\/span><\/p>\n<p class=\"x_MsoNormal\" style=\"text-align: justify;\"><span lang=\"ES-MX\" style=\"font-family: arial, helvetica, sans-serif; font-size: 12pt;\">Sin embargo, a poco m\u00e1s de 40 d\u00edas de iniciado el 2021, diversos hechos de alto impacto ocurridos en la entidad ponen en riesgo lo que se ha logrado en materia de seguridad, as\u00ed como la vida y el patrimonio de los sinaloenses, dijo el Coordinador General del Consejo Estatal de Seguridad P\u00fablica, Ricardo Jenny del Rinc\u00f3n.<\/span><\/p>\n<p class=\"x_MsoNormal\" style=\"text-align: justify;\"><span lang=\"ES-MX\" style=\"font-family: arial, helvetica, sans-serif; font-size: 12pt;\">Los principales hechos que prenden la alerta son los ataques a balazos ocurridos en la capital del estado, as\u00ed como el registro de seis feminicidios en la entidad, en promedio uno por semana, lo que debe ser un foco rojo para las autoridades.<\/span><\/p>\n<p class=\"x_MsoNormal\" style=\"text-align: justify;\"><span lang=\"ES-MX\" style=\"font-family: arial, helvetica, sans-serif; font-size: 12pt;\">Agreg\u00f3 que las primeras semanas del a\u00f1o ya dan una muestra de lo que puede dejar el 2021 en incidencia delictiva, pero adem\u00e1s hist\u00f3ricamente los a\u00f1os de cambio de gobierno traen consigo un repunte en violencia, por lo que llam\u00f3 a las autoridades a no bajar la guardia y reforzar las labores preventivas, de investigaci\u00f3n y persecuci\u00f3n del delito.<\/span><\/p>\n<p class=\"x_MsoNormal\" style=\"text-align: justify;\"><span lang=\"ES-MX\" style=\"font-family: arial, helvetica, sans-serif; font-size: 12pt;\">\u201cCerramos 2020 con resultados favorables en algunos delitos, se puede mejorar a\u00fan m\u00e1s si se toman acciones preventivas urgentes y necesarias\u201d, expuso.&nbsp;<\/span><\/p>\n<p class=\"x_MsoNormal\" style=\"text-align: justify;\"><span lang=\"ES-MX\" style=\"font-family: arial, helvetica, sans-serif; font-size: 12pt;\">Con base en las estad\u00edsticas de la \u00faltima d\u00e9cada, el homicidio doloso y la violencia familiar registran una mayor cantidad de casos durante los meses de mayo y junio, el robo de veh\u00edculo en los meses de enero y marzo, el robo a casa en junio y julio, mientras que el robo a comercio tiene un mayor registro de incidencia en marzo y septiembre.<\/span><\/p>\n<p class=\"x_MsoNormal\" style=\"text-align: justify;\"><span lang=\"ES-MX\" style=\"font-family: arial, helvetica, sans-serif; font-size: 12pt;\">Estos datos, sumados a los de colonias, horarios y d\u00edas en los que m\u00e1s se cometen los delitos, deben ser tomados en cuenta para que las autoridades ajusten el trabajo que realizan y evitar que repunte la violencia en la entidad.<\/span><\/p>\n<p class=\"x_MsoNormal\" style=\"text-align: justify;\"><span lang=\"ES-MX\" style=\"font-family: arial, helvetica, sans-serif; font-size: 12pt;\">El coordinador de este observatorio ciudadano agreg\u00f3 que en breve presentar\u00e1 un reporte especial sobre desaparici\u00f3n forzada, delito que dijo es el principal problema de seguridad en Sinaloa, considerando que sus cifras ya superan a las de homicidios dolosos.<\/span><\/p>\n<p style=\"text-align: justify;\">&nbsp;<\/p>\n<p style=\"text-align: justify;\">&nbsp;<\/p>\n<p style=\"text-align: justify;\"><span style=\"font-family: arial, helvetica, sans-serif; font-size: 12pt;\">REDACCI\u00d3N \/ visi\u00f3n ciudadana&nbsp;<\/span><\/p>\n","protected":false},"excerpt":{"rendered":"<p>El balance general en materia de incidencia delictiva de 2020 muestra que, en comparaci\u00f3n con 2019, Sinaloa registr\u00f3 avances en la disminuci\u00f3n de delitos de alto impacto, como el robo a banco que registr\u00f3 64% casos menos, el homicidio doloso 13% menos, el feminicidio 33% menos y el robo de veh\u00edculo disminuy\u00f3 18%. Sin embargo, [&hellip;]<\/p>\n","protected":false},"author":1,"featured_media":6690,"comment_status":"closed","ping_status":"closed","sticky":false,"template":"","format":"standard","meta":{"footnotes":""},"categories":[13],"tags":[],"ppma_author":[31],"class_list":["post-14881","post","type-post","status-publish","format-standard","has-post-thumbnail","hentry","category-locales"],"aioseo_notices":[],"authors":[{"term_id":31,"user_id":1,"is_guest":0,"slug":"ivan3vino","display_name":"Iv\u00e1n Trevi\u00f1o","avatar_url":{"url":"https:\/\/visionciudadana.com.mx\/oficial\/wp-content\/uploads\/2025\/09\/columna-ivan-Trevino.png","url2x":"https:\/\/visionciudadana.com.mx\/oficial\/wp-content\/uploads\/2025\/09\/columna-ivan-Trevino.png"},"0":null,"1":"","2":"","3":"","4":"","5":"","6":"","7":"","8":""}],"_links":{"self":[{"href":"https:\/\/visionciudadana.com.mx\/oficial\/wp-json\/wp\/v2\/posts\/14881","targetHints":{"allow":["GET"]}}],"collection":[{"href":"https:\/\/visionciudadana.com.mx\/oficial\/wp-json\/wp\/v2\/posts"}],"about":[{"href":"https:\/\/visionciudadana.com.mx\/oficial\/wp-json\/wp\/v2\/types\/post"}],"author":[{"embeddable":true,"href":"https:\/\/visionciudadana.com.mx\/oficial\/wp-json\/wp\/v2\/users\/1"}],"replies":[{"embeddable":true,"href":"https:\/\/visionciudadana.com.mx\/oficial\/wp-json\/wp\/v2\/comments?post=14881"}],"version-history":[{"count":1,"href":"https:\/\/visionciudadana.com.mx\/oficial\/wp-json\/wp\/v2\/posts\/14881\/revisions"}],"predecessor-version":[{"id":31418,"href":"https:\/\/visionciudadana.com.mx\/oficial\/wp-json\/wp\/v2\/posts\/14881\/revisions\/31418"}],"wp:featuredmedia":[{"embeddable":true,"href":"https:\/\/visionciudadana.com.mx\/oficial\/wp-json\/wp\/v2\/posts\/6690"}],"wp:attachment":[{"href":"https:\/\/visionciudadana.com.mx\/oficial\/wp-json\/wp\/v2\/media?parent=14881"}],"wp:term":[{"taxonomy":"category","embeddable":true,"href":"https:\/\/visionciudadana.com.mx\/oficial\/wp-json\/wp\/v2\/categories?post=14881"},{"taxonomy":"post_tag","embeddable":true,"href":"https:\/\/visionciudadana.com.mx\/oficial\/wp-json\/wp\/v2\/tags?post=14881"},{"taxonomy":"author","embeddable":true,"href":"https:\/\/visionciudadana.com.mx\/oficial\/wp-json\/wp\/v2\/ppma_author?post=14881"}],"curies":[{"name":"wp","href":"https:\/\/api.w.org\/{rel}","templated":true}]}}